{"id":108228,"date":"2024-08-01T12:26:48","date_gmt":"2024-08-01T17:26:48","guid":{"rendered":"https:\/\/www.noticiasperfil.com\/index\/?p=108228"},"modified":"2024-08-01T12:26:48","modified_gmt":"2024-08-01T17:26:48","slug":"logra-juan-javier-gomez-cazarin-reforma-politica-que-acorta-transicion-de-los-poderes-legislativo-y-ejecutivo-en-veracruz","status":"publish","type":"post","link":"https:\/\/www.noticiasperfil.com\/index\/2024\/08\/01\/logra-juan-javier-gomez-cazarin-reforma-politica-que-acorta-transicion-de-los-poderes-legislativo-y-ejecutivo-en-veracruz\/","title":{"rendered":"Logra Juan Javier G\u00f3mez Cazar\u00edn  reforma pol\u00edtica que acorta transici\u00f3n de los poderes Legislativo y Ejecutivo en Veracruz"},"content":{"rendered":"<p><img loading=\"lazy\" decoding=\"async\" data-attachment-id=\"108229\" data-permalink=\"https:\/\/www.noticiasperfil.com\/index\/2024\/08\/01\/logra-juan-javier-gomez-cazarin-reforma-politica-que-acorta-transicion-de-los-poderes-legislativo-y-ejecutivo-en-veracruz\/juan-javier-gomez-cazarin-102\/\" data-orig-file=\"https:\/\/i1.wp.com\/www.noticiasperfil.com\/index\/wp-content\/uploads\/2024\/08\/juan-javier-gomez-cazarin.jpg?fit=720%2C540&amp;ssl=1\" data-orig-size=\"720,540\" data-comments-opened=\"1\" data-image-meta=\"{&quot;aperture&quot;:&quot;0&quot;,&quot;credit&quot;:&quot;&quot;,&quot;camera&quot;:&quot;&quot;,&quot;caption&quot;:&quot;&quot;,&quot;created_timestamp&quot;:&quot;0&quot;,&quot;copyright&quot;:&quot;&quot;,&quot;focal_length&quot;:&quot;0&quot;,&quot;iso&quot;:&quot;0&quot;,&quot;shutter_speed&quot;:&quot;0&quot;,&quot;title&quot;:&quot;&quot;,&quot;orientation&quot;:&quot;0&quot;}\" data-image-title=\"juan-javier-gomez-cazarin\" data-image-description=\"\" data-medium-file=\"https:\/\/i1.wp.com\/www.noticiasperfil.com\/index\/wp-content\/uploads\/2024\/08\/juan-javier-gomez-cazarin.jpg?fit=660%2C365&amp;ssl=1\" data-large-file=\"https:\/\/i1.wp.com\/www.noticiasperfil.com\/index\/wp-content\/uploads\/2024\/08\/juan-javier-gomez-cazarin.jpg?fit=640%2C427&amp;ssl=1\" class=\"aligncenter size-full wp-image-108229\" src=\"https:\/\/i1.wp.com\/www.noticiasperfil.com\/index\/wp-content\/uploads\/2024\/08\/juan-javier-gomez-cazarin.jpg?resize=640%2C480&#038;ssl=1\" alt=\"\" width=\"640\" height=\"480\" data-recalc-dims=\"1\" \/><\/p>\n<ul>\n<li><em><strong>Con visi\u00f3n pol\u00edtica, el Presidente de la JUCOPO homologa, para el 2030, la instalaci\u00f3n de la Legislatura y Gubernatura en septiembre y octubre, respectivamente, al igual que a nivel federal.<\/strong><\/em><\/li>\n<\/ul>\n<p>Xalapa, Ver.- Con el voto un\u00e1nime de las diputadas, diputados y diputade presentes en la D\u00e9cima Sesi\u00f3n Ordinaria, el diputado Juan Javier G\u00f3mez Cazar\u00edn heredar\u00e1 a Veracruz una importante reforma pol\u00edtica por la que se acorta el actual periodo de transici\u00f3n de los poderes Legislativo y Ejecutivo, homologando de forma gradual las fechas con las establecidas por la Federaci\u00f3n.<\/p>\n<p>Los efectos de esta reforma surtir\u00e1n efecto a partir de 2027, cuando se acorte dos meses el periodo de la LXVIII Legislatura, a fin de que concluyan actividades el 30 de agosto de 2030 y la nueva Legislatura asuma el cargo el 1 de septiembre de ese mismo a\u00f1o.<\/p>\n<p>En el caso del Poder Ejecutivo local, la reforma tambi\u00e9n se aplicar\u00e1 para el sexenio 2030-2036, que ser\u00e1 del 5 de noviembre de 2030 al 29 de septiembre de 2036; la persona que sea electa como titular de la gubernatura rendir\u00e1 protesta el 1 de octubre de 2036.<\/p>\n<p>Por la reforma para la renovaci\u00f3n de los poderes Legislativo y Ejecutivo tambi\u00e9n se modificar\u00e1n las fechas relativas a los periodos ordinarios de sesiones, la fecha de presentaci\u00f3n de los presupuestos de Ingresos y Egresos de la administraci\u00f3n estatal y para la presentaci\u00f3n del \u00faltimo informe correspondiente a la gubernatura saliente, entre otros aspectos jur\u00eddicos.<\/p>\n<p>Con esta iniciativa aprobada por los 45 legisladores presentes en la \u00faltima Sesi\u00f3n Ordinaria de la LXVI Legislatura local, el diputado Juan Javier G\u00f3mez Cazar\u00edn hereda una reforma pol\u00edtica muy importante, que pone fin al largo e innecesario periodo de transici\u00f3n actual, de hasta seis meses en el caso de la Gubernatura y de cinco para el Legislativo, colocando a Veracruz a la par del proceso federal y de la gran mayor\u00eda de las entidades federativas.<\/p>\n<p>Juan Javier G\u00f3mez Cazar\u00edn sella con su visi\u00f3n pol\u00edtica y liderazgo la transformaci\u00f3n pol\u00edtica que requer\u00eda Veracruz, empezando por el recorte a las prerrogativas de los partidos en el estado, por el reconocimiento de los derechos pol\u00edtico-electorales de diversos grupos poblacionales y ahora en la reducci\u00f3n de los periodos de transici\u00f3n del Poder Legislativo y Ejecutivo.<\/p>\n","protected":false},"excerpt":{"rendered":"<p>Con visi\u00f3n pol\u00edtica, el Presidente de la JUCOPO homologa, para el 2030, la instalaci\u00f3n de la Legislatura y Gubernatura en septiembre y octubre, respectivamente, al igual que a nivel federal. Xalapa, Ver.- Con el voto un\u00e1nime de las diputadas, diputados y diputade presentes en la D\u00e9cima Sesi\u00f3n Ordinaria, el diputado Juan Javier G\u00f3mez Cazar\u00edn heredar\u00e1 a Veracruz una importante reforma pol\u00edtica por la que se acorta el actual periodo de transici\u00f3n de los poderes Legislativo y Ejecutivo, homologando de forma gradual las fechas con las establecidas por la Federaci\u00f3n. Los&hellip;<\/p>\n","protected":false},"author":1,"featured_media":108229,"comment_status":"open","ping_status":"closed","sticky":false,"template":"","format":"standard","meta":{"footnotes":""},"categories":[3,4],"tags":[4842],"class_list":["post-108228","post","type-post","status-publish","format-standard","has-post-thumbnail","hentry","category-destacadas","category-estatal","tag-juan-javier-gomez-cazarin"],"jetpack-related-posts":[],"_links":{"self":[{"href":"https:\/\/www.noticiasperfil.com\/index\/wp-json\/wp\/v2\/posts\/108228","targetHints":{"allow":["GET"]}}],"collection":[{"href":"https:\/\/www.noticiasperfil.com\/index\/wp-json\/wp\/v2\/posts"}],"about":[{"href":"https:\/\/www.noticiasperfil.com\/index\/wp-json\/wp\/v2\/types\/post"}],"author":[{"embeddable":true,"href":"https:\/\/www.noticiasperfil.com\/index\/wp-json\/wp\/v2\/users\/1"}],"replies":[{"embeddable":true,"href":"https:\/\/www.noticiasperfil.com\/index\/wp-json\/wp\/v2\/comments?post=108228"}],"version-history":[{"count":1,"href":"https:\/\/www.noticiasperfil.com\/index\/wp-json\/wp\/v2\/posts\/108228\/revisions"}],"predecessor-version":[{"id":108230,"href":"https:\/\/www.noticiasperfil.com\/index\/wp-json\/wp\/v2\/posts\/108228\/revisions\/108230"}],"wp:featuredmedia":[{"embeddable":true,"href":"https:\/\/www.noticiasperfil.com\/index\/wp-json\/wp\/v2\/media\/108229"}],"wp:attachment":[{"href":"https:\/\/www.noticiasperfil.com\/index\/wp-json\/wp\/v2\/media?parent=108228"}],"wp:term":[{"taxonomy":"category","embeddable":true,"href":"https:\/\/www.noticiasperfil.com\/index\/wp-json\/wp\/v2\/categories?post=108228"},{"taxonomy":"post_tag","embeddable":true,"href":"https:\/\/www.noticiasperfil.com\/index\/wp-json\/wp\/v2\/tags?post=108228"}],"curies":[{"name":"wp","href":"https:\/\/api.w.org\/{rel}","templated":true}]}}