{"id":108234,"date":"2024-08-01T13:27:49","date_gmt":"2024-08-01T18:27:49","guid":{"rendered":"https:\/\/www.noticiasperfil.com\/index\/?p=108234"},"modified":"2024-08-01T13:27:49","modified_gmt":"2024-08-01T18:27:49","slug":"inaugura-alcaldesa-modulo-del-curp-renapo-en-san-andres-tuxtla","status":"publish","type":"post","link":"https:\/\/www.noticiasperfil.com\/index\/2024\/08\/01\/inaugura-alcaldesa-modulo-del-curp-renapo-en-san-andres-tuxtla\/","title":{"rendered":"Inaugura alcaldesa m\u00f3dulo del CURP-RENAPO en San Andr\u00e9s Tuxtla"},"content":{"rendered":"<p><img loading=\"lazy\" decoding=\"async\" data-attachment-id=\"108235\" data-permalink=\"https:\/\/www.noticiasperfil.com\/index\/2024\/08\/01\/inaugura-alcaldesa-modulo-del-curp-renapo-en-san-andres-tuxtla\/solana-curp-01\/\" data-orig-file=\"https:\/\/i1.wp.com\/www.noticiasperfil.com\/index\/wp-content\/uploads\/2024\/08\/solana-curp-01.jpg?fit=960%2C640&amp;ssl=1\" data-orig-size=\"960,640\" data-comments-opened=\"1\" data-image-meta=\"{&quot;aperture&quot;:&quot;0&quot;,&quot;credit&quot;:&quot;&quot;,&quot;camera&quot;:&quot;&quot;,&quot;caption&quot;:&quot;&quot;,&quot;created_timestamp&quot;:&quot;0&quot;,&quot;copyright&quot;:&quot;&quot;,&quot;focal_length&quot;:&quot;0&quot;,&quot;iso&quot;:&quot;0&quot;,&quot;shutter_speed&quot;:&quot;0&quot;,&quot;title&quot;:&quot;&quot;,&quot;orientation&quot;:&quot;0&quot;}\" data-image-title=\"solana-curp-01\" data-image-description=\"\" data-medium-file=\"https:\/\/i1.wp.com\/www.noticiasperfil.com\/index\/wp-content\/uploads\/2024\/08\/solana-curp-01.jpg?fit=660%2C365&amp;ssl=1\" data-large-file=\"https:\/\/i1.wp.com\/www.noticiasperfil.com\/index\/wp-content\/uploads\/2024\/08\/solana-curp-01.jpg?fit=640%2C366&amp;ssl=1\" class=\"aligncenter size-full wp-image-108235\" src=\"https:\/\/i1.wp.com\/www.noticiasperfil.com\/index\/wp-content\/uploads\/2024\/08\/solana-curp-01.jpg?resize=640%2C427&#038;ssl=1\" alt=\"\" width=\"640\" height=\"427\" data-recalc-dims=\"1\" \/><\/p>\n<p><em><strong>\u2022 Se gestion\u00f3 a trav\u00e9s del Registro Civil Municipal, el restablecimiento de este servicio, reanudando tr\u00e1mites locales y en San Andr\u00e9s Tuxtla, a trav\u00e9s del Sistema del Registro Nacional de Poblaci\u00f3n.<br \/>\n\u2022 Invitan a la poblaci\u00f3n de San Andr\u00e9s y Municipios vecinos que necesiten tramitar o corregir su CURP, a que acudan al m\u00f3dulo que ya est\u00e1 en funciones.<\/strong><\/em><\/p>\n<p><img loading=\"lazy\" decoding=\"async\" data-attachment-id=\"108238\" data-permalink=\"https:\/\/www.noticiasperfil.com\/index\/2024\/08\/01\/inaugura-alcaldesa-modulo-del-curp-renapo-en-san-andres-tuxtla\/solana-curp-04\/\" data-orig-file=\"https:\/\/i2.wp.com\/www.noticiasperfil.com\/index\/wp-content\/uploads\/2024\/08\/solana-curp-04.jpg?fit=960%2C640&amp;ssl=1\" data-orig-size=\"960,640\" data-comments-opened=\"1\" data-image-meta=\"{&quot;aperture&quot;:&quot;0&quot;,&quot;credit&quot;:&quot;&quot;,&quot;camera&quot;:&quot;&quot;,&quot;caption&quot;:&quot;&quot;,&quot;created_timestamp&quot;:&quot;0&quot;,&quot;copyright&quot;:&quot;&quot;,&quot;focal_length&quot;:&quot;0&quot;,&quot;iso&quot;:&quot;0&quot;,&quot;shutter_speed&quot;:&quot;0&quot;,&quot;title&quot;:&quot;&quot;,&quot;orientation&quot;:&quot;0&quot;}\" data-image-title=\"solana-curp-04\" data-image-description=\"\" data-medium-file=\"https:\/\/i2.wp.com\/www.noticiasperfil.com\/index\/wp-content\/uploads\/2024\/08\/solana-curp-04.jpg?fit=660%2C365&amp;ssl=1\" data-large-file=\"https:\/\/i2.wp.com\/www.noticiasperfil.com\/index\/wp-content\/uploads\/2024\/08\/solana-curp-04.jpg?fit=640%2C366&amp;ssl=1\" class=\"aligncenter size-full wp-image-108238\" src=\"https:\/\/i2.wp.com\/www.noticiasperfil.com\/index\/wp-content\/uploads\/2024\/08\/solana-curp-04.jpg?resize=640%2C427&#038;ssl=1\" alt=\"\" width=\"640\" height=\"427\" data-recalc-dims=\"1\" \/><\/p>\n<p>San Andr\u00e9s Tuxtla, Ver.- Como resultado de la gesti\u00f3n coordinada entre el Gobierno Municipal que preside la doctora Mar\u00eda Elena Solana Calzada y la Oficial Mayor del Registro Civil Municipal, la licenciada Teresa Mendoza Hern\u00e1ndez, se inaugur\u00f3 este jueves el m\u00f3dulo de atenci\u00f3n y tr\u00e1mite del Registro Nacional de la Poblaci\u00f3n (RENAPO) y CURP en San Andr\u00e9s Tuxtla, restableciendo en su totalidad, el sistema de impresi\u00f3n de la Clave \u00danica del Registro de Poblaci\u00f3n (CURP), adem\u00e1s de ofrecer el servicio de correcci\u00f3n de datos, facilitando a la ciudadan\u00eda de este y otros municipios vecinos, la actualizaci\u00f3n de este importante documento, en la plataforma nacional.<\/p>\n<p><img loading=\"lazy\" decoding=\"async\" data-attachment-id=\"108236\" data-permalink=\"https:\/\/www.noticiasperfil.com\/index\/2024\/08\/01\/inaugura-alcaldesa-modulo-del-curp-renapo-en-san-andres-tuxtla\/solana-curp-02\/\" data-orig-file=\"https:\/\/i0.wp.com\/www.noticiasperfil.com\/index\/wp-content\/uploads\/2024\/08\/solana-curp-02.jpg?fit=960%2C640&amp;ssl=1\" data-orig-size=\"960,640\" data-comments-opened=\"1\" data-image-meta=\"{&quot;aperture&quot;:&quot;0&quot;,&quot;credit&quot;:&quot;&quot;,&quot;camera&quot;:&quot;&quot;,&quot;caption&quot;:&quot;&quot;,&quot;created_timestamp&quot;:&quot;0&quot;,&quot;copyright&quot;:&quot;&quot;,&quot;focal_length&quot;:&quot;0&quot;,&quot;iso&quot;:&quot;0&quot;,&quot;shutter_speed&quot;:&quot;0&quot;,&quot;title&quot;:&quot;&quot;,&quot;orientation&quot;:&quot;0&quot;}\" data-image-title=\"solana-curp-02\" data-image-description=\"\" data-medium-file=\"https:\/\/i0.wp.com\/www.noticiasperfil.com\/index\/wp-content\/uploads\/2024\/08\/solana-curp-02.jpg?fit=660%2C365&amp;ssl=1\" data-large-file=\"https:\/\/i0.wp.com\/www.noticiasperfil.com\/index\/wp-content\/uploads\/2024\/08\/solana-curp-02.jpg?fit=640%2C366&amp;ssl=1\" class=\"aligncenter size-full wp-image-108236\" src=\"https:\/\/i0.wp.com\/www.noticiasperfil.com\/index\/wp-content\/uploads\/2024\/08\/solana-curp-02.jpg?resize=640%2C427&#038;ssl=1\" alt=\"\" width=\"640\" height=\"427\" data-recalc-dims=\"1\" \/><\/p>\n<p>En este sentido la licenciada Teresa Mendoza Hern\u00e1ndez, destac\u00f3 que aunque hace poco m\u00e1s de 4 a\u00f1os se contaba ya con este servicio, se hab\u00eda suspendido la atenci\u00f3n y posteriormente el m\u00f3dulo fue retirado por lo que se dio a la tarea de gestionar ante el Registro Nacional de Poblaci\u00f3n (Renapo), la reasignaci\u00f3n del m\u00f3dulo para esta demarcaci\u00f3n.<\/p>\n<p><img loading=\"lazy\" decoding=\"async\" data-attachment-id=\"108237\" data-permalink=\"https:\/\/www.noticiasperfil.com\/index\/2024\/08\/01\/inaugura-alcaldesa-modulo-del-curp-renapo-en-san-andres-tuxtla\/solana-curp-03\/\" data-orig-file=\"https:\/\/i1.wp.com\/www.noticiasperfil.com\/index\/wp-content\/uploads\/2024\/08\/solana-curp-03.jpg?fit=960%2C640&amp;ssl=1\" data-orig-size=\"960,640\" data-comments-opened=\"1\" data-image-meta=\"{&quot;aperture&quot;:&quot;0&quot;,&quot;credit&quot;:&quot;&quot;,&quot;camera&quot;:&quot;&quot;,&quot;caption&quot;:&quot;&quot;,&quot;created_timestamp&quot;:&quot;0&quot;,&quot;copyright&quot;:&quot;&quot;,&quot;focal_length&quot;:&quot;0&quot;,&quot;iso&quot;:&quot;0&quot;,&quot;shutter_speed&quot;:&quot;0&quot;,&quot;title&quot;:&quot;&quot;,&quot;orientation&quot;:&quot;0&quot;}\" data-image-title=\"solana-curp-03\" data-image-description=\"\" data-medium-file=\"https:\/\/i1.wp.com\/www.noticiasperfil.com\/index\/wp-content\/uploads\/2024\/08\/solana-curp-03.jpg?fit=660%2C365&amp;ssl=1\" data-large-file=\"https:\/\/i1.wp.com\/www.noticiasperfil.com\/index\/wp-content\/uploads\/2024\/08\/solana-curp-03.jpg?fit=640%2C366&amp;ssl=1\" class=\"aligncenter size-full wp-image-108237\" src=\"https:\/\/i1.wp.com\/www.noticiasperfil.com\/index\/wp-content\/uploads\/2024\/08\/solana-curp-03.jpg?resize=640%2C427&#038;ssl=1\" alt=\"\" width=\"640\" height=\"427\" data-recalc-dims=\"1\" \/><\/p>\n<p>La Oficial Mayor del Registro Civil de San Andr\u00e9s Tuxtla, invit\u00f3 a la poblaci\u00f3n que necesite tramitar o corregir su CURP, a que lo haga a partir de este jueves 1 de agosto y agradeci\u00f3 a la alcaldesa por la gesti\u00f3n conjunta y las facilidades para la instalaci\u00f3n de este m\u00f3dulo.<\/p>\n","protected":false},"excerpt":{"rendered":"<p>\u2022 Se gestion\u00f3 a trav\u00e9s del Registro Civil Municipal, el restablecimiento de este servicio, reanudando tr\u00e1mites locales y en San Andr\u00e9s Tuxtla, a trav\u00e9s del Sistema del Registro Nacional de Poblaci\u00f3n. \u2022 Invitan a la poblaci\u00f3n de San Andr\u00e9s y Municipios vecinos que necesiten tramitar o corregir su CURP, a que acudan al m\u00f3dulo que ya est\u00e1 en funciones. San Andr\u00e9s Tuxtla, Ver.- Como resultado de la gesti\u00f3n coordinada entre el Gobierno Municipal que preside la doctora Mar\u00eda Elena Solana Calzada y la Oficial Mayor del Registro Civil Municipal, la&hellip;<\/p>\n","protected":false},"author":1,"featured_media":108235,"comment_status":"open","ping_status":"closed","sticky":false,"template":"","format":"standard","meta":{"footnotes":""},"categories":[3,12],"tags":[7966],"class_list":["post-108234","post","type-post","status-publish","format-standard","has-post-thumbnail","hentry","category-destacadas","category-san-andres-tuxtla","tag-maria-elena-solana-calzada"],"jetpack-related-posts":[],"_links":{"self":[{"href":"https:\/\/www.noticiasperfil.com\/index\/wp-json\/wp\/v2\/posts\/108234","targetHints":{"allow":["GET"]}}],"collection":[{"href":"https:\/\/www.noticiasperfil.com\/index\/wp-json\/wp\/v2\/posts"}],"about":[{"href":"https:\/\/www.noticiasperfil.com\/index\/wp-json\/wp\/v2\/types\/post"}],"author":[{"embeddable":true,"href":"https:\/\/www.noticiasperfil.com\/index\/wp-json\/wp\/v2\/users\/1"}],"replies":[{"embeddable":true,"href":"https:\/\/www.noticiasperfil.com\/index\/wp-json\/wp\/v2\/comments?post=108234"}],"version-history":[{"count":1,"href":"https:\/\/www.noticiasperfil.com\/index\/wp-json\/wp\/v2\/posts\/108234\/revisions"}],"predecessor-version":[{"id":108239,"href":"https:\/\/www.noticiasperfil.com\/index\/wp-json\/wp\/v2\/posts\/108234\/revisions\/108239"}],"wp:featuredmedia":[{"embeddable":true,"href":"https:\/\/www.noticiasperfil.com\/index\/wp-json\/wp\/v2\/media\/108235"}],"wp:attachment":[{"href":"https:\/\/www.noticiasperfil.com\/index\/wp-json\/wp\/v2\/media?parent=108234"}],"wp:term":[{"taxonomy":"category","embeddable":true,"href":"https:\/\/www.noticiasperfil.com\/index\/wp-json\/wp\/v2\/categories?post=108234"},{"taxonomy":"post_tag","embeddable":true,"href":"https:\/\/www.noticiasperfil.com\/index\/wp-json\/wp\/v2\/tags?post=108234"}],"curies":[{"name":"wp","href":"https:\/\/api.w.org\/{rel}","templated":true}]}}