{"id":108243,"date":"2024-08-01T19:30:48","date_gmt":"2024-08-02T00:30:48","guid":{"rendered":"https:\/\/www.noticiasperfil.com\/index\/?p=108243"},"modified":"2024-08-01T19:30:48","modified_gmt":"2024-08-02T00:30:48","slug":"entrega-cuitlahuac-35-ambulancias-para-hospitales-de-veracruz","status":"publish","type":"post","link":"https:\/\/www.noticiasperfil.com\/index\/2024\/08\/01\/entrega-cuitlahuac-35-ambulancias-para-hospitales-de-veracruz\/","title":{"rendered":"Entrega Cuitl\u00e1huac 35 ambulancias para hospitales de Veracruz"},"content":{"rendered":"<p><img loading=\"lazy\" decoding=\"async\" data-attachment-id=\"108244\" data-permalink=\"https:\/\/www.noticiasperfil.com\/index\/2024\/08\/01\/entrega-cuitlahuac-35-ambulancias-para-hospitales-de-veracruz\/cuitlahuac-garcia-ambulancias\/\" data-orig-file=\"https:\/\/i0.wp.com\/www.noticiasperfil.com\/index\/wp-content\/uploads\/2024\/08\/cuitlahuac-garcia-ambulancias.jpg?fit=2048%2C1366&amp;ssl=1\" data-orig-size=\"2048,1366\" data-comments-opened=\"1\" data-image-meta=\"{&quot;aperture&quot;:&quot;0&quot;,&quot;credit&quot;:&quot;&quot;,&quot;camera&quot;:&quot;&quot;,&quot;caption&quot;:&quot;&quot;,&quot;created_timestamp&quot;:&quot;0&quot;,&quot;copyright&quot;:&quot;&quot;,&quot;focal_length&quot;:&quot;0&quot;,&quot;iso&quot;:&quot;0&quot;,&quot;shutter_speed&quot;:&quot;0&quot;,&quot;title&quot;:&quot;&quot;,&quot;orientation&quot;:&quot;0&quot;}\" data-image-title=\"cuitlahuac-garcia-ambulancias\" data-image-description=\"\" data-medium-file=\"https:\/\/i0.wp.com\/www.noticiasperfil.com\/index\/wp-content\/uploads\/2024\/08\/cuitlahuac-garcia-ambulancias.jpg?fit=660%2C365&amp;ssl=1\" data-large-file=\"https:\/\/i0.wp.com\/www.noticiasperfil.com\/index\/wp-content\/uploads\/2024\/08\/cuitlahuac-garcia-ambulancias.jpg?fit=640%2C366&amp;ssl=1\" class=\"aligncenter size-full wp-image-108244\" src=\"https:\/\/i0.wp.com\/www.noticiasperfil.com\/index\/wp-content\/uploads\/2024\/08\/cuitlahuac-garcia-ambulancias.jpg?resize=640%2C427&#038;ssl=1\" alt=\"\" width=\"640\" height=\"427\" srcset=\"https:\/\/i0.wp.com\/www.noticiasperfil.com\/index\/wp-content\/uploads\/2024\/08\/cuitlahuac-garcia-ambulancias.jpg?w=2048&amp;ssl=1 2048w, https:\/\/i0.wp.com\/www.noticiasperfil.com\/index\/wp-content\/uploads\/2024\/08\/cuitlahuac-garcia-ambulancias.jpg?resize=1536%2C1025&amp;ssl=1 1536w, https:\/\/i0.wp.com\/www.noticiasperfil.com\/index\/wp-content\/uploads\/2024\/08\/cuitlahuac-garcia-ambulancias.jpg?w=1280&amp;ssl=1 1280w, https:\/\/i0.wp.com\/www.noticiasperfil.com\/index\/wp-content\/uploads\/2024\/08\/cuitlahuac-garcia-ambulancias.jpg?w=1920&amp;ssl=1 1920w\" sizes=\"auto, (max-width: 640px) 100vw, 640px\" data-recalc-dims=\"1\" \/><\/p>\n<ul>\n<li><em><strong>Suman 341 mdp en equipamiento y veh\u00edculos por parte de la Beneficencia P\u00fablica.<\/strong><\/em><\/li>\n<li><em><strong>Son adicionales a inversi\u00f3n de 3 mil 606 mdp en infraestructura durante el sexenio.<\/strong><\/em><\/li>\n<\/ul>\n<p>Veracruz, Ver., 01 de agosto de 2024.- Con la adquisici\u00f3n de 35 ambulancias especializadas en cuidados intensivos, urgencias b\u00e1sicas y traslados, el Gobierno de Veracruz garantiza el tratamiento de los pacientes en condiciones \u00f3ptimas y adecuadas.<\/p>\n<p>La Administraci\u00f3n del Patrimonio de la Beneficencia P\u00fablica entreg\u00f3 los veh\u00edculos al gobernador Cuitl\u00e1huac Garc\u00eda Jim\u00e9nez y la secretaria de Salud, Guadalupe D\u00edaz del Castillo Flores, para su incorporaci\u00f3n en diversos hospitales y centros de salud.<\/p>\n<p>\u201cImpulsamos la atenci\u00f3n m\u00e9dica con apoyo de la Federaci\u00f3n, alcanzando una cifra r\u00e9cord de 341 millones de pesos en equipamiento y ambulancias; a nivel estatal, la inversi\u00f3n sexenal en infraestructura y equipamiento asciende a 3 mil 606 millones 682 mil pesos\u201d, detall\u00f3 el mandatario.<\/p>\n<p>El titular de Beneficencia, Adri\u00e1n Ben\u00edtez Ruiz, explic\u00f3 que el monto de las unidades asciende a 70.4 millones y, junto con las 22 del a\u00f1o pasado, suma 106, resultado de la colaboraci\u00f3n para llevar servicios de salud y bienestar a quienes m\u00e1s lo necesitan.<\/p>\n<p>Desde 2019, el organismo ha invertido 258.4 mdp en Veracruz y pr\u00f3ximamente entregar\u00e1 equipo de tomograf\u00eda y resonancia magn\u00e9tica para el Centro de Alta Especialidad (CAE) Dr. Rafael Lucio, adem\u00e1s de un tom\u00f3grafo al Hospital Regional de Poza Rica, con un valor conjunto superior a 83.4 millones.<\/p>\n<p>Cuatro ambulancias de cuidados intensivos ser\u00e1n destinadas al CAE de Xalapa y los hospitales de Alta Especialidad de Veracruz y regionales de Coatzacoalcos y Xalapa; 10 de urgencias a los hospitales generales de Altotonga, Huatusco, Tantoyuca y Tuxpan; comunitarios de Coatepec, Huayacocotla, Suchilapan del R\u00edo y Tempoal, la Unidad de Especialidades M\u00e9dicas de Plat\u00f3n S\u00e1nchez y el Centro de Salud con Hospitalizaci\u00f3n de Altotonga.<\/p>\n<p>Las 21 de traslado fueron asignadas a los hospitales generales de P\u00e1nuco, Papantla, Misantla, Cosamaloapan, Isla, Tlalixcoyan, Santiago Tuxtla, Oluta-Acayucan, Cosoleacaque y Minatitl\u00e1n; los comunitarios de Ozuluama, Entabladero, Naolinco, Tezonapa, Alvarado, Tlacotalpan, Jos\u00e9 Azueta, Playa Vicente y Tlaquilpa, as\u00ed como los centros de salud con Hospitalizaci\u00f3n de Villa Allende y con Servicios Ampliados de Tatahuicapan.<\/p>\n","protected":false},"excerpt":{"rendered":"<p>Suman 341 mdp en equipamiento y veh\u00edculos por parte de la Beneficencia P\u00fablica. Son adicionales a inversi\u00f3n de 3 mil 606 mdp en infraestructura durante el sexenio. Veracruz, Ver., 01 de agosto de 2024.- Con la adquisici\u00f3n de 35 ambulancias especializadas en cuidados intensivos, urgencias b\u00e1sicas y traslados, el Gobierno de Veracruz garantiza el tratamiento de los pacientes en condiciones \u00f3ptimas y adecuadas. La Administraci\u00f3n del Patrimonio de la Beneficencia P\u00fablica entreg\u00f3 los veh\u00edculos al gobernador Cuitl\u00e1huac Garc\u00eda Jim\u00e9nez y la secretaria de Salud, Guadalupe D\u00edaz del Castillo Flores, para&hellip;<\/p>\n","protected":false},"author":1,"featured_media":108244,"comment_status":"open","ping_status":"closed","sticky":false,"template":"","format":"standard","meta":{"footnotes":""},"categories":[3,4],"tags":[339],"class_list":["post-108243","post","type-post","status-publish","format-standard","has-post-thumbnail","hentry","category-destacadas","category-estatal","tag-cuitlahuac-garcia-jimenez"],"jetpack-related-posts":[],"_links":{"self":[{"href":"https:\/\/www.noticiasperfil.com\/index\/wp-json\/wp\/v2\/posts\/108243","targetHints":{"allow":["GET"]}}],"collection":[{"href":"https:\/\/www.noticiasperfil.com\/index\/wp-json\/wp\/v2\/posts"}],"about":[{"href":"https:\/\/www.noticiasperfil.com\/index\/wp-json\/wp\/v2\/types\/post"}],"author":[{"embeddable":true,"href":"https:\/\/www.noticiasperfil.com\/index\/wp-json\/wp\/v2\/users\/1"}],"replies":[{"embeddable":true,"href":"https:\/\/www.noticiasperfil.com\/index\/wp-json\/wp\/v2\/comments?post=108243"}],"version-history":[{"count":1,"href":"https:\/\/www.noticiasperfil.com\/index\/wp-json\/wp\/v2\/posts\/108243\/revisions"}],"predecessor-version":[{"id":108245,"href":"https:\/\/www.noticiasperfil.com\/index\/wp-json\/wp\/v2\/posts\/108243\/revisions\/108245"}],"wp:featuredmedia":[{"embeddable":true,"href":"https:\/\/www.noticiasperfil.com\/index\/wp-json\/wp\/v2\/media\/108244"}],"wp:attachment":[{"href":"https:\/\/www.noticiasperfil.com\/index\/wp-json\/wp\/v2\/media?parent=108243"}],"wp:term":[{"taxonomy":"category","embeddable":true,"href":"https:\/\/www.noticiasperfil.com\/index\/wp-json\/wp\/v2\/categories?post=108243"},{"taxonomy":"post_tag","embeddable":true,"href":"https:\/\/www.noticiasperfil.com\/index\/wp-json\/wp\/v2\/tags?post=108243"}],"curies":[{"name":"wp","href":"https:\/\/api.w.org\/{rel}","templated":true}]}}