{"id":108246,"date":"2024-08-01T21:57:10","date_gmt":"2024-08-02T02:57:10","guid":{"rendered":"https:\/\/www.noticiasperfil.com\/index\/?p=108246"},"modified":"2024-08-01T21:57:10","modified_gmt":"2024-08-02T02:57:10","slug":"encabeza-alcaldesa-de-san-andres-tuxtla-reunion-con-autoridades-en-el-marco-del-festival-internacional-del-globo-2024","status":"publish","type":"post","link":"https:\/\/www.noticiasperfil.com\/index\/2024\/08\/01\/encabeza-alcaldesa-de-san-andres-tuxtla-reunion-con-autoridades-en-el-marco-del-festival-internacional-del-globo-2024\/","title":{"rendered":"Encabeza alcaldesa de San Andr\u00e9s Tuxtla reuni\u00f3n con autoridades en el marco del Festival Internacional del Globo 2024"},"content":{"rendered":"<p><img loading=\"lazy\" decoding=\"async\" data-attachment-id=\"108247\" data-permalink=\"https:\/\/www.noticiasperfil.com\/index\/2024\/08\/01\/encabeza-alcaldesa-de-san-andres-tuxtla-reunion-con-autoridades-en-el-marco-del-festival-internacional-del-globo-2024\/solana-globeros-01-3\/\" data-orig-file=\"https:\/\/i1.wp.com\/www.noticiasperfil.com\/index\/wp-content\/uploads\/2024\/08\/solana-globeros-01.jpg?fit=960%2C640&amp;ssl=1\" data-orig-size=\"960,640\" data-comments-opened=\"1\" data-image-meta=\"{&quot;aperture&quot;:&quot;0&quot;,&quot;credit&quot;:&quot;&quot;,&quot;camera&quot;:&quot;&quot;,&quot;caption&quot;:&quot;&quot;,&quot;created_timestamp&quot;:&quot;0&quot;,&quot;copyright&quot;:&quot;&quot;,&quot;focal_length&quot;:&quot;0&quot;,&quot;iso&quot;:&quot;0&quot;,&quot;shutter_speed&quot;:&quot;0&quot;,&quot;title&quot;:&quot;&quot;,&quot;orientation&quot;:&quot;0&quot;}\" data-image-title=\"solana-globeros-01\" data-image-description=\"\" data-medium-file=\"https:\/\/i1.wp.com\/www.noticiasperfil.com\/index\/wp-content\/uploads\/2024\/08\/solana-globeros-01.jpg?fit=660%2C365&amp;ssl=1\" data-large-file=\"https:\/\/i1.wp.com\/www.noticiasperfil.com\/index\/wp-content\/uploads\/2024\/08\/solana-globeros-01.jpg?fit=640%2C366&amp;ssl=1\" class=\"aligncenter size-full wp-image-108247\" src=\"https:\/\/i1.wp.com\/www.noticiasperfil.com\/index\/wp-content\/uploads\/2024\/08\/solana-globeros-01.jpg?resize=640%2C427&#038;ssl=1\" alt=\"\" width=\"640\" height=\"427\" data-recalc-dims=\"1\" \/><\/p>\n<ul>\n<li><em><strong>Se coordinan para integrar comando unificado que operar\u00e1 durante los d\u00edas 14, 15 y 16 de septiembre en la sede del festival y eventos culturales.<\/strong><\/em><\/li>\n<\/ul>\n<p>San Andr\u00e9s Tuxtla, Ver.- La alcaldesa de San Andr\u00e9s Tuxtla, Mar\u00eda Elena Solana Calzada, convoc\u00f3 a la primera reuni\u00f3n de trabajo con autoridades de diversas dependencias, esto con la finalidad de inegrar un comando unificado en el marco del Festival Internacional del Globo de Papel San Andr\u00e9s Tuxtla 2024, el cual se realizar\u00e1 en el campo deportivo de la colonia Primero de Mayo los d\u00edas 14, 15 y 16 de septiembre para acompa\u00f1ar los festejos patrios con motivo del aniversario de la independencia de nuestra naci\u00f3n.<\/p>\n<p><img loading=\"lazy\" decoding=\"async\" data-attachment-id=\"108248\" data-permalink=\"https:\/\/www.noticiasperfil.com\/index\/2024\/08\/01\/encabeza-alcaldesa-de-san-andres-tuxtla-reunion-con-autoridades-en-el-marco-del-festival-internacional-del-globo-2024\/solana-globeros-02-3\/\" data-orig-file=\"https:\/\/i2.wp.com\/www.noticiasperfil.com\/index\/wp-content\/uploads\/2024\/08\/solana-globeros-02.jpg?fit=960%2C640&amp;ssl=1\" data-orig-size=\"960,640\" data-comments-opened=\"1\" data-image-meta=\"{&quot;aperture&quot;:&quot;0&quot;,&quot;credit&quot;:&quot;&quot;,&quot;camera&quot;:&quot;&quot;,&quot;caption&quot;:&quot;&quot;,&quot;created_timestamp&quot;:&quot;0&quot;,&quot;copyright&quot;:&quot;&quot;,&quot;focal_length&quot;:&quot;0&quot;,&quot;iso&quot;:&quot;0&quot;,&quot;shutter_speed&quot;:&quot;0&quot;,&quot;title&quot;:&quot;&quot;,&quot;orientation&quot;:&quot;0&quot;}\" data-image-title=\"solana-globeros-02\" data-image-description=\"\" data-medium-file=\"https:\/\/i2.wp.com\/www.noticiasperfil.com\/index\/wp-content\/uploads\/2024\/08\/solana-globeros-02.jpg?fit=660%2C365&amp;ssl=1\" data-large-file=\"https:\/\/i2.wp.com\/www.noticiasperfil.com\/index\/wp-content\/uploads\/2024\/08\/solana-globeros-02.jpg?fit=640%2C366&amp;ssl=1\" class=\"aligncenter size-full wp-image-108248\" src=\"https:\/\/i2.wp.com\/www.noticiasperfil.com\/index\/wp-content\/uploads\/2024\/08\/solana-globeros-02.jpg?resize=640%2C427&#038;ssl=1\" alt=\"\" width=\"640\" height=\"427\" data-recalc-dims=\"1\" \/><\/p>\n<p>La autoridad municipal resalt\u00f3 la importancia de esta reuni\u00f3n y los representantes de.las.corporaciones que acudieron, pues resalt\u00f3 que con ellos se estar\u00e1 trabajando pata integrar a las diversas autoridades en los dispositivos de seguridad, vigilancia, prevenci\u00f3n riesgos, tr\u00e1nsito y vialidad, a fin de poder realizar un festival exitoso tal como los anteriores, donde la ciudadan\u00eda y los visitantes puedan apreciar de forma segura el espect\u00e1culo de estos gigantes de papel, as\u00ed como las diferentes presentaciones art\u00edsticas, las cuales ser\u00e1n de manera gratuita.<\/p>\n<p><img loading=\"lazy\" decoding=\"async\" data-attachment-id=\"108249\" data-permalink=\"https:\/\/www.noticiasperfil.com\/index\/2024\/08\/01\/encabeza-alcaldesa-de-san-andres-tuxtla-reunion-con-autoridades-en-el-marco-del-festival-internacional-del-globo-2024\/solana-globeros-03-3\/\" data-orig-file=\"https:\/\/i2.wp.com\/www.noticiasperfil.com\/index\/wp-content\/uploads\/2024\/08\/solana-globeros-03.jpg?fit=960%2C640&amp;ssl=1\" data-orig-size=\"960,640\" data-comments-opened=\"1\" data-image-meta=\"{&quot;aperture&quot;:&quot;0&quot;,&quot;credit&quot;:&quot;&quot;,&quot;camera&quot;:&quot;&quot;,&quot;caption&quot;:&quot;&quot;,&quot;created_timestamp&quot;:&quot;0&quot;,&quot;copyright&quot;:&quot;&quot;,&quot;focal_length&quot;:&quot;0&quot;,&quot;iso&quot;:&quot;0&quot;,&quot;shutter_speed&quot;:&quot;0&quot;,&quot;title&quot;:&quot;&quot;,&quot;orientation&quot;:&quot;0&quot;}\" data-image-title=\"solana-globeros-03\" data-image-description=\"\" data-medium-file=\"https:\/\/i2.wp.com\/www.noticiasperfil.com\/index\/wp-content\/uploads\/2024\/08\/solana-globeros-03.jpg?fit=660%2C365&amp;ssl=1\" data-large-file=\"https:\/\/i2.wp.com\/www.noticiasperfil.com\/index\/wp-content\/uploads\/2024\/08\/solana-globeros-03.jpg?fit=640%2C366&amp;ssl=1\" class=\"aligncenter size-full wp-image-108249\" src=\"https:\/\/i2.wp.com\/www.noticiasperfil.com\/index\/wp-content\/uploads\/2024\/08\/solana-globeros-03.jpg?resize=640%2C427&#038;ssl=1\" alt=\"\" width=\"640\" height=\"427\" data-recalc-dims=\"1\" \/><\/p>\n<p>En este acto se dieron cita representantes de la jurisdicci\u00f3n sanitaria No. 10, as\u00ed como Protecci\u00f3n Civil Estatal y Municipal, al igual que Tr\u00e1nsito del Estado, Seguridad P\u00fablica, Primer Batall\u00f3n de Infanter\u00eda, Guardia Nacional y Cruz Roja; as\u00ed como autoridades municipales de DIF Municipal, Gobernaci\u00f3n, Secretar\u00eda, Educaci\u00f3n, Comisi\u00f3n Municipal del Deporte, Protecci\u00f3n Civil y Turismo.<\/p>\n<p><img loading=\"lazy\" decoding=\"async\" data-attachment-id=\"108250\" data-permalink=\"https:\/\/www.noticiasperfil.com\/index\/2024\/08\/01\/encabeza-alcaldesa-de-san-andres-tuxtla-reunion-con-autoridades-en-el-marco-del-festival-internacional-del-globo-2024\/solana-globeros-04-3\/\" data-orig-file=\"https:\/\/i2.wp.com\/www.noticiasperfil.com\/index\/wp-content\/uploads\/2024\/08\/solana-globeros-04.jpg?fit=960%2C640&amp;ssl=1\" data-orig-size=\"960,640\" data-comments-opened=\"1\" data-image-meta=\"{&quot;aperture&quot;:&quot;0&quot;,&quot;credit&quot;:&quot;&quot;,&quot;camera&quot;:&quot;&quot;,&quot;caption&quot;:&quot;&quot;,&quot;created_timestamp&quot;:&quot;0&quot;,&quot;copyright&quot;:&quot;&quot;,&quot;focal_length&quot;:&quot;0&quot;,&quot;iso&quot;:&quot;0&quot;,&quot;shutter_speed&quot;:&quot;0&quot;,&quot;title&quot;:&quot;&quot;,&quot;orientation&quot;:&quot;0&quot;}\" data-image-title=\"solana-globeros-04\" data-image-description=\"\" data-medium-file=\"https:\/\/i2.wp.com\/www.noticiasperfil.com\/index\/wp-content\/uploads\/2024\/08\/solana-globeros-04.jpg?fit=660%2C365&amp;ssl=1\" data-large-file=\"https:\/\/i2.wp.com\/www.noticiasperfil.com\/index\/wp-content\/uploads\/2024\/08\/solana-globeros-04.jpg?fit=640%2C366&amp;ssl=1\" class=\"aligncenter size-full wp-image-108250\" src=\"https:\/\/i2.wp.com\/www.noticiasperfil.com\/index\/wp-content\/uploads\/2024\/08\/solana-globeros-04.jpg?resize=640%2C427&#038;ssl=1\" alt=\"\" width=\"640\" height=\"427\" data-recalc-dims=\"1\" \/><\/p>\n<p>Mar\u00eda Elena Solana Calzada dej\u00f3 claro que este trabajo coordinado y en conjunto estar\u00e1 encaminado a ofrecer a la ciudadan\u00eda as\u00ed como a los visitantes un festival seguro que se podr\u00e1 disfrutar en familia y que continuar\u00e1 poniendo en alto el nombre de San Andr\u00e9s Tuxtla con el Festival Internacional del Globo 2024.<\/p>\n","protected":false},"excerpt":{"rendered":"<p>Se coordinan para integrar comando unificado que operar\u00e1 durante los d\u00edas 14, 15 y 16 de septiembre en la sede del festival y eventos culturales. San Andr\u00e9s Tuxtla, Ver.- La alcaldesa de San Andr\u00e9s Tuxtla, Mar\u00eda Elena Solana Calzada, convoc\u00f3 a la primera reuni\u00f3n de trabajo con autoridades de diversas dependencias, esto con la finalidad de inegrar un comando unificado en el marco del Festival Internacional del Globo de Papel San Andr\u00e9s Tuxtla 2024, el cual se realizar\u00e1 en el campo deportivo de la colonia Primero de Mayo los d\u00edas&hellip;<\/p>\n","protected":false},"author":1,"featured_media":108247,"comment_status":"open","ping_status":"closed","sticky":false,"template":"","format":"standard","meta":{"footnotes":""},"categories":[3,12],"tags":[7966],"class_list":["post-108246","post","type-post","status-publish","format-standard","has-post-thumbnail","hentry","category-destacadas","category-san-andres-tuxtla","tag-maria-elena-solana-calzada"],"jetpack-related-posts":[],"_links":{"self":[{"href":"https:\/\/www.noticiasperfil.com\/index\/wp-json\/wp\/v2\/posts\/108246","targetHints":{"allow":["GET"]}}],"collection":[{"href":"https:\/\/www.noticiasperfil.com\/index\/wp-json\/wp\/v2\/posts"}],"about":[{"href":"https:\/\/www.noticiasperfil.com\/index\/wp-json\/wp\/v2\/types\/post"}],"author":[{"embeddable":true,"href":"https:\/\/www.noticiasperfil.com\/index\/wp-json\/wp\/v2\/users\/1"}],"replies":[{"embeddable":true,"href":"https:\/\/www.noticiasperfil.com\/index\/wp-json\/wp\/v2\/comments?post=108246"}],"version-history":[{"count":1,"href":"https:\/\/www.noticiasperfil.com\/index\/wp-json\/wp\/v2\/posts\/108246\/revisions"}],"predecessor-version":[{"id":108251,"href":"https:\/\/www.noticiasperfil.com\/index\/wp-json\/wp\/v2\/posts\/108246\/revisions\/108251"}],"wp:featuredmedia":[{"embeddable":true,"href":"https:\/\/www.noticiasperfil.com\/index\/wp-json\/wp\/v2\/media\/108247"}],"wp:attachment":[{"href":"https:\/\/www.noticiasperfil.com\/index\/wp-json\/wp\/v2\/media?parent=108246"}],"wp:term":[{"taxonomy":"category","embeddable":true,"href":"https:\/\/www.noticiasperfil.com\/index\/wp-json\/wp\/v2\/categories?post=108246"},{"taxonomy":"post_tag","embeddable":true,"href":"https:\/\/www.noticiasperfil.com\/index\/wp-json\/wp\/v2\/tags?post=108246"}],"curies":[{"name":"wp","href":"https:\/\/api.w.org\/{rel}","templated":true}]}}