{"id":108255,"date":"2024-08-02T15:32:57","date_gmt":"2024-08-02T20:32:57","guid":{"rendered":"https:\/\/www.noticiasperfil.com\/index\/?p=108255"},"modified":"2024-08-02T15:32:57","modified_gmt":"2024-08-02T20:32:57","slug":"brigadas-de-alumbrado-publico-municipal-atienden-solicitudes-ciudadanas-para-rehabilitar-luminarias","status":"publish","type":"post","link":"https:\/\/www.noticiasperfil.com\/index\/2024\/08\/02\/brigadas-de-alumbrado-publico-municipal-atienden-solicitudes-ciudadanas-para-rehabilitar-luminarias\/","title":{"rendered":"Brigadas de Alumbrado P\u00fablico  Municipal, atienden solicitudes ciudadanas para rehabilitar luminarias"},"content":{"rendered":"<p><img loading=\"lazy\" decoding=\"async\" data-attachment-id=\"108256\" data-permalink=\"https:\/\/www.noticiasperfil.com\/index\/2024\/08\/02\/brigadas-de-alumbrado-publico-municipal-atienden-solicitudes-ciudadanas-para-rehabilitar-luminarias\/alumbrado-sat-01\/\" data-orig-file=\"https:\/\/i1.wp.com\/www.noticiasperfil.com\/index\/wp-content\/uploads\/2024\/08\/alumbrado-sat-01.jpg?fit=450%2C600&amp;ssl=1\" data-orig-size=\"450,600\" data-comments-opened=\"1\" data-image-meta=\"{&quot;aperture&quot;:&quot;0&quot;,&quot;credit&quot;:&quot;&quot;,&quot;camera&quot;:&quot;&quot;,&quot;caption&quot;:&quot;&quot;,&quot;created_timestamp&quot;:&quot;0&quot;,&quot;copyright&quot;:&quot;&quot;,&quot;focal_length&quot;:&quot;0&quot;,&quot;iso&quot;:&quot;0&quot;,&quot;shutter_speed&quot;:&quot;0&quot;,&quot;title&quot;:&quot;&quot;,&quot;orientation&quot;:&quot;0&quot;}\" data-image-title=\"alumbrado-sat-01\" data-image-description=\"\" data-medium-file=\"https:\/\/i1.wp.com\/www.noticiasperfil.com\/index\/wp-content\/uploads\/2024\/08\/alumbrado-sat-01.jpg?fit=450%2C365&amp;ssl=1\" data-large-file=\"https:\/\/i1.wp.com\/www.noticiasperfil.com\/index\/wp-content\/uploads\/2024\/08\/alumbrado-sat-01.jpg?fit=450%2C480&amp;ssl=1\" class=\"aligncenter size-full wp-image-108256\" src=\"https:\/\/i1.wp.com\/www.noticiasperfil.com\/index\/wp-content\/uploads\/2024\/08\/alumbrado-sat-01.jpg?resize=450%2C600&#038;ssl=1\" alt=\"\" width=\"450\" height=\"600\" data-recalc-dims=\"1\" \/><\/p>\n<p><em><strong>\u2022 Se ha dado respuesta a reportes de fallas por las lluvias en las colonias Emiliano Zapata, Fovissste, Buena Vista, El Jard\u00edn, Boulevard 5 de Febrero, Colonia Centro y Valles de Bel\u00e9n, entre otras.<\/strong><\/em><\/p>\n<p>San Andr\u00e9s Tuxtla, Ver. \u2013 De manera intensiva y por instrucci\u00f3n de la alcaldesa de San Andr\u00e9s Tuxtla, la doctora Mar\u00eda Elena Solana Calzada, se atendieron solicitudes ciudadanas para la reparaci\u00f3n de desperfectos en la red de luminarias en diversas colonias populares, a trav\u00e9s de brigadas de la direcci\u00f3n municipal de alumbrado p\u00fablico.<\/p>\n<p><img loading=\"lazy\" decoding=\"async\" data-attachment-id=\"108257\" data-permalink=\"https:\/\/www.noticiasperfil.com\/index\/2024\/08\/02\/brigadas-de-alumbrado-publico-municipal-atienden-solicitudes-ciudadanas-para-rehabilitar-luminarias\/alumbrado-sat-02\/\" data-orig-file=\"https:\/\/i0.wp.com\/www.noticiasperfil.com\/index\/wp-content\/uploads\/2024\/08\/alumbrado-sat-02.jpg?fit=540%2C960&amp;ssl=1\" data-orig-size=\"540,960\" data-comments-opened=\"1\" data-image-meta=\"{&quot;aperture&quot;:&quot;0&quot;,&quot;credit&quot;:&quot;&quot;,&quot;camera&quot;:&quot;&quot;,&quot;caption&quot;:&quot;&quot;,&quot;created_timestamp&quot;:&quot;0&quot;,&quot;copyright&quot;:&quot;&quot;,&quot;focal_length&quot;:&quot;0&quot;,&quot;iso&quot;:&quot;0&quot;,&quot;shutter_speed&quot;:&quot;0&quot;,&quot;title&quot;:&quot;&quot;,&quot;orientation&quot;:&quot;0&quot;}\" data-image-title=\"alumbrado-sat-02\" data-image-description=\"\" data-medium-file=\"https:\/\/i0.wp.com\/www.noticiasperfil.com\/index\/wp-content\/uploads\/2024\/08\/alumbrado-sat-02.jpg?fit=540%2C365&amp;ssl=1\" data-large-file=\"https:\/\/i0.wp.com\/www.noticiasperfil.com\/index\/wp-content\/uploads\/2024\/08\/alumbrado-sat-02.jpg?fit=540%2C480&amp;ssl=1\" class=\"aligncenter size-full wp-image-108257\" src=\"https:\/\/i0.wp.com\/www.noticiasperfil.com\/index\/wp-content\/uploads\/2024\/08\/alumbrado-sat-02.jpg?resize=540%2C960&#038;ssl=1\" alt=\"\" width=\"540\" height=\"960\" data-recalc-dims=\"1\" \/><\/p>\n<p>Los trabajos para la reparaci\u00f3n de luminarias de esta semana, se realizaron en la colonias Emiliano Zapata, Fovissste, Buena Vista, El Jard\u00edn, Boulevard 5 de Febrero, Colonia Centro y Valles de Bel\u00e9n, entre otras, luego de que todas las solicitudes ciudadanas fueran dirigidas al departamento de alumbrado p\u00fablico, que brind\u00f3 la atenci\u00f3n inmediata al integrar a su plan de trabajo la reparaci\u00f3n de luminarias da\u00f1adas.<\/p>\n<p><img loading=\"lazy\" decoding=\"async\" data-attachment-id=\"108258\" data-permalink=\"https:\/\/www.noticiasperfil.com\/index\/2024\/08\/02\/brigadas-de-alumbrado-publico-municipal-atienden-solicitudes-ciudadanas-para-rehabilitar-luminarias\/alumbrado-sat-03\/\" data-orig-file=\"https:\/\/i1.wp.com\/www.noticiasperfil.com\/index\/wp-content\/uploads\/2024\/08\/alumbrado-sat-03.jpg?fit=540%2C960&amp;ssl=1\" data-orig-size=\"540,960\" data-comments-opened=\"1\" data-image-meta=\"{&quot;aperture&quot;:&quot;0&quot;,&quot;credit&quot;:&quot;&quot;,&quot;camera&quot;:&quot;&quot;,&quot;caption&quot;:&quot;&quot;,&quot;created_timestamp&quot;:&quot;0&quot;,&quot;copyright&quot;:&quot;&quot;,&quot;focal_length&quot;:&quot;0&quot;,&quot;iso&quot;:&quot;0&quot;,&quot;shutter_speed&quot;:&quot;0&quot;,&quot;title&quot;:&quot;&quot;,&quot;orientation&quot;:&quot;0&quot;}\" data-image-title=\"alumbrado-sat-03\" data-image-description=\"\" data-medium-file=\"https:\/\/i1.wp.com\/www.noticiasperfil.com\/index\/wp-content\/uploads\/2024\/08\/alumbrado-sat-03.jpg?fit=540%2C365&amp;ssl=1\" data-large-file=\"https:\/\/i1.wp.com\/www.noticiasperfil.com\/index\/wp-content\/uploads\/2024\/08\/alumbrado-sat-03.jpg?fit=540%2C480&amp;ssl=1\" class=\"aligncenter size-full wp-image-108258\" src=\"https:\/\/i1.wp.com\/www.noticiasperfil.com\/index\/wp-content\/uploads\/2024\/08\/alumbrado-sat-03.jpg?resize=540%2C960&#038;ssl=1\" alt=\"\" width=\"540\" height=\"960\" data-recalc-dims=\"1\" \/><\/p>\n<p>En este sentido la direcci\u00f3n municipal de alumbrado p\u00fablico dio a conocer que seguir\u00e1n trabajando para que la ciudadan\u00eda cuente con la seguridad al tener un servicio de alumbrado digno y funcional, tal como lo indica la alcaldesa de San Andr\u00e9s Tuxtla.<\/p>\n<p><img loading=\"lazy\" decoding=\"async\" data-attachment-id=\"108259\" data-permalink=\"https:\/\/www.noticiasperfil.com\/index\/2024\/08\/02\/brigadas-de-alumbrado-publico-municipal-atienden-solicitudes-ciudadanas-para-rehabilitar-luminarias\/alumbrado-sat-04\/\" data-orig-file=\"https:\/\/i2.wp.com\/www.noticiasperfil.com\/index\/wp-content\/uploads\/2024\/08\/alumbrado-sat-04.jpg?fit=723%2C960&amp;ssl=1\" data-orig-size=\"723,960\" data-comments-opened=\"1\" data-image-meta=\"{&quot;aperture&quot;:&quot;0&quot;,&quot;credit&quot;:&quot;&quot;,&quot;camera&quot;:&quot;&quot;,&quot;caption&quot;:&quot;&quot;,&quot;created_timestamp&quot;:&quot;0&quot;,&quot;copyright&quot;:&quot;&quot;,&quot;focal_length&quot;:&quot;0&quot;,&quot;iso&quot;:&quot;0&quot;,&quot;shutter_speed&quot;:&quot;0&quot;,&quot;title&quot;:&quot;&quot;,&quot;orientation&quot;:&quot;0&quot;}\" data-image-title=\"alumbrado-sat-04\" data-image-description=\"\" data-medium-file=\"https:\/\/i2.wp.com\/www.noticiasperfil.com\/index\/wp-content\/uploads\/2024\/08\/alumbrado-sat-04.jpg?fit=660%2C365&amp;ssl=1\" data-large-file=\"https:\/\/i2.wp.com\/www.noticiasperfil.com\/index\/wp-content\/uploads\/2024\/08\/alumbrado-sat-04.jpg?fit=640%2C425&amp;ssl=1\" class=\"aligncenter size-full wp-image-108259\" src=\"https:\/\/i2.wp.com\/www.noticiasperfil.com\/index\/wp-content\/uploads\/2024\/08\/alumbrado-sat-04.jpg?resize=640%2C850&#038;ssl=1\" alt=\"\" width=\"640\" height=\"850\" data-recalc-dims=\"1\" \/><\/p>\n<p>Asimismo, invitaron a la poblaci\u00f3n a acudir directamente con las solicitudes para reparaci\u00f3n, al departamento de alumbrado, donde pueden presentar su solicitud o queja por escrito en las oficinas de la dependencia que se encuentran dentro del palacio municipal.<\/p>\n","protected":false},"excerpt":{"rendered":"<p>\u2022 Se ha dado respuesta a reportes de fallas por las lluvias en las colonias Emiliano Zapata, Fovissste, Buena Vista, El Jard\u00edn, Boulevard 5 de Febrero, Colonia Centro y Valles de Bel\u00e9n, entre otras. San Andr\u00e9s Tuxtla, Ver. \u2013 De manera intensiva y por instrucci\u00f3n de la alcaldesa de San Andr\u00e9s Tuxtla, la doctora Mar\u00eda Elena Solana Calzada, se atendieron solicitudes ciudadanas para la reparaci\u00f3n de desperfectos en la red de luminarias en diversas colonias populares, a trav\u00e9s de brigadas de la direcci\u00f3n municipal de alumbrado p\u00fablico. Los trabajos para&hellip;<\/p>\n","protected":false},"author":1,"featured_media":108256,"comment_status":"open","ping_status":"closed","sticky":false,"template":"","format":"standard","meta":{"footnotes":""},"categories":[3,12],"tags":[7966],"class_list":["post-108255","post","type-post","status-publish","format-standard","has-post-thumbnail","hentry","category-destacadas","category-san-andres-tuxtla","tag-maria-elena-solana-calzada"],"jetpack-related-posts":[],"_links":{"self":[{"href":"https:\/\/www.noticiasperfil.com\/index\/wp-json\/wp\/v2\/posts\/108255","targetHints":{"allow":["GET"]}}],"collection":[{"href":"https:\/\/www.noticiasperfil.com\/index\/wp-json\/wp\/v2\/posts"}],"about":[{"href":"https:\/\/www.noticiasperfil.com\/index\/wp-json\/wp\/v2\/types\/post"}],"author":[{"embeddable":true,"href":"https:\/\/www.noticiasperfil.com\/index\/wp-json\/wp\/v2\/users\/1"}],"replies":[{"embeddable":true,"href":"https:\/\/www.noticiasperfil.com\/index\/wp-json\/wp\/v2\/comments?post=108255"}],"version-history":[{"count":1,"href":"https:\/\/www.noticiasperfil.com\/index\/wp-json\/wp\/v2\/posts\/108255\/revisions"}],"predecessor-version":[{"id":108260,"href":"https:\/\/www.noticiasperfil.com\/index\/wp-json\/wp\/v2\/posts\/108255\/revisions\/108260"}],"wp:featuredmedia":[{"embeddable":true,"href":"https:\/\/www.noticiasperfil.com\/index\/wp-json\/wp\/v2\/media\/108256"}],"wp:attachment":[{"href":"https:\/\/www.noticiasperfil.com\/index\/wp-json\/wp\/v2\/media?parent=108255"}],"wp:term":[{"taxonomy":"category","embeddable":true,"href":"https:\/\/www.noticiasperfil.com\/index\/wp-json\/wp\/v2\/categories?post=108255"},{"taxonomy":"post_tag","embeddable":true,"href":"https:\/\/www.noticiasperfil.com\/index\/wp-json\/wp\/v2\/tags?post=108255"}],"curies":[{"name":"wp","href":"https:\/\/api.w.org\/{rel}","templated":true}]}}