{"id":108261,"date":"2024-08-02T15:43:56","date_gmt":"2024-08-02T20:43:56","guid":{"rendered":"https:\/\/www.noticiasperfil.com\/index\/?p=108261"},"modified":"2024-08-02T15:43:56","modified_gmt":"2024-08-02T20:43:56","slug":"se-reune-gobernador-con-alcaldes-de-xico-y-coatepec-por-temas-de-seguridad","status":"publish","type":"post","link":"https:\/\/www.noticiasperfil.com\/index\/2024\/08\/02\/se-reune-gobernador-con-alcaldes-de-xico-y-coatepec-por-temas-de-seguridad\/","title":{"rendered":"Se re\u00fane gobernador con alcaldes de Xico y Coatepec por temas de seguridad"},"content":{"rendered":"<p><img loading=\"lazy\" decoding=\"async\" data-attachment-id=\"108262\" data-permalink=\"https:\/\/www.noticiasperfil.com\/index\/2024\/08\/02\/se-reune-gobernador-con-alcaldes-de-xico-y-coatepec-por-temas-de-seguridad\/seguridad-xico\/\" data-orig-file=\"https:\/\/i1.wp.com\/www.noticiasperfil.com\/index\/wp-content\/uploads\/2024\/08\/seguridad-xico.jpg?fit=921%2C691&amp;ssl=1\" data-orig-size=\"921,691\" data-comments-opened=\"1\" data-image-meta=\"{&quot;aperture&quot;:&quot;0&quot;,&quot;credit&quot;:&quot;&quot;,&quot;camera&quot;:&quot;&quot;,&quot;caption&quot;:&quot;&quot;,&quot;created_timestamp&quot;:&quot;0&quot;,&quot;copyright&quot;:&quot;&quot;,&quot;focal_length&quot;:&quot;0&quot;,&quot;iso&quot;:&quot;0&quot;,&quot;shutter_speed&quot;:&quot;0&quot;,&quot;title&quot;:&quot;&quot;,&quot;orientation&quot;:&quot;0&quot;}\" data-image-title=\"seguridad-xico\" data-image-description=\"\" data-medium-file=\"https:\/\/i1.wp.com\/www.noticiasperfil.com\/index\/wp-content\/uploads\/2024\/08\/seguridad-xico.jpg?fit=660%2C365&amp;ssl=1\" data-large-file=\"https:\/\/i1.wp.com\/www.noticiasperfil.com\/index\/wp-content\/uploads\/2024\/08\/seguridad-xico.jpg?fit=640%2C366&amp;ssl=1\" class=\"aligncenter size-full wp-image-108262\" src=\"https:\/\/i1.wp.com\/www.noticiasperfil.com\/index\/wp-content\/uploads\/2024\/08\/seguridad-xico.jpg?resize=640%2C480&#038;ssl=1\" alt=\"\" width=\"640\" height=\"480\" data-recalc-dims=\"1\" \/><\/p>\n<ul>\n<li><em><strong>Secretar\u00eda de Seguridad P\u00fablica encabeza operativo preventivo coordinado con fuerzas federales Xico, Coatepec, Cosautl\u00e1n de Carvajal y Teocelo.<\/strong><\/em><\/li>\n<\/ul>\n<p>XALAPA, VER + El gobernador Cuitl\u00e1huac Garc\u00eda Jim\u00e9nez, se reuni\u00f3 la ma\u00f1ana de este viernes con los alcaldes de Xico y Coatepec para analizar y atender la incidencia delictiva en esta regi\u00f3n.<\/p>\n<p>A trav\u00e9s de sus redes sociales, explic\u00f3 que de manera coordinada estaremos dando seguimiento a la estrategia implementada.<\/p>\n<p>\u00abContinuamos atendiendo todos los casos en el estado con reuniones de trabajo diarias con la COESCONPAZ.\u00bb<br \/>\nEn ese sentido, la Secretaria de Seguridad P\u00fablica a trav\u00e9s de Polic\u00eda Estatal y de manera coordinada con SEDENA, Guardia Nacional y Polic\u00eda Municipal pusieron en marcha Bases de Operaciones Mixtas (BOM) en distintos puntos de los municipios de Xico, Coatepec, Cosautl\u00e1n de Carvajal y Teocelo.<\/p>\n<p>Los oficiales realizan recorridos en localidades, carreteras y brechas pertenecientes a los municipios ubicados al centro del territorio veracruzano, adem\u00e1s de la instalaci\u00f3n de puestos de inspecci\u00f3n m\u00f3viles en puntos estrat\u00e9gicos.<\/p>\n<p>Dentro de las acciones en marcha se enlistan: sobrevuelos de reconocimiento a\u00e9reo en las diferentes zonas, patrullajes en \u00e1reas aleda\u00f1as y principales localidades, operativos bares y cantinas, as\u00ed como la instalaci\u00f3n de filtros de inspecci\u00f3n.<\/p>\n<p>La SSP exhorta a la poblaci\u00f3n a reportar cualquier incidente de manera inmediata a la l\u00ednea de emergencias 9-1-1 y seguir las recomendaciones que emiten las autoridades.<\/p>\n","protected":false},"excerpt":{"rendered":"<p>Secretar\u00eda de Seguridad P\u00fablica encabeza operativo preventivo coordinado con fuerzas federales Xico, Coatepec, Cosautl\u00e1n de Carvajal y Teocelo. XALAPA, VER + El gobernador Cuitl\u00e1huac Garc\u00eda Jim\u00e9nez, se reuni\u00f3 la ma\u00f1ana de este viernes con los alcaldes de Xico y Coatepec para analizar y atender la incidencia delictiva en esta regi\u00f3n. A trav\u00e9s de sus redes sociales, explic\u00f3 que de manera coordinada estaremos dando seguimiento a la estrategia implementada. \u00abContinuamos atendiendo todos los casos en el estado con reuniones de trabajo diarias con la COESCONPAZ.\u00bb En ese sentido, la Secretaria de&hellip;<\/p>\n","protected":false},"author":1,"featured_media":108262,"comment_status":"open","ping_status":"closed","sticky":false,"template":"","format":"standard","meta":{"footnotes":""},"categories":[3,4],"tags":[339],"class_list":["post-108261","post","type-post","status-publish","format-standard","has-post-thumbnail","hentry","category-destacadas","category-estatal","tag-cuitlahuac-garcia-jimenez"],"jetpack-related-posts":[],"_links":{"self":[{"href":"https:\/\/www.noticiasperfil.com\/index\/wp-json\/wp\/v2\/posts\/108261","targetHints":{"allow":["GET"]}}],"collection":[{"href":"https:\/\/www.noticiasperfil.com\/index\/wp-json\/wp\/v2\/posts"}],"about":[{"href":"https:\/\/www.noticiasperfil.com\/index\/wp-json\/wp\/v2\/types\/post"}],"author":[{"embeddable":true,"href":"https:\/\/www.noticiasperfil.com\/index\/wp-json\/wp\/v2\/users\/1"}],"replies":[{"embeddable":true,"href":"https:\/\/www.noticiasperfil.com\/index\/wp-json\/wp\/v2\/comments?post=108261"}],"version-history":[{"count":1,"href":"https:\/\/www.noticiasperfil.com\/index\/wp-json\/wp\/v2\/posts\/108261\/revisions"}],"predecessor-version":[{"id":108263,"href":"https:\/\/www.noticiasperfil.com\/index\/wp-json\/wp\/v2\/posts\/108261\/revisions\/108263"}],"wp:featuredmedia":[{"embeddable":true,"href":"https:\/\/www.noticiasperfil.com\/index\/wp-json\/wp\/v2\/media\/108262"}],"wp:attachment":[{"href":"https:\/\/www.noticiasperfil.com\/index\/wp-json\/wp\/v2\/media?parent=108261"}],"wp:term":[{"taxonomy":"category","embeddable":true,"href":"https:\/\/www.noticiasperfil.com\/index\/wp-json\/wp\/v2\/categories?post=108261"},{"taxonomy":"post_tag","embeddable":true,"href":"https:\/\/www.noticiasperfil.com\/index\/wp-json\/wp\/v2\/tags?post=108261"}],"curies":[{"name":"wp","href":"https:\/\/api.w.org\/{rel}","templated":true}]}}