{"id":108270,"date":"2024-08-03T13:19:54","date_gmt":"2024-08-03T18:19:54","guid":{"rendered":"https:\/\/www.noticiasperfil.com\/index\/?p=108270"},"modified":"2024-08-03T13:19:54","modified_gmt":"2024-08-03T18:19:54","slug":"inaugura-amlo-en-chiapas-puente-la-concordia-es-un-compromiso-cumplido-afirma","status":"publish","type":"post","link":"https:\/\/www.noticiasperfil.com\/index\/2024\/08\/03\/inaugura-amlo-en-chiapas-puente-la-concordia-es-un-compromiso-cumplido-afirma\/","title":{"rendered":"Inaugura AMLO en Chiapas puente La Concordia; \u201ces un compromiso cumplido\u201d, afirma."},"content":{"rendered":"<p><img loading=\"lazy\" decoding=\"async\" data-attachment-id=\"108271\" data-permalink=\"https:\/\/www.noticiasperfil.com\/index\/2024\/08\/03\/inaugura-amlo-en-chiapas-puente-la-concordia-es-un-compromiso-cumplido-afirma\/amlo-puente-concordia\/\" data-orig-file=\"https:\/\/i1.wp.com\/www.noticiasperfil.com\/index\/wp-content\/uploads\/2024\/08\/amlo-puente-concordia.jpg?fit=1500%2C1000&amp;ssl=1\" data-orig-size=\"1500,1000\" data-comments-opened=\"1\" data-image-meta=\"{&quot;aperture&quot;:&quot;0&quot;,&quot;credit&quot;:&quot;&quot;,&quot;camera&quot;:&quot;&quot;,&quot;caption&quot;:&quot;&quot;,&quot;created_timestamp&quot;:&quot;0&quot;,&quot;copyright&quot;:&quot;MAMAHUA\\\/4&quot;,&quot;focal_length&quot;:&quot;0&quot;,&quot;iso&quot;:&quot;0&quot;,&quot;shutter_speed&quot;:&quot;0&quot;,&quot;title&quot;:&quot;&quot;,&quot;orientation&quot;:&quot;0&quot;}\" data-image-title=\"amlo-puente-concordia\" data-image-description=\"\" data-medium-file=\"https:\/\/i1.wp.com\/www.noticiasperfil.com\/index\/wp-content\/uploads\/2024\/08\/amlo-puente-concordia.jpg?fit=660%2C365&amp;ssl=1\" data-large-file=\"https:\/\/i1.wp.com\/www.noticiasperfil.com\/index\/wp-content\/uploads\/2024\/08\/amlo-puente-concordia.jpg?fit=640%2C366&amp;ssl=1\" class=\"aligncenter size-full wp-image-108271\" src=\"https:\/\/i1.wp.com\/www.noticiasperfil.com\/index\/wp-content\/uploads\/2024\/08\/amlo-puente-concordia.jpg?resize=640%2C427&#038;ssl=1\" alt=\"\" width=\"640\" height=\"427\" srcset=\"https:\/\/i1.wp.com\/www.noticiasperfil.com\/index\/wp-content\/uploads\/2024\/08\/amlo-puente-concordia.jpg?w=1500&amp;ssl=1 1500w, https:\/\/i1.wp.com\/www.noticiasperfil.com\/index\/wp-content\/uploads\/2024\/08\/amlo-puente-concordia.jpg?w=1280&amp;ssl=1 1280w\" sizes=\"auto, (max-width: 640px) 100vw, 640px\" data-recalc-dims=\"1\" \/><\/p>\n<p>Tuxtla Gtz, Chiapas.- El presidente Andr\u00e9s Manuel L\u00f3pez Obrador cort\u00f3 el list\u00f3n inaugural del puente La Concordia, en Chiapas. A trav\u00e9s de 703 metros de longitud conecta a La Angostura, el embalse m\u00e1s grande de M\u00e9xico, y acorta la distancia entre comunidades de Tuxtla Guti\u00e9rrez y la zona fronteriza con Guatemala.<\/p>\n<p>\u201cVan ustedes a tener una comunicaci\u00f3n con menos tiempo para llegar a la capital del estado. Es una gran obra y por eso nos comprometimos a construirla, a terminarla y es un compromiso cumplido\u201d, expres\u00f3.<\/p>\n<p>Esta obra necesaria para la regi\u00f3n se ubica en la carretera Chicomuselo-La Concordia e inici\u00f3 el 10 de julio de 2022. Se trata del primer puente atirantado en Chiapas y uno de los m\u00e1s grandes del pa\u00eds en beneficio de 300 mil habitantes de diez municipios, inform\u00f3 el secretario de Infraestructura, Comunicaciones y Transportes (SICT), Jorge Nu\u00f1o Lara.<\/p>\n<p>Por a\u00f1os, los pobladores realizaron sus recorridos entre La Concordia, Ignacio Zaragoza, Rizo de Oro y Chicomuselo con pangas o lanchas para atravesar la presa La Angostura. Las dificultades en la movilidad agudizaron la marginaci\u00f3n en las comunidades debido al tiempo y los riesgos que implicaba el traslado, explic\u00f3.<\/p>\n<p>Ahora, con el puente La Concordia, s\u00f3lo tomar\u00e1 2 minutos cruzar la presa porque el trayecto se redujo hasta 60 minutos. La edificaci\u00f3n facilitar\u00e1 el acceso a la salud y la educaci\u00f3n e impulsar\u00e1 el comercio y el turismo.<\/p>\n<p>La inversi\u00f3n federal en este proyecto asciende a mil 187 millones de pesos, ejercidos en s\u00f3lo 16 meses de construcci\u00f3n, la cual incluy\u00f3 un camino de acceso de 940 metros.<\/p>\n<p>El jefe del Ejecutivo reconoci\u00f3 la labor de camineros y trabajadores de la construcci\u00f3n, as\u00ed como de las empresas participantes que contribuyeron a la consolidaci\u00f3n de la obra.<\/p>\n<p>En el municipio de La Concordia tambi\u00e9n se lleva a cabo el puente Rizo de Oro, que ser\u00e1 inaugurado antes de terminar la administraci\u00f3n el 30 de septiembre, como parte del compromiso del presidente L\u00f3pez Obrador. La infraestructura contempla 404 metros de longitud y dos caminos de acceso de 1.7 kil\u00f3metros.<\/p>\n<p>En su mensaje, el mandatario indic\u00f3 que el Gobierno de M\u00e9xico est\u00e1 pendiente de la situaci\u00f3n de seguridad de La Concordia y zonas cercanas. Al respecto, puntualiz\u00f3 que las obras de infraestructura y los Programas para el Bienestar abonan a la pacificaci\u00f3n.<\/p>\n<p>\u201cNo me ha gustado, se los digo, lo que ha estado pasando \u00faltimamente; ya estamos interviniendo. Hay que hacer valer el nombre del municipio La Concordia, hay que ir al camino de la justicia, por la paz, por la tranquilidad, el transformar por el camino de la concordia. Entonces, tenemos que buscar la unidad de nuestro pueblo\u201d, remarc\u00f3.<\/p>\n<p>El presidente L\u00f3pez Obrador llam\u00f3 a los pobladores a reforzar lazos familiares con las y los j\u00f3venes a fin de prevenir conductas antisociales.<\/p>\n<p>\u201cTengo fe que muy pronto toda esta regi\u00f3n se va a pacificar y va a volver la hermandad y la concordia\u201d, agreg\u00f3.<\/p>\n<p>Durante el octavo recorrido de fin de semana por el pa\u00eds junto al titular del Ejecutivo, la virtual presidenta electa, Claudia Sheinbaum Pardo, afirm\u00f3 que en el pr\u00f3ximo gobierno continuar\u00e1n las obras de infraestructura como un asunto de justicia a la gente que menos tiene.<\/p>\n<p>El gobernador de Chiapas, Rutilio Escand\u00f3n Cadenas, resalt\u00f3 que el puente La Concordia reducir\u00e1 la pobreza y aportar\u00e1 desarrollo y bienestar, lo que crear\u00e1 condiciones de paz en la Regi\u00f3n Frailesca y Sierra Mariscal.<\/p>\n<p>Al evento asisti\u00f3 el subsecretario de Infraestructura de la Secretar\u00eda de Infraestructura, Comunicaciones y Transportes, Jes\u00fas Felipe Verdugo L\u00f3pez.<\/p>\n","protected":false},"excerpt":{"rendered":"<p>Tuxtla Gtz, Chiapas.- El presidente Andr\u00e9s Manuel L\u00f3pez Obrador cort\u00f3 el list\u00f3n inaugural del puente La Concordia, en Chiapas. A trav\u00e9s de 703 metros de longitud conecta a La Angostura, el embalse m\u00e1s grande de M\u00e9xico, y acorta la distancia entre comunidades de Tuxtla Guti\u00e9rrez y la zona fronteriza con Guatemala. \u201cVan ustedes a tener una comunicaci\u00f3n con menos tiempo para llegar a la capital del estado. Es una gran obra y por eso nos comprometimos a construirla, a terminarla y es un compromiso cumplido\u201d, expres\u00f3. Esta obra necesaria para&hellip;<\/p>\n","protected":false},"author":1,"featured_media":108271,"comment_status":"open","ping_status":"closed","sticky":false,"template":"","format":"standard","meta":{"footnotes":""},"categories":[3,7],"tags":[86,10237],"class_list":["post-108270","post","type-post","status-publish","format-standard","has-post-thumbnail","hentry","category-destacadas","category-nacional","tag-andres-manuel-lopez-obrador","tag-clauida-sheinbaum-pardo"],"jetpack-related-posts":[],"_links":{"self":[{"href":"https:\/\/www.noticiasperfil.com\/index\/wp-json\/wp\/v2\/posts\/108270","targetHints":{"allow":["GET"]}}],"collection":[{"href":"https:\/\/www.noticiasperfil.com\/index\/wp-json\/wp\/v2\/posts"}],"about":[{"href":"https:\/\/www.noticiasperfil.com\/index\/wp-json\/wp\/v2\/types\/post"}],"author":[{"embeddable":true,"href":"https:\/\/www.noticiasperfil.com\/index\/wp-json\/wp\/v2\/users\/1"}],"replies":[{"embeddable":true,"href":"https:\/\/www.noticiasperfil.com\/index\/wp-json\/wp\/v2\/comments?post=108270"}],"version-history":[{"count":1,"href":"https:\/\/www.noticiasperfil.com\/index\/wp-json\/wp\/v2\/posts\/108270\/revisions"}],"predecessor-version":[{"id":108272,"href":"https:\/\/www.noticiasperfil.com\/index\/wp-json\/wp\/v2\/posts\/108270\/revisions\/108272"}],"wp:featuredmedia":[{"embeddable":true,"href":"https:\/\/www.noticiasperfil.com\/index\/wp-json\/wp\/v2\/media\/108271"}],"wp:attachment":[{"href":"https:\/\/www.noticiasperfil.com\/index\/wp-json\/wp\/v2\/media?parent=108270"}],"wp:term":[{"taxonomy":"category","embeddable":true,"href":"https:\/\/www.noticiasperfil.com\/index\/wp-json\/wp\/v2\/categories?post=108270"},{"taxonomy":"post_tag","embeddable":true,"href":"https:\/\/www.noticiasperfil.com\/index\/wp-json\/wp\/v2\/tags?post=108270"}],"curies":[{"name":"wp","href":"https:\/\/api.w.org\/{rel}","templated":true}]}}