{"id":108283,"date":"2024-08-06T15:34:49","date_gmt":"2024-08-06T20:34:49","guid":{"rendered":"https:\/\/www.noticiasperfil.com\/index\/?p=108283"},"modified":"2024-08-06T15:34:49","modified_gmt":"2024-08-06T20:34:49","slug":"gobierno-de-veracruz-realiza-tianguis-ganadero-en-catemaco-beneficiando-a-la-region","status":"publish","type":"post","link":"https:\/\/www.noticiasperfil.com\/index\/2024\/08\/06\/gobierno-de-veracruz-realiza-tianguis-ganadero-en-catemaco-beneficiando-a-la-region\/","title":{"rendered":"Gobierno de Veracruz realiza Tianguis Ganadero en Catemaco, beneficiando a la regi\u00f3n."},"content":{"rendered":"<p><img loading=\"lazy\" decoding=\"async\" data-attachment-id=\"108284\" data-permalink=\"https:\/\/www.noticiasperfil.com\/index\/2024\/08\/06\/gobierno-de-veracruz-realiza-tianguis-ganadero-en-catemaco-beneficiando-a-la-region\/tianguis-ganadero-01-4\/\" data-orig-file=\"https:\/\/i0.wp.com\/www.noticiasperfil.com\/index\/wp-content\/uploads\/2024\/08\/tianguis-ganadero-01.jpg?fit=2048%2C1365&amp;ssl=1\" data-orig-size=\"2048,1365\" data-comments-opened=\"1\" data-image-meta=\"{&quot;aperture&quot;:&quot;0&quot;,&quot;credit&quot;:&quot;&quot;,&quot;camera&quot;:&quot;&quot;,&quot;caption&quot;:&quot;&quot;,&quot;created_timestamp&quot;:&quot;0&quot;,&quot;copyright&quot;:&quot;&quot;,&quot;focal_length&quot;:&quot;0&quot;,&quot;iso&quot;:&quot;0&quot;,&quot;shutter_speed&quot;:&quot;0&quot;,&quot;title&quot;:&quot;&quot;,&quot;orientation&quot;:&quot;0&quot;}\" data-image-title=\"tianguis-ganadero-01\" data-image-description=\"\" data-medium-file=\"https:\/\/i0.wp.com\/www.noticiasperfil.com\/index\/wp-content\/uploads\/2024\/08\/tianguis-ganadero-01.jpg?fit=660%2C365&amp;ssl=1\" data-large-file=\"https:\/\/i0.wp.com\/www.noticiasperfil.com\/index\/wp-content\/uploads\/2024\/08\/tianguis-ganadero-01.jpg?fit=640%2C366&amp;ssl=1\" class=\"aligncenter size-full wp-image-108284\" src=\"https:\/\/i0.wp.com\/www.noticiasperfil.com\/index\/wp-content\/uploads\/2024\/08\/tianguis-ganadero-01.jpg?resize=640%2C427&#038;ssl=1\" alt=\"\" width=\"640\" height=\"427\" srcset=\"https:\/\/i0.wp.com\/www.noticiasperfil.com\/index\/wp-content\/uploads\/2024\/08\/tianguis-ganadero-01.jpg?w=2048&amp;ssl=1 2048w, https:\/\/i0.wp.com\/www.noticiasperfil.com\/index\/wp-content\/uploads\/2024\/08\/tianguis-ganadero-01.jpg?resize=1536%2C1024&amp;ssl=1 1536w, https:\/\/i0.wp.com\/www.noticiasperfil.com\/index\/wp-content\/uploads\/2024\/08\/tianguis-ganadero-01.jpg?w=1280&amp;ssl=1 1280w, https:\/\/i0.wp.com\/www.noticiasperfil.com\/index\/wp-content\/uploads\/2024\/08\/tianguis-ganadero-01.jpg?w=1920&amp;ssl=1 1920w\" sizes=\"auto, (max-width: 640px) 100vw, 640px\" data-recalc-dims=\"1\" \/><\/p>\n<p>\u00c1ngel R. Cabada, Ver.- El alcalde Julio Cesar Garcia Machucho de \u00c1ngel R. Cabada estuvo presente hoy en el Tianguis Ganadero organizado por la Secretar\u00eda de Desarrollo Agropecuario, Rural y Pesca (SEDARPA) del gobierno de Veracruz, bajo la administraci\u00f3n del Ing. Cuitl\u00e1huac Garc\u00eda Jim\u00e9nez. Este evento tuvo lugar en el municipio vecino de Catemaco, destacando por su impacto positivo en las familias de la regi\u00f3n.<\/p>\n<p><img loading=\"lazy\" decoding=\"async\" data-attachment-id=\"108285\" data-permalink=\"https:\/\/www.noticiasperfil.com\/index\/2024\/08\/06\/gobierno-de-veracruz-realiza-tianguis-ganadero-en-catemaco-beneficiando-a-la-region\/tianguis-ganadero-02-3\/\" data-orig-file=\"https:\/\/i1.wp.com\/www.noticiasperfil.com\/index\/wp-content\/uploads\/2024\/08\/tianguis-ganadero-02.jpg?fit=1156%2C867&amp;ssl=1\" data-orig-size=\"1156,867\" data-comments-opened=\"1\" data-image-meta=\"{&quot;aperture&quot;:&quot;0&quot;,&quot;credit&quot;:&quot;&quot;,&quot;camera&quot;:&quot;&quot;,&quot;caption&quot;:&quot;&quot;,&quot;created_timestamp&quot;:&quot;0&quot;,&quot;copyright&quot;:&quot;&quot;,&quot;focal_length&quot;:&quot;0&quot;,&quot;iso&quot;:&quot;0&quot;,&quot;shutter_speed&quot;:&quot;0&quot;,&quot;title&quot;:&quot;&quot;,&quot;orientation&quot;:&quot;0&quot;}\" data-image-title=\"tianguis-ganadero-02\" data-image-description=\"\" data-medium-file=\"https:\/\/i1.wp.com\/www.noticiasperfil.com\/index\/wp-content\/uploads\/2024\/08\/tianguis-ganadero-02.jpg?fit=660%2C365&amp;ssl=1\" data-large-file=\"https:\/\/i1.wp.com\/www.noticiasperfil.com\/index\/wp-content\/uploads\/2024\/08\/tianguis-ganadero-02.jpg?fit=640%2C366&amp;ssl=1\" class=\"aligncenter size-full wp-image-108285\" src=\"https:\/\/i1.wp.com\/www.noticiasperfil.com\/index\/wp-content\/uploads\/2024\/08\/tianguis-ganadero-02.jpg?resize=640%2C480&#038;ssl=1\" alt=\"\" width=\"640\" height=\"480\" data-recalc-dims=\"1\" \/><\/p>\n<p>El alcalde Julio Cesar Garcia Machucho expres\u00f3 su satisfacci\u00f3n por la iniciativa, reconociendo el compromiso del subsecretario de Ganader\u00eda y Pesca de SEDARPA, Humberto Amador Zaragoza, por su labor en la organizaci\u00f3n del tianguis, que ha beneficiado significativamente a los habitantes de \u00c1ngel R. Cabada y sus alrededores.<\/p>\n<p><img loading=\"lazy\" decoding=\"async\" data-attachment-id=\"108286\" data-permalink=\"https:\/\/www.noticiasperfil.com\/index\/2024\/08\/06\/gobierno-de-veracruz-realiza-tianguis-ganadero-en-catemaco-beneficiando-a-la-region\/tianguis-ganadero-03-3\/\" data-orig-file=\"https:\/\/i0.wp.com\/www.noticiasperfil.com\/index\/wp-content\/uploads\/2024\/08\/tianguis-ganadero-03.jpg?fit=2048%2C1365&amp;ssl=1\" data-orig-size=\"2048,1365\" data-comments-opened=\"1\" data-image-meta=\"{&quot;aperture&quot;:&quot;0&quot;,&quot;credit&quot;:&quot;&quot;,&quot;camera&quot;:&quot;&quot;,&quot;caption&quot;:&quot;&quot;,&quot;created_timestamp&quot;:&quot;0&quot;,&quot;copyright&quot;:&quot;&quot;,&quot;focal_length&quot;:&quot;0&quot;,&quot;iso&quot;:&quot;0&quot;,&quot;shutter_speed&quot;:&quot;0&quot;,&quot;title&quot;:&quot;&quot;,&quot;orientation&quot;:&quot;0&quot;}\" data-image-title=\"tianguis-ganadero-03\" data-image-description=\"\" data-medium-file=\"https:\/\/i0.wp.com\/www.noticiasperfil.com\/index\/wp-content\/uploads\/2024\/08\/tianguis-ganadero-03.jpg?fit=660%2C365&amp;ssl=1\" data-large-file=\"https:\/\/i0.wp.com\/www.noticiasperfil.com\/index\/wp-content\/uploads\/2024\/08\/tianguis-ganadero-03.jpg?fit=640%2C366&amp;ssl=1\" class=\"aligncenter size-full wp-image-108286\" src=\"https:\/\/i0.wp.com\/www.noticiasperfil.com\/index\/wp-content\/uploads\/2024\/08\/tianguis-ganadero-03.jpg?resize=640%2C427&#038;ssl=1\" alt=\"\" width=\"640\" height=\"427\" srcset=\"https:\/\/i0.wp.com\/www.noticiasperfil.com\/index\/wp-content\/uploads\/2024\/08\/tianguis-ganadero-03.jpg?w=2048&amp;ssl=1 2048w, https:\/\/i0.wp.com\/www.noticiasperfil.com\/index\/wp-content\/uploads\/2024\/08\/tianguis-ganadero-03.jpg?resize=1536%2C1024&amp;ssl=1 1536w, https:\/\/i0.wp.com\/www.noticiasperfil.com\/index\/wp-content\/uploads\/2024\/08\/tianguis-ganadero-03.jpg?w=1280&amp;ssl=1 1280w, https:\/\/i0.wp.com\/www.noticiasperfil.com\/index\/wp-content\/uploads\/2024\/08\/tianguis-ganadero-03.jpg?w=1920&amp;ssl=1 1920w\" sizes=\"auto, (max-width: 640px) 100vw, 640px\" data-recalc-dims=\"1\" \/><\/p>\n<p>El Tianguis Ganadero no solo fortalece el sector agropecuario local, sino que tambi\u00e9n contribuye al desarrollo econ\u00f3mico y social de la comunidad, subrayando el apoyo continuo del gobierno estatal hacia el sector rural.<\/p>\n","protected":false},"excerpt":{"rendered":"<p>\u00c1ngel R. Cabada, Ver.- El alcalde Julio Cesar Garcia Machucho de \u00c1ngel R. Cabada estuvo presente hoy en el Tianguis Ganadero organizado por la Secretar\u00eda de Desarrollo Agropecuario, Rural y Pesca (SEDARPA) del gobierno de Veracruz, bajo la administraci\u00f3n del Ing. Cuitl\u00e1huac Garc\u00eda Jim\u00e9nez. Este evento tuvo lugar en el municipio vecino de Catemaco, destacando por su impacto positivo en las familias de la regi\u00f3n. El alcalde Julio Cesar Garcia Machucho expres\u00f3 su satisfacci\u00f3n por la iniciativa, reconociendo el compromiso del subsecretario de Ganader\u00eda y Pesca de SEDARPA, Humberto Amador&hellip;<\/p>\n","protected":false},"author":1,"featured_media":108284,"comment_status":"open","ping_status":"closed","sticky":false,"template":"","format":"standard","meta":{"footnotes":""},"categories":[3,16],"tags":[9036],"class_list":["post-108283","post","type-post","status-publish","format-standard","has-post-thumbnail","hentry","category-destacadas","category-zona-canera","tag-julio-cesar-garcia-machucho"],"jetpack-related-posts":[],"_links":{"self":[{"href":"https:\/\/www.noticiasperfil.com\/index\/wp-json\/wp\/v2\/posts\/108283","targetHints":{"allow":["GET"]}}],"collection":[{"href":"https:\/\/www.noticiasperfil.com\/index\/wp-json\/wp\/v2\/posts"}],"about":[{"href":"https:\/\/www.noticiasperfil.com\/index\/wp-json\/wp\/v2\/types\/post"}],"author":[{"embeddable":true,"href":"https:\/\/www.noticiasperfil.com\/index\/wp-json\/wp\/v2\/users\/1"}],"replies":[{"embeddable":true,"href":"https:\/\/www.noticiasperfil.com\/index\/wp-json\/wp\/v2\/comments?post=108283"}],"version-history":[{"count":1,"href":"https:\/\/www.noticiasperfil.com\/index\/wp-json\/wp\/v2\/posts\/108283\/revisions"}],"predecessor-version":[{"id":108287,"href":"https:\/\/www.noticiasperfil.com\/index\/wp-json\/wp\/v2\/posts\/108283\/revisions\/108287"}],"wp:featuredmedia":[{"embeddable":true,"href":"https:\/\/www.noticiasperfil.com\/index\/wp-json\/wp\/v2\/media\/108284"}],"wp:attachment":[{"href":"https:\/\/www.noticiasperfil.com\/index\/wp-json\/wp\/v2\/media?parent=108283"}],"wp:term":[{"taxonomy":"category","embeddable":true,"href":"https:\/\/www.noticiasperfil.com\/index\/wp-json\/wp\/v2\/categories?post=108283"},{"taxonomy":"post_tag","embeddable":true,"href":"https:\/\/www.noticiasperfil.com\/index\/wp-json\/wp\/v2\/tags?post=108283"}],"curies":[{"name":"wp","href":"https:\/\/api.w.org\/{rel}","templated":true}]}}