{"id":108313,"date":"2024-08-09T10:38:23","date_gmt":"2024-08-09T15:38:23","guid":{"rendered":"https:\/\/www.noticiasperfil.com\/index\/?p=108313"},"modified":"2024-08-09T10:38:23","modified_gmt":"2024-08-09T15:38:23","slug":"recibe-dif-municipal-de-san-andres-tuxtla-apoyos-para-proyectos-productivos-y-del-programa-de-desarrollo-a-la-vivienda-y-la-comunidad","status":"publish","type":"post","link":"https:\/\/www.noticiasperfil.com\/index\/2024\/08\/09\/recibe-dif-municipal-de-san-andres-tuxtla-apoyos-para-proyectos-productivos-y-del-programa-de-desarrollo-a-la-vivienda-y-la-comunidad\/","title":{"rendered":"Recibe DIF Municipal de San Andr\u00e9s Tuxtla apoyos para Proyectos Productivos y del Programa de Desarrollo a la Vivienda y la Comunidad"},"content":{"rendered":"<p><img loading=\"lazy\" decoding=\"async\" data-attachment-id=\"108314\" data-permalink=\"https:\/\/www.noticiasperfil.com\/index\/2024\/08\/09\/recibe-dif-municipal-de-san-andres-tuxtla-apoyos-para-proyectos-productivos-y-del-programa-de-desarrollo-a-la-vivienda-y-la-comunidad\/solana-03-9\/\" data-orig-file=\"https:\/\/i0.wp.com\/www.noticiasperfil.com\/index\/wp-content\/uploads\/2024\/08\/solana-03.jpg?fit=960%2C640&amp;ssl=1\" data-orig-size=\"960,640\" data-comments-opened=\"1\" data-image-meta=\"{&quot;aperture&quot;:&quot;0&quot;,&quot;credit&quot;:&quot;&quot;,&quot;camera&quot;:&quot;&quot;,&quot;caption&quot;:&quot;&quot;,&quot;created_timestamp&quot;:&quot;0&quot;,&quot;copyright&quot;:&quot;&quot;,&quot;focal_length&quot;:&quot;0&quot;,&quot;iso&quot;:&quot;0&quot;,&quot;shutter_speed&quot;:&quot;0&quot;,&quot;title&quot;:&quot;&quot;,&quot;orientation&quot;:&quot;0&quot;}\" data-image-title=\"solana-03\" data-image-description=\"\" data-medium-file=\"https:\/\/i0.wp.com\/www.noticiasperfil.com\/index\/wp-content\/uploads\/2024\/08\/solana-03.jpg?fit=660%2C365&amp;ssl=1\" data-large-file=\"https:\/\/i0.wp.com\/www.noticiasperfil.com\/index\/wp-content\/uploads\/2024\/08\/solana-03.jpg?fit=640%2C366&amp;ssl=1\" class=\"aligncenter size-full wp-image-108314\" src=\"https:\/\/i0.wp.com\/www.noticiasperfil.com\/index\/wp-content\/uploads\/2024\/08\/solana-03.jpg?resize=640%2C427&#038;ssl=1\" alt=\"\" width=\"640\" height=\"427\" data-recalc-dims=\"1\" \/><\/p>\n<p><em><strong>\u2022 Benefician a emprendedoras y emprendedores del municipio sanandrescano, con paquetes de este programa del DIF Estatal.<\/strong><\/em><br \/>\n<em><strong>\u2022 Adem\u00e1s de los kits de proyectos productivos gestionados por el Presidente del DIF Municipal, Ingeniero Felipe Rubio Solana, tambi\u00e9n se entregaron l\u00e1minas, tinacos y refrigeradores.<\/strong><\/em><\/p>\n<p>San Andr\u00e9s Tuxtla, Ver.- Resultado de una oportuna y efectiva gesti\u00f3n del DIF Municipal de San Andr\u00e9s Tuxtla ante el DIF Estatal, que Preside la licenciada Rebeca Quintanar Barcel\u00f3, este jueves se realiz\u00f3 la entrega de proyectos productivos que beneficiar\u00e1n a familias sanandrescanas que emprenden en proyectos de panader\u00eda, estilismo, antojer\u00eda, carpinter\u00eda y otros, adem\u00e1s de que se beneficiaron a familias con paquetes del Programa de Desarrollo a la Vivienda y la Comunidad, todos ellos gestionados por el Presidente del DIF Municipal de San Andr\u00e9s Tuxtla, el ingeniero Felipe Rubio Solana.<\/p>\n<p><img loading=\"lazy\" decoding=\"async\" data-attachment-id=\"108315\" data-permalink=\"https:\/\/www.noticiasperfil.com\/index\/2024\/08\/09\/recibe-dif-municipal-de-san-andres-tuxtla-apoyos-para-proyectos-productivos-y-del-programa-de-desarrollo-a-la-vivienda-y-la-comunidad\/solana-02-9\/\" data-orig-file=\"https:\/\/i0.wp.com\/www.noticiasperfil.com\/index\/wp-content\/uploads\/2024\/08\/solana-02.jpg?fit=960%2C640&amp;ssl=1\" data-orig-size=\"960,640\" data-comments-opened=\"1\" data-image-meta=\"{&quot;aperture&quot;:&quot;0&quot;,&quot;credit&quot;:&quot;&quot;,&quot;camera&quot;:&quot;&quot;,&quot;caption&quot;:&quot;&quot;,&quot;created_timestamp&quot;:&quot;0&quot;,&quot;copyright&quot;:&quot;&quot;,&quot;focal_length&quot;:&quot;0&quot;,&quot;iso&quot;:&quot;0&quot;,&quot;shutter_speed&quot;:&quot;0&quot;,&quot;title&quot;:&quot;&quot;,&quot;orientation&quot;:&quot;0&quot;}\" data-image-title=\"solana-02\" data-image-description=\"\" data-medium-file=\"https:\/\/i0.wp.com\/www.noticiasperfil.com\/index\/wp-content\/uploads\/2024\/08\/solana-02.jpg?fit=660%2C365&amp;ssl=1\" data-large-file=\"https:\/\/i0.wp.com\/www.noticiasperfil.com\/index\/wp-content\/uploads\/2024\/08\/solana-02.jpg?fit=640%2C366&amp;ssl=1\" class=\"aligncenter size-full wp-image-108315\" src=\"https:\/\/i0.wp.com\/www.noticiasperfil.com\/index\/wp-content\/uploads\/2024\/08\/solana-02.jpg?resize=640%2C427&#038;ssl=1\" alt=\"\" width=\"640\" height=\"427\" data-recalc-dims=\"1\" \/><\/p>\n<p>Al acto acudi\u00f3 la alcaldesa Mar\u00eda Elena Solana Calzada acompa\u00f1ando al ingeniero Felipe Rubio Solana Presidente del DIF y la directora Georgina Salas Armengol, expresando ambos su agradecimiento hacia el gobernador Cuitl\u00e1huac Garc\u00eda Jim\u00e9nez y la Presidenta del Sistema DIF Estatal, la licenciada Rebeca Quintanar Barcel\u00f3, a quien reconocieron como amiga y aliada de la poblaci\u00f3n vulnerable y sectores prioritarios, atendi\u00e9ndolos con estos apoyos que beneficiar\u00e1n en gran medida a las familias sanandrescanas y generar\u00e1n mayor movilidad econ\u00f3mica en sus comunidades.<\/p>\n<p><img loading=\"lazy\" decoding=\"async\" data-attachment-id=\"108316\" data-permalink=\"https:\/\/www.noticiasperfil.com\/index\/2024\/08\/09\/recibe-dif-municipal-de-san-andres-tuxtla-apoyos-para-proyectos-productivos-y-del-programa-de-desarrollo-a-la-vivienda-y-la-comunidad\/solana-03-10\/\" data-orig-file=\"https:\/\/i0.wp.com\/www.noticiasperfil.com\/index\/wp-content\/uploads\/2024\/08\/solana-03-1.jpg?fit=960%2C640&amp;ssl=1\" data-orig-size=\"960,640\" data-comments-opened=\"1\" data-image-meta=\"{&quot;aperture&quot;:&quot;0&quot;,&quot;credit&quot;:&quot;&quot;,&quot;camera&quot;:&quot;&quot;,&quot;caption&quot;:&quot;&quot;,&quot;created_timestamp&quot;:&quot;0&quot;,&quot;copyright&quot;:&quot;&quot;,&quot;focal_length&quot;:&quot;0&quot;,&quot;iso&quot;:&quot;0&quot;,&quot;shutter_speed&quot;:&quot;0&quot;,&quot;title&quot;:&quot;&quot;,&quot;orientation&quot;:&quot;0&quot;}\" data-image-title=\"solana-03\" data-image-description=\"\" data-medium-file=\"https:\/\/i0.wp.com\/www.noticiasperfil.com\/index\/wp-content\/uploads\/2024\/08\/solana-03-1.jpg?fit=660%2C365&amp;ssl=1\" data-large-file=\"https:\/\/i0.wp.com\/www.noticiasperfil.com\/index\/wp-content\/uploads\/2024\/08\/solana-03-1.jpg?fit=640%2C366&amp;ssl=1\" class=\"aligncenter size-full wp-image-108316\" src=\"https:\/\/i0.wp.com\/www.noticiasperfil.com\/index\/wp-content\/uploads\/2024\/08\/solana-03-1.jpg?resize=640%2C427&#038;ssl=1\" alt=\"\" width=\"640\" height=\"427\" data-recalc-dims=\"1\" \/><\/p>\n<p>Invitado a este evento, acudi\u00f3 tambi\u00e9n el m\u00e9dico veterinario Ricardo Rubio Solana, quien de manera personal tambi\u00e9n ha permanecido cercano a los sectores prioritarios y las familias m\u00e1s necesitadas del municipio.<\/p>\n<p><img loading=\"lazy\" decoding=\"async\" data-attachment-id=\"108317\" data-permalink=\"https:\/\/www.noticiasperfil.com\/index\/2024\/08\/09\/recibe-dif-municipal-de-san-andres-tuxtla-apoyos-para-proyectos-productivos-y-del-programa-de-desarrollo-a-la-vivienda-y-la-comunidad\/solana-04-8\/\" data-orig-file=\"https:\/\/i0.wp.com\/www.noticiasperfil.com\/index\/wp-content\/uploads\/2024\/08\/solana-04.jpg?fit=960%2C640&amp;ssl=1\" data-orig-size=\"960,640\" data-comments-opened=\"1\" data-image-meta=\"{&quot;aperture&quot;:&quot;0&quot;,&quot;credit&quot;:&quot;&quot;,&quot;camera&quot;:&quot;&quot;,&quot;caption&quot;:&quot;&quot;,&quot;created_timestamp&quot;:&quot;0&quot;,&quot;copyright&quot;:&quot;&quot;,&quot;focal_length&quot;:&quot;0&quot;,&quot;iso&quot;:&quot;0&quot;,&quot;shutter_speed&quot;:&quot;0&quot;,&quot;title&quot;:&quot;&quot;,&quot;orientation&quot;:&quot;0&quot;}\" data-image-title=\"solana-04\" data-image-description=\"\" data-medium-file=\"https:\/\/i0.wp.com\/www.noticiasperfil.com\/index\/wp-content\/uploads\/2024\/08\/solana-04.jpg?fit=660%2C365&amp;ssl=1\" data-large-file=\"https:\/\/i0.wp.com\/www.noticiasperfil.com\/index\/wp-content\/uploads\/2024\/08\/solana-04.jpg?fit=640%2C366&amp;ssl=1\" class=\"aligncenter size-full wp-image-108317\" src=\"https:\/\/i0.wp.com\/www.noticiasperfil.com\/index\/wp-content\/uploads\/2024\/08\/solana-04.jpg?resize=640%2C427&#038;ssl=1\" alt=\"\" width=\"640\" height=\"427\" data-recalc-dims=\"1\" \/><\/p>\n<p>El Presidente del DIF Municipal destac\u00f3 que estos proyectos productivos han sido un \u00e9xito en el combate frontal a la pobreza y en la estrategia para generar bienestar en las familias sanandrescanas, gracias a la minuciosa selecci\u00f3n de los beneficiarios pues desde que iniciaron el programa en 2022 a la fecha, los apoyos llegan a donde realmente se necesitan, premiando la perseverancia y el trabajo de quienes a trav\u00e9s de su emprendimiento, generan empleo y mueven la econom\u00eda de su localidad.<\/p>\n<p><img loading=\"lazy\" decoding=\"async\" data-attachment-id=\"108318\" data-permalink=\"https:\/\/www.noticiasperfil.com\/index\/2024\/08\/09\/recibe-dif-municipal-de-san-andres-tuxtla-apoyos-para-proyectos-productivos-y-del-programa-de-desarrollo-a-la-vivienda-y-la-comunidad\/solana-05-8\/\" data-orig-file=\"https:\/\/i0.wp.com\/www.noticiasperfil.com\/index\/wp-content\/uploads\/2024\/08\/solana-05.jpg?fit=960%2C640&amp;ssl=1\" data-orig-size=\"960,640\" data-comments-opened=\"1\" data-image-meta=\"{&quot;aperture&quot;:&quot;0&quot;,&quot;credit&quot;:&quot;&quot;,&quot;camera&quot;:&quot;&quot;,&quot;caption&quot;:&quot;&quot;,&quot;created_timestamp&quot;:&quot;0&quot;,&quot;copyright&quot;:&quot;&quot;,&quot;focal_length&quot;:&quot;0&quot;,&quot;iso&quot;:&quot;0&quot;,&quot;shutter_speed&quot;:&quot;0&quot;,&quot;title&quot;:&quot;&quot;,&quot;orientation&quot;:&quot;0&quot;}\" data-image-title=\"solana-05\" data-image-description=\"\" data-medium-file=\"https:\/\/i0.wp.com\/www.noticiasperfil.com\/index\/wp-content\/uploads\/2024\/08\/solana-05.jpg?fit=660%2C365&amp;ssl=1\" data-large-file=\"https:\/\/i0.wp.com\/www.noticiasperfil.com\/index\/wp-content\/uploads\/2024\/08\/solana-05.jpg?fit=640%2C366&amp;ssl=1\" class=\"aligncenter size-full wp-image-108318\" src=\"https:\/\/i0.wp.com\/www.noticiasperfil.com\/index\/wp-content\/uploads\/2024\/08\/solana-05.jpg?resize=640%2C427&#038;ssl=1\" alt=\"\" width=\"640\" height=\"427\" data-recalc-dims=\"1\" \/><\/p>\n<p>En este evento, el ingeniero Felipe Rubio Solana tambi\u00e9n recibi\u00f3 importantes apoyos para la mejora a la vivienda correspondiente al Programa de Desarrollo a la Vivienda y la Comunidad, consistente en paquetes de l\u00e1minas, estufas ecol\u00f3gicas, tinacos y refrigeradores dom\u00e9sticos, los cuales se traducen en una mejor calidad de vida para varias familias en situaci\u00f3n vulnerable.<\/p>\n","protected":false},"excerpt":{"rendered":"<p>\u2022 Benefician a emprendedoras y emprendedores del municipio sanandrescano, con paquetes de este programa del DIF Estatal. \u2022 Adem\u00e1s de los kits de proyectos productivos gestionados por el Presidente del DIF Municipal, Ingeniero Felipe Rubio Solana, tambi\u00e9n se entregaron l\u00e1minas, tinacos y refrigeradores. San Andr\u00e9s Tuxtla, Ver.- Resultado de una oportuna y efectiva gesti\u00f3n del DIF Municipal de San Andr\u00e9s Tuxtla ante el DIF Estatal, que Preside la licenciada Rebeca Quintanar Barcel\u00f3, este jueves se realiz\u00f3 la entrega de proyectos productivos que beneficiar\u00e1n a familias sanandrescanas que emprenden en proyectos&hellip;<\/p>\n","protected":false},"author":1,"featured_media":108314,"comment_status":"open","ping_status":"closed","sticky":false,"template":"","format":"standard","meta":{"footnotes":""},"categories":[3,12],"tags":[9023,7966],"class_list":["post-108313","post","type-post","status-publish","format-standard","has-post-thumbnail","hentry","category-destacadas","category-san-andres-tuxtla","tag-felipe-rubio-solana","tag-maria-elena-solana-calzada"],"jetpack-related-posts":[],"_links":{"self":[{"href":"https:\/\/www.noticiasperfil.com\/index\/wp-json\/wp\/v2\/posts\/108313","targetHints":{"allow":["GET"]}}],"collection":[{"href":"https:\/\/www.noticiasperfil.com\/index\/wp-json\/wp\/v2\/posts"}],"about":[{"href":"https:\/\/www.noticiasperfil.com\/index\/wp-json\/wp\/v2\/types\/post"}],"author":[{"embeddable":true,"href":"https:\/\/www.noticiasperfil.com\/index\/wp-json\/wp\/v2\/users\/1"}],"replies":[{"embeddable":true,"href":"https:\/\/www.noticiasperfil.com\/index\/wp-json\/wp\/v2\/comments?post=108313"}],"version-history":[{"count":1,"href":"https:\/\/www.noticiasperfil.com\/index\/wp-json\/wp\/v2\/posts\/108313\/revisions"}],"predecessor-version":[{"id":108319,"href":"https:\/\/www.noticiasperfil.com\/index\/wp-json\/wp\/v2\/posts\/108313\/revisions\/108319"}],"wp:featuredmedia":[{"embeddable":true,"href":"https:\/\/www.noticiasperfil.com\/index\/wp-json\/wp\/v2\/media\/108314"}],"wp:attachment":[{"href":"https:\/\/www.noticiasperfil.com\/index\/wp-json\/wp\/v2\/media?parent=108313"}],"wp:term":[{"taxonomy":"category","embeddable":true,"href":"https:\/\/www.noticiasperfil.com\/index\/wp-json\/wp\/v2\/categories?post=108313"},{"taxonomy":"post_tag","embeddable":true,"href":"https:\/\/www.noticiasperfil.com\/index\/wp-json\/wp\/v2\/tags?post=108313"}],"curies":[{"name":"wp","href":"https:\/\/api.w.org\/{rel}","templated":true}]}}