{"id":108320,"date":"2024-08-09T14:35:41","date_gmt":"2024-08-09T19:35:41","guid":{"rendered":"https:\/\/www.noticiasperfil.com\/index\/?p=108320"},"modified":"2024-08-09T14:35:41","modified_gmt":"2024-08-09T19:35:41","slug":"al-final-del-2024-carretera-ranchoapan-los-meridas-en-los-tuxtlas-estara-rehabilitada-rafa-fararoni","status":"publish","type":"post","link":"https:\/\/www.noticiasperfil.com\/index\/2024\/08\/09\/al-final-del-2024-carretera-ranchoapan-los-meridas-en-los-tuxtlas-estara-rehabilitada-rafa-fararoni\/","title":{"rendered":"Al final del 2024 carretera Ranchoapan- Los Meridas en los tuxtlas estar\u00e1 rehabilitada: Rafa Fararoni"},"content":{"rendered":"<p><img loading=\"lazy\" decoding=\"async\" data-attachment-id=\"108321\" data-permalink=\"https:\/\/www.noticiasperfil.com\/index\/2024\/08\/09\/al-final-del-2024-carretera-ranchoapan-los-meridas-en-los-tuxtlas-estara-rehabilitada-rafa-fararoni\/fararoni-01-10\/\" data-orig-file=\"https:\/\/i1.wp.com\/www.noticiasperfil.com\/index\/wp-content\/uploads\/2024\/08\/fararoni-01.jpg?fit=1600%2C1200&amp;ssl=1\" data-orig-size=\"1600,1200\" data-comments-opened=\"1\" data-image-meta=\"{&quot;aperture&quot;:&quot;0&quot;,&quot;credit&quot;:&quot;&quot;,&quot;camera&quot;:&quot;&quot;,&quot;caption&quot;:&quot;&quot;,&quot;created_timestamp&quot;:&quot;0&quot;,&quot;copyright&quot;:&quot;&quot;,&quot;focal_length&quot;:&quot;0&quot;,&quot;iso&quot;:&quot;0&quot;,&quot;shutter_speed&quot;:&quot;0&quot;,&quot;title&quot;:&quot;&quot;,&quot;orientation&quot;:&quot;0&quot;}\" data-image-title=\"fararoni-01\" data-image-description=\"\" data-medium-file=\"https:\/\/i1.wp.com\/www.noticiasperfil.com\/index\/wp-content\/uploads\/2024\/08\/fararoni-01.jpg?fit=660%2C365&amp;ssl=1\" data-large-file=\"https:\/\/i1.wp.com\/www.noticiasperfil.com\/index\/wp-content\/uploads\/2024\/08\/fararoni-01.jpg?fit=640%2C366&amp;ssl=1\" class=\"aligncenter size-full wp-image-108321\" src=\"https:\/\/i1.wp.com\/www.noticiasperfil.com\/index\/wp-content\/uploads\/2024\/08\/fararoni-01.jpg?resize=640%2C480&#038;ssl=1\" alt=\"\" width=\"640\" height=\"480\" srcset=\"https:\/\/i1.wp.com\/www.noticiasperfil.com\/index\/wp-content\/uploads\/2024\/08\/fararoni-01.jpg?w=1600&amp;ssl=1 1600w, https:\/\/i1.wp.com\/www.noticiasperfil.com\/index\/wp-content\/uploads\/2024\/08\/fararoni-01.jpg?resize=1536%2C1152&amp;ssl=1 1536w, https:\/\/i1.wp.com\/www.noticiasperfil.com\/index\/wp-content\/uploads\/2024\/08\/fararoni-01.jpg?w=1280&amp;ssl=1 1280w\" sizes=\"auto, (max-width: 640px) 100vw, 640px\" data-recalc-dims=\"1\" \/><\/p>\n<p>San Andr\u00e9s Tuxtla, Ver., 9 de agosto de 2024.- Para diciembre, la rehabilitaci\u00f3n de la carretera en concreto hidr\u00e1ulico de laRanchoapan- Los Meridas ser\u00e1 una realidad, manifest\u00f3 el diputado local de Morena, Rafa Fararoni Maga\u00f1a.<\/p>\n<p>El representante del Distrito XXV, visit\u00f3 el tramo carretero que est\u00e1 siendo intervenido actualmente por dos empresas constructoras, esto como parte del proyecto gestionado ante la SIOP Veracruz para recarpetar la zona.<\/p>\n<p><img loading=\"lazy\" decoding=\"async\" data-attachment-id=\"108322\" data-permalink=\"https:\/\/www.noticiasperfil.com\/index\/2024\/08\/09\/al-final-del-2024-carretera-ranchoapan-los-meridas-en-los-tuxtlas-estara-rehabilitada-rafa-fararoni\/fararoni-02-8\/\" data-orig-file=\"https:\/\/i1.wp.com\/www.noticiasperfil.com\/index\/wp-content\/uploads\/2024\/08\/fararoni-02.jpg?fit=1600%2C1200&amp;ssl=1\" data-orig-size=\"1600,1200\" data-comments-opened=\"1\" data-image-meta=\"{&quot;aperture&quot;:&quot;0&quot;,&quot;credit&quot;:&quot;&quot;,&quot;camera&quot;:&quot;&quot;,&quot;caption&quot;:&quot;&quot;,&quot;created_timestamp&quot;:&quot;0&quot;,&quot;copyright&quot;:&quot;&quot;,&quot;focal_length&quot;:&quot;0&quot;,&quot;iso&quot;:&quot;0&quot;,&quot;shutter_speed&quot;:&quot;0&quot;,&quot;title&quot;:&quot;&quot;,&quot;orientation&quot;:&quot;0&quot;}\" data-image-title=\"fararoni-02\" data-image-description=\"\" data-medium-file=\"https:\/\/i1.wp.com\/www.noticiasperfil.com\/index\/wp-content\/uploads\/2024\/08\/fararoni-02.jpg?fit=660%2C365&amp;ssl=1\" data-large-file=\"https:\/\/i1.wp.com\/www.noticiasperfil.com\/index\/wp-content\/uploads\/2024\/08\/fararoni-02.jpg?fit=640%2C366&amp;ssl=1\" class=\"aligncenter size-full wp-image-108322\" src=\"https:\/\/i1.wp.com\/www.noticiasperfil.com\/index\/wp-content\/uploads\/2024\/08\/fararoni-02.jpg?resize=640%2C480&#038;ssl=1\" alt=\"\" width=\"640\" height=\"480\" srcset=\"https:\/\/i1.wp.com\/www.noticiasperfil.com\/index\/wp-content\/uploads\/2024\/08\/fararoni-02.jpg?w=1600&amp;ssl=1 1600w, https:\/\/i1.wp.com\/www.noticiasperfil.com\/index\/wp-content\/uploads\/2024\/08\/fararoni-02.jpg?resize=1536%2C1152&amp;ssl=1 1536w, https:\/\/i1.wp.com\/www.noticiasperfil.com\/index\/wp-content\/uploads\/2024\/08\/fararoni-02.jpg?w=1280&amp;ssl=1 1280w\" sizes=\"auto, (max-width: 640px) 100vw, 640px\" data-recalc-dims=\"1\" \/><\/p>\n<p>Explic\u00f3 que, esta importante v\u00eda de comunicaci\u00f3n que tambi\u00e9n conecta con Hueyapan de Ocampo necesitaba ya, ser rehabilitado debido al deterioro que presentaba y que afectaba a transportistas, ciudadanos y visitantes de los tuxtlas.<\/p>\n<p><img loading=\"lazy\" decoding=\"async\" data-attachment-id=\"108323\" data-permalink=\"https:\/\/www.noticiasperfil.com\/index\/2024\/08\/09\/al-final-del-2024-carretera-ranchoapan-los-meridas-en-los-tuxtlas-estara-rehabilitada-rafa-fararoni\/fararoni-03-6\/\" data-orig-file=\"https:\/\/i1.wp.com\/www.noticiasperfil.com\/index\/wp-content\/uploads\/2024\/08\/fararoni-03.jpg?fit=1600%2C1200&amp;ssl=1\" data-orig-size=\"1600,1200\" data-comments-opened=\"1\" data-image-meta=\"{&quot;aperture&quot;:&quot;0&quot;,&quot;credit&quot;:&quot;&quot;,&quot;camera&quot;:&quot;&quot;,&quot;caption&quot;:&quot;&quot;,&quot;created_timestamp&quot;:&quot;0&quot;,&quot;copyright&quot;:&quot;&quot;,&quot;focal_length&quot;:&quot;0&quot;,&quot;iso&quot;:&quot;0&quot;,&quot;shutter_speed&quot;:&quot;0&quot;,&quot;title&quot;:&quot;&quot;,&quot;orientation&quot;:&quot;0&quot;}\" data-image-title=\"fararoni-03\" data-image-description=\"\" data-medium-file=\"https:\/\/i1.wp.com\/www.noticiasperfil.com\/index\/wp-content\/uploads\/2024\/08\/fararoni-03.jpg?fit=660%2C365&amp;ssl=1\" data-large-file=\"https:\/\/i1.wp.com\/www.noticiasperfil.com\/index\/wp-content\/uploads\/2024\/08\/fararoni-03.jpg?fit=640%2C366&amp;ssl=1\" class=\"aligncenter size-full wp-image-108323\" src=\"https:\/\/i1.wp.com\/www.noticiasperfil.com\/index\/wp-content\/uploads\/2024\/08\/fararoni-03.jpg?resize=640%2C480&#038;ssl=1\" alt=\"\" width=\"640\" height=\"480\" srcset=\"https:\/\/i1.wp.com\/www.noticiasperfil.com\/index\/wp-content\/uploads\/2024\/08\/fararoni-03.jpg?w=1600&amp;ssl=1 1600w, https:\/\/i1.wp.com\/www.noticiasperfil.com\/index\/wp-content\/uploads\/2024\/08\/fararoni-03.jpg?resize=1536%2C1152&amp;ssl=1 1536w, https:\/\/i1.wp.com\/www.noticiasperfil.com\/index\/wp-content\/uploads\/2024\/08\/fararoni-03.jpg?w=1280&amp;ssl=1 1280w\" sizes=\"auto, (max-width: 640px) 100vw, 640px\" data-recalc-dims=\"1\" \/><\/p>\n<p>\u00abPudimos platicar con los encargados de obra y en esta primera etapa ser\u00e1n 6.6 km de concreto hidr\u00e1ulico que entregar\u00e1n en el mes de diciembre. En esta semana estar\u00e1n con actividades de levantamiento de asfalto da\u00f1ado para empezar a construir las nuevas capas de soporte para la estructura de concreto hidr\u00e1ulico\u00bb, expres\u00f3.<\/p>\n<p><img loading=\"lazy\" decoding=\"async\" data-attachment-id=\"108324\" data-permalink=\"https:\/\/www.noticiasperfil.com\/index\/2024\/08\/09\/al-final-del-2024-carretera-ranchoapan-los-meridas-en-los-tuxtlas-estara-rehabilitada-rafa-fararoni\/fararoni-04-7\/\" data-orig-file=\"https:\/\/i0.wp.com\/www.noticiasperfil.com\/index\/wp-content\/uploads\/2024\/08\/fararoni-04.jpg?fit=1600%2C1200&amp;ssl=1\" data-orig-size=\"1600,1200\" data-comments-opened=\"1\" data-image-meta=\"{&quot;aperture&quot;:&quot;0&quot;,&quot;credit&quot;:&quot;&quot;,&quot;camera&quot;:&quot;&quot;,&quot;caption&quot;:&quot;&quot;,&quot;created_timestamp&quot;:&quot;0&quot;,&quot;copyright&quot;:&quot;&quot;,&quot;focal_length&quot;:&quot;0&quot;,&quot;iso&quot;:&quot;0&quot;,&quot;shutter_speed&quot;:&quot;0&quot;,&quot;title&quot;:&quot;&quot;,&quot;orientation&quot;:&quot;0&quot;}\" data-image-title=\"fararoni-04\" data-image-description=\"\" data-medium-file=\"https:\/\/i0.wp.com\/www.noticiasperfil.com\/index\/wp-content\/uploads\/2024\/08\/fararoni-04.jpg?fit=660%2C365&amp;ssl=1\" data-large-file=\"https:\/\/i0.wp.com\/www.noticiasperfil.com\/index\/wp-content\/uploads\/2024\/08\/fararoni-04.jpg?fit=640%2C366&amp;ssl=1\" class=\"aligncenter size-full wp-image-108324\" src=\"https:\/\/i0.wp.com\/www.noticiasperfil.com\/index\/wp-content\/uploads\/2024\/08\/fararoni-04.jpg?resize=640%2C480&#038;ssl=1\" alt=\"\" width=\"640\" height=\"480\" srcset=\"https:\/\/i0.wp.com\/www.noticiasperfil.com\/index\/wp-content\/uploads\/2024\/08\/fararoni-04.jpg?w=1600&amp;ssl=1 1600w, https:\/\/i0.wp.com\/www.noticiasperfil.com\/index\/wp-content\/uploads\/2024\/08\/fararoni-04.jpg?resize=1536%2C1152&amp;ssl=1 1536w, https:\/\/i0.wp.com\/www.noticiasperfil.com\/index\/wp-content\/uploads\/2024\/08\/fararoni-04.jpg?w=1280&amp;ssl=1 1280w\" sizes=\"auto, (max-width: 640px) 100vw, 640px\" data-recalc-dims=\"1\" \/><\/p>\n<p>En ese sentido, Fararoni Maga\u00f1a coment\u00f3 que se ha logrado mucho tocando puertas en las secretarias estatales y aprovech\u00f3 para agradecer al Gobernador de Veracruz, Cuitl\u00e1huac Garc\u00eda, al coordinador Juan Javier G\u00f3mez Cazar\u00edn por secundar la gesti\u00f3n y funcionarios de la SIOP Estatal por la atenci\u00f3n en estos a\u00f1os.<\/p>\n<p>Las obras estar\u00e1n a cargo de las empresas Tres Zapotes Construcciones y Tecnologic, cada una intervendr\u00e1 3.3 km de carretera, de Ranchoapan- Soyata y Soyata- Los Meridas, respectivamente; en total se recarpetar\u00e1n 6.6 kil\u00f3metros de carretera, los trabajos finalizar\u00e1n en diciembre pr\u00f3ximo.<\/p>\n","protected":false},"excerpt":{"rendered":"<p>San Andr\u00e9s Tuxtla, Ver., 9 de agosto de 2024.- Para diciembre, la rehabilitaci\u00f3n de la carretera en concreto hidr\u00e1ulico de laRanchoapan- Los Meridas ser\u00e1 una realidad, manifest\u00f3 el diputado local de Morena, Rafa Fararoni Maga\u00f1a. El representante del Distrito XXV, visit\u00f3 el tramo carretero que est\u00e1 siendo intervenido actualmente por dos empresas constructoras, esto como parte del proyecto gestionado ante la SIOP Veracruz para recarpetar la zona. Explic\u00f3 que, esta importante v\u00eda de comunicaci\u00f3n que tambi\u00e9n conecta con Hueyapan de Ocampo necesitaba ya, ser rehabilitado debido al deterioro que presentaba&hellip;<\/p>\n","protected":false},"author":1,"featured_media":108321,"comment_status":"open","ping_status":"closed","sticky":false,"template":"","format":"standard","meta":{"footnotes":""},"categories":[3,12],"tags":[6264],"class_list":["post-108320","post","type-post","status-publish","format-standard","has-post-thumbnail","hentry","category-destacadas","category-san-andres-tuxtla","tag-rafael-fararoni-magana"],"jetpack-related-posts":[],"_links":{"self":[{"href":"https:\/\/www.noticiasperfil.com\/index\/wp-json\/wp\/v2\/posts\/108320","targetHints":{"allow":["GET"]}}],"collection":[{"href":"https:\/\/www.noticiasperfil.com\/index\/wp-json\/wp\/v2\/posts"}],"about":[{"href":"https:\/\/www.noticiasperfil.com\/index\/wp-json\/wp\/v2\/types\/post"}],"author":[{"embeddable":true,"href":"https:\/\/www.noticiasperfil.com\/index\/wp-json\/wp\/v2\/users\/1"}],"replies":[{"embeddable":true,"href":"https:\/\/www.noticiasperfil.com\/index\/wp-json\/wp\/v2\/comments?post=108320"}],"version-history":[{"count":1,"href":"https:\/\/www.noticiasperfil.com\/index\/wp-json\/wp\/v2\/posts\/108320\/revisions"}],"predecessor-version":[{"id":108325,"href":"https:\/\/www.noticiasperfil.com\/index\/wp-json\/wp\/v2\/posts\/108320\/revisions\/108325"}],"wp:featuredmedia":[{"embeddable":true,"href":"https:\/\/www.noticiasperfil.com\/index\/wp-json\/wp\/v2\/media\/108321"}],"wp:attachment":[{"href":"https:\/\/www.noticiasperfil.com\/index\/wp-json\/wp\/v2\/media?parent=108320"}],"wp:term":[{"taxonomy":"category","embeddable":true,"href":"https:\/\/www.noticiasperfil.com\/index\/wp-json\/wp\/v2\/categories?post=108320"},{"taxonomy":"post_tag","embeddable":true,"href":"https:\/\/www.noticiasperfil.com\/index\/wp-json\/wp\/v2\/tags?post=108320"}],"curies":[{"name":"wp","href":"https:\/\/api.w.org\/{rel}","templated":true}]}}