{"id":108329,"date":"2024-08-10T12:15:14","date_gmt":"2024-08-10T17:15:14","guid":{"rendered":"https:\/\/www.noticiasperfil.com\/index\/?p=108329"},"modified":"2024-08-10T12:15:14","modified_gmt":"2024-08-10T17:15:14","slug":"comision-municipal-de-medio-ambiente-realiza-enlace-con-dependencias-federales-para-la-conservacion-de-las-playas-sanandrescanas","status":"publish","type":"post","link":"https:\/\/www.noticiasperfil.com\/index\/2024\/08\/10\/comision-municipal-de-medio-ambiente-realiza-enlace-con-dependencias-federales-para-la-conservacion-de-las-playas-sanandrescanas\/","title":{"rendered":"Comisi\u00f3n Municipal de Medio Ambiente realiza enlace con dependencias federales para la conservaci\u00f3n de las playas sanandrescanas."},"content":{"rendered":"<p><img loading=\"lazy\" decoding=\"async\" data-attachment-id=\"108330\" data-permalink=\"https:\/\/www.noticiasperfil.com\/index\/2024\/08\/10\/comision-municipal-de-medio-ambiente-realiza-enlace-con-dependencias-federales-para-la-conservacion-de-las-playas-sanandrescanas\/sat-medio-ambiente-01\/\" data-orig-file=\"https:\/\/i0.wp.com\/www.noticiasperfil.com\/index\/wp-content\/uploads\/2024\/08\/sat-medio-ambiente-01.jpg?fit=960%2C540&amp;ssl=1\" data-orig-size=\"960,540\" data-comments-opened=\"1\" data-image-meta=\"{&quot;aperture&quot;:&quot;0&quot;,&quot;credit&quot;:&quot;&quot;,&quot;camera&quot;:&quot;&quot;,&quot;caption&quot;:&quot;&quot;,&quot;created_timestamp&quot;:&quot;0&quot;,&quot;copyright&quot;:&quot;&quot;,&quot;focal_length&quot;:&quot;0&quot;,&quot;iso&quot;:&quot;0&quot;,&quot;shutter_speed&quot;:&quot;0&quot;,&quot;title&quot;:&quot;&quot;,&quot;orientation&quot;:&quot;0&quot;}\" data-image-title=\"sat-medio-ambiente-01\" data-image-description=\"\" data-medium-file=\"https:\/\/i0.wp.com\/www.noticiasperfil.com\/index\/wp-content\/uploads\/2024\/08\/sat-medio-ambiente-01.jpg?fit=660%2C365&amp;ssl=1\" data-large-file=\"https:\/\/i0.wp.com\/www.noticiasperfil.com\/index\/wp-content\/uploads\/2024\/08\/sat-medio-ambiente-01.jpg?fit=640%2C366&amp;ssl=1\" class=\"aligncenter size-full wp-image-108330\" src=\"https:\/\/i0.wp.com\/www.noticiasperfil.com\/index\/wp-content\/uploads\/2024\/08\/sat-medio-ambiente-01.jpg?resize=640%2C360&#038;ssl=1\" alt=\"\" width=\"640\" height=\"360\" srcset=\"https:\/\/i0.wp.com\/www.noticiasperfil.com\/index\/wp-content\/uploads\/2024\/08\/sat-medio-ambiente-01.jpg?w=960&amp;ssl=1 960w, https:\/\/i0.wp.com\/www.noticiasperfil.com\/index\/wp-content\/uploads\/2024\/08\/sat-medio-ambiente-01.jpg?resize=500%2C280&amp;ssl=1 500w\" sizes=\"auto, (max-width: 640px) 100vw, 640px\" data-recalc-dims=\"1\" \/><\/p>\n<ul>\n<li><em><strong>La mesa de trabajo virtual fue encabezada por la Directora Municipal de Ecolog\u00eda Medio Ambiente y Protecci\u00f3n Animal y se realiz\u00f3 con video conferencia dirigida a enlaces de la CONANP, SEMARNAT y ZOFEMAT.<\/strong><\/em><\/li>\n<\/ul>\n<p>San Andr\u00e9s Tuxtla, Ver.- Con el objetivo de trabajar en coordinaci\u00f3n con las dependencias federales para regularizar y mantener monitoreo de las playas y zonas costeras sanandrescanas, para garantizar acciones que contribuyan a mantenerlas limpias y que no se contaminen, se realiz\u00f3 la reuni\u00f3n virtual con los enlaces de la Comisi\u00f3n Nacional de \u00c1reas Naturales Protegidas (CONANP), la Secretaria de Medio Ambiente y Recursos Naturales (SEMARNAT) y la Zona Federal Mar\u00edtima y Terrestre (ZOFEMAT), mesa de trabajo a distancia para la que se conform\u00f3 una comisi\u00f3n encabezada por la licenciada Laura Irene Sedas Larios, Directora Municipal de Ecolog\u00eda Medio Ambiente y Protecci\u00f3n Animal, as\u00ed como por el regidor cuarto Edgar Leoncio Antemate Caixba, el Secretario del Ayuntamiento, el licenciado Juan Carlos Molina Ch\u00e1vez, el Director Municipal de Protecci\u00f3n Civil, Josu\u00e9 Ceja Espejo y el Director de Gobernaci\u00f3n Municipal, Mario Aguirre Colin, entre otros funcionarios municipales que colaboraran estrechamente para conseguir los objetivos planteados.<\/p>\n<p><img loading=\"lazy\" decoding=\"async\" data-attachment-id=\"108331\" data-permalink=\"https:\/\/www.noticiasperfil.com\/index\/2024\/08\/10\/comision-municipal-de-medio-ambiente-realiza-enlace-con-dependencias-federales-para-la-conservacion-de-las-playas-sanandrescanas\/sat-medio-ambiente-02\/\" data-orig-file=\"https:\/\/i2.wp.com\/www.noticiasperfil.com\/index\/wp-content\/uploads\/2024\/08\/sat-medio-ambiente-02.jpg?fit=960%2C540&amp;ssl=1\" data-orig-size=\"960,540\" data-comments-opened=\"1\" data-image-meta=\"{&quot;aperture&quot;:&quot;0&quot;,&quot;credit&quot;:&quot;&quot;,&quot;camera&quot;:&quot;&quot;,&quot;caption&quot;:&quot;&quot;,&quot;created_timestamp&quot;:&quot;0&quot;,&quot;copyright&quot;:&quot;&quot;,&quot;focal_length&quot;:&quot;0&quot;,&quot;iso&quot;:&quot;0&quot;,&quot;shutter_speed&quot;:&quot;0&quot;,&quot;title&quot;:&quot;&quot;,&quot;orientation&quot;:&quot;0&quot;}\" data-image-title=\"sat-medio-ambiente-02\" data-image-description=\"\" data-medium-file=\"https:\/\/i2.wp.com\/www.noticiasperfil.com\/index\/wp-content\/uploads\/2024\/08\/sat-medio-ambiente-02.jpg?fit=660%2C365&amp;ssl=1\" data-large-file=\"https:\/\/i2.wp.com\/www.noticiasperfil.com\/index\/wp-content\/uploads\/2024\/08\/sat-medio-ambiente-02.jpg?fit=640%2C366&amp;ssl=1\" class=\"aligncenter size-full wp-image-108331\" src=\"https:\/\/i2.wp.com\/www.noticiasperfil.com\/index\/wp-content\/uploads\/2024\/08\/sat-medio-ambiente-02.jpg?resize=640%2C360&#038;ssl=1\" alt=\"\" width=\"640\" height=\"360\" srcset=\"https:\/\/i2.wp.com\/www.noticiasperfil.com\/index\/wp-content\/uploads\/2024\/08\/sat-medio-ambiente-02.jpg?w=960&amp;ssl=1 960w, https:\/\/i2.wp.com\/www.noticiasperfil.com\/index\/wp-content\/uploads\/2024\/08\/sat-medio-ambiente-02.jpg?resize=500%2C280&amp;ssl=1 500w\" sizes=\"auto, (max-width: 640px) 100vw, 640px\" data-recalc-dims=\"1\" \/><\/p>\n<p>De este enlace remoto a trav\u00e9s de videoconferencia, se deriv\u00f3 la identificaci\u00f3n de la problem\u00e1tica principal y puntos de acci\u00f3n qu\u00e9 deber\u00e1n atenderse entre los que destacan:<\/p>\n<p>1 La necesidad de articular debidamente el Programa de Manejo de la Reserva de la Bi\u00f3sfera, apegando los usos que las comunidades costeras hacen de la zona federal y\/o terrenos ganados al mar, a las normativas federales vigentes.<br \/>\n2 Implementar la integraci\u00f3n de directivas para la planificaci\u00f3n y uso de los diferentes ecosistemas dentro de la reserva de la Bi\u00f3sfera, para establecer una normatividad acorde a las reglas operativas de la CONANP para que el Municipio autorice los diferentes usos, desarrollos, infraestructuras, y dem\u00e1s permisos, dentro del pol\u00edgono de la zona de inter\u00e9s.<br \/>\n3.Reducir y erradicar la contaminaci\u00f3n por Residuos Solidos Urbanos (RSU), misma que afecta a arroyos y cuerpos de agua diversos, por el crecimiento desordenado de prestadores de servicio en las comunidades costeras y en la zona federal de r\u00edos y del mar.<\/p>\n<p><img loading=\"lazy\" decoding=\"async\" data-attachment-id=\"108332\" data-permalink=\"https:\/\/www.noticiasperfil.com\/index\/2024\/08\/10\/comision-municipal-de-medio-ambiente-realiza-enlace-con-dependencias-federales-para-la-conservacion-de-las-playas-sanandrescanas\/sat-medio-ambiente-03\/\" data-orig-file=\"https:\/\/i0.wp.com\/www.noticiasperfil.com\/index\/wp-content\/uploads\/2024\/08\/sat-medio-ambiente-03.jpg?fit=960%2C540&amp;ssl=1\" data-orig-size=\"960,540\" data-comments-opened=\"1\" data-image-meta=\"{&quot;aperture&quot;:&quot;0&quot;,&quot;credit&quot;:&quot;&quot;,&quot;camera&quot;:&quot;&quot;,&quot;caption&quot;:&quot;&quot;,&quot;created_timestamp&quot;:&quot;0&quot;,&quot;copyright&quot;:&quot;&quot;,&quot;focal_length&quot;:&quot;0&quot;,&quot;iso&quot;:&quot;0&quot;,&quot;shutter_speed&quot;:&quot;0&quot;,&quot;title&quot;:&quot;&quot;,&quot;orientation&quot;:&quot;0&quot;}\" data-image-title=\"sat-medio-ambiente-03\" data-image-description=\"\" data-medium-file=\"https:\/\/i0.wp.com\/www.noticiasperfil.com\/index\/wp-content\/uploads\/2024\/08\/sat-medio-ambiente-03.jpg?fit=660%2C365&amp;ssl=1\" data-large-file=\"https:\/\/i0.wp.com\/www.noticiasperfil.com\/index\/wp-content\/uploads\/2024\/08\/sat-medio-ambiente-03.jpg?fit=640%2C366&amp;ssl=1\" class=\"aligncenter size-full wp-image-108332\" src=\"https:\/\/i0.wp.com\/www.noticiasperfil.com\/index\/wp-content\/uploads\/2024\/08\/sat-medio-ambiente-03.jpg?resize=640%2C360&#038;ssl=1\" alt=\"\" width=\"640\" height=\"360\" srcset=\"https:\/\/i0.wp.com\/www.noticiasperfil.com\/index\/wp-content\/uploads\/2024\/08\/sat-medio-ambiente-03.jpg?w=960&amp;ssl=1 960w, https:\/\/i0.wp.com\/www.noticiasperfil.com\/index\/wp-content\/uploads\/2024\/08\/sat-medio-ambiente-03.jpg?resize=500%2C280&amp;ssl=1 500w\" sizes=\"auto, (max-width: 640px) 100vw, 640px\" data-recalc-dims=\"1\" \/><br \/>\n4.Frenar la invasi\u00f3n en zona Federal (tanto en mar como en r\u00edo), regulando o cancelando las construcciones fijas y removibles.<br \/>\n5.Actualizaci\u00f3n de las delimitaciones de la zona maritima terrestre y ambientes costeros, as\u00ed como realizar capacitaci\u00f3n para el personal municipal encargado de estas acciones.<br \/>\n6.Realizar un dictamen por ocupaci\u00f3n en zonas de riesgo (desembocadura de arroyos principalmente), ya que actualmente no existe uno vigente.<br \/>\n7.Actualizar el censo de ocupantes y\/o prestadores de servicios.<br \/>\n8.Atender el derribo e invasi\u00f3n de dunas.<br \/>\n9.Sancionar el saqueo de tismiche (hueva de camar\u00f3n, durante el tiempo de veda)<\/p>\n<p><img loading=\"lazy\" decoding=\"async\" data-attachment-id=\"108333\" data-permalink=\"https:\/\/www.noticiasperfil.com\/index\/2024\/08\/10\/comision-municipal-de-medio-ambiente-realiza-enlace-con-dependencias-federales-para-la-conservacion-de-las-playas-sanandrescanas\/sat-medio-ambiente-04\/\" data-orig-file=\"https:\/\/i1.wp.com\/www.noticiasperfil.com\/index\/wp-content\/uploads\/2024\/08\/sat-medio-ambiente-04.jpg?fit=960%2C540&amp;ssl=1\" data-orig-size=\"960,540\" data-comments-opened=\"1\" data-image-meta=\"{&quot;aperture&quot;:&quot;0&quot;,&quot;credit&quot;:&quot;&quot;,&quot;camera&quot;:&quot;&quot;,&quot;caption&quot;:&quot;&quot;,&quot;created_timestamp&quot;:&quot;0&quot;,&quot;copyright&quot;:&quot;&quot;,&quot;focal_length&quot;:&quot;0&quot;,&quot;iso&quot;:&quot;0&quot;,&quot;shutter_speed&quot;:&quot;0&quot;,&quot;title&quot;:&quot;&quot;,&quot;orientation&quot;:&quot;0&quot;}\" data-image-title=\"sat-medio-ambiente-04\" data-image-description=\"\" data-medium-file=\"https:\/\/i1.wp.com\/www.noticiasperfil.com\/index\/wp-content\/uploads\/2024\/08\/sat-medio-ambiente-04.jpg?fit=660%2C365&amp;ssl=1\" data-large-file=\"https:\/\/i1.wp.com\/www.noticiasperfil.com\/index\/wp-content\/uploads\/2024\/08\/sat-medio-ambiente-04.jpg?fit=640%2C366&amp;ssl=1\" class=\"aligncenter size-full wp-image-108333\" src=\"https:\/\/i1.wp.com\/www.noticiasperfil.com\/index\/wp-content\/uploads\/2024\/08\/sat-medio-ambiente-04.jpg?resize=640%2C360&#038;ssl=1\" alt=\"\" width=\"640\" height=\"360\" srcset=\"https:\/\/i1.wp.com\/www.noticiasperfil.com\/index\/wp-content\/uploads\/2024\/08\/sat-medio-ambiente-04.jpg?w=960&amp;ssl=1 960w, https:\/\/i1.wp.com\/www.noticiasperfil.com\/index\/wp-content\/uploads\/2024\/08\/sat-medio-ambiente-04.jpg?resize=500%2C280&amp;ssl=1 500w\" sizes=\"auto, (max-width: 640px) 100vw, 640px\" data-recalc-dims=\"1\" \/><br \/>\n10. Atender y frenar la deforestaci\u00f3n en Toro Prieto, y otras playas aleda\u00f1as.<br \/>\n11. Frenar la contaminaci\u00f3n por Residuos de Petr\u00f3leo en playas de Toro Prieto.<\/p>\n<p>Con estas acciones se pretende garantizar la conservaci\u00f3n del corredor costero del municipio y devolver a las playas su riqueza natural.<\/p>\n","protected":false},"excerpt":{"rendered":"<p>La mesa de trabajo virtual fue encabezada por la Directora Municipal de Ecolog\u00eda Medio Ambiente y Protecci\u00f3n Animal y se realiz\u00f3 con video conferencia dirigida a enlaces de la CONANP, SEMARNAT y ZOFEMAT. San Andr\u00e9s Tuxtla, Ver.- Con el objetivo de trabajar en coordinaci\u00f3n con las dependencias federales para regularizar y mantener monitoreo de las playas y zonas costeras sanandrescanas, para garantizar acciones que contribuyan a mantenerlas limpias y que no se contaminen, se realiz\u00f3 la reuni\u00f3n virtual con los enlaces de la Comisi\u00f3n Nacional de \u00c1reas Naturales Protegidas (CONANP),&hellip;<\/p>\n","protected":false},"author":1,"featured_media":108330,"comment_status":"open","ping_status":"closed","sticky":false,"template":"","format":"standard","meta":{"footnotes":""},"categories":[3,12],"tags":[7966],"class_list":["post-108329","post","type-post","status-publish","format-standard","has-post-thumbnail","hentry","category-destacadas","category-san-andres-tuxtla","tag-maria-elena-solana-calzada"],"jetpack-related-posts":[],"_links":{"self":[{"href":"https:\/\/www.noticiasperfil.com\/index\/wp-json\/wp\/v2\/posts\/108329","targetHints":{"allow":["GET"]}}],"collection":[{"href":"https:\/\/www.noticiasperfil.com\/index\/wp-json\/wp\/v2\/posts"}],"about":[{"href":"https:\/\/www.noticiasperfil.com\/index\/wp-json\/wp\/v2\/types\/post"}],"author":[{"embeddable":true,"href":"https:\/\/www.noticiasperfil.com\/index\/wp-json\/wp\/v2\/users\/1"}],"replies":[{"embeddable":true,"href":"https:\/\/www.noticiasperfil.com\/index\/wp-json\/wp\/v2\/comments?post=108329"}],"version-history":[{"count":1,"href":"https:\/\/www.noticiasperfil.com\/index\/wp-json\/wp\/v2\/posts\/108329\/revisions"}],"predecessor-version":[{"id":108334,"href":"https:\/\/www.noticiasperfil.com\/index\/wp-json\/wp\/v2\/posts\/108329\/revisions\/108334"}],"wp:featuredmedia":[{"embeddable":true,"href":"https:\/\/www.noticiasperfil.com\/index\/wp-json\/wp\/v2\/media\/108330"}],"wp:attachment":[{"href":"https:\/\/www.noticiasperfil.com\/index\/wp-json\/wp\/v2\/media?parent=108329"}],"wp:term":[{"taxonomy":"category","embeddable":true,"href":"https:\/\/www.noticiasperfil.com\/index\/wp-json\/wp\/v2\/categories?post=108329"},{"taxonomy":"post_tag","embeddable":true,"href":"https:\/\/www.noticiasperfil.com\/index\/wp-json\/wp\/v2\/tags?post=108329"}],"curies":[{"name":"wp","href":"https:\/\/api.w.org\/{rel}","templated":true}]}}