{"id":108336,"date":"2024-08-12T13:42:29","date_gmt":"2024-08-12T18:42:29","guid":{"rendered":"https:\/\/www.noticiasperfil.com\/index\/?p=108336"},"modified":"2024-08-12T13:42:29","modified_gmt":"2024-08-12T18:42:29","slug":"alcalde-julio-cesar-garcia-machucho-encabeza-el-trail-las-maravillas-de-cabada-en-su-primera-edicion","status":"publish","type":"post","link":"https:\/\/www.noticiasperfil.com\/index\/2024\/08\/12\/alcalde-julio-cesar-garcia-machucho-encabeza-el-trail-las-maravillas-de-cabada-en-su-primera-edicion\/","title":{"rendered":"Alcalde Julio Cesar Garcia Machucho encabeza el Trail \u00abLas Maravillas de Cabada\u00bb en su Primera Edici\u00f3n"},"content":{"rendered":"<p><img loading=\"lazy\" decoding=\"async\" data-attachment-id=\"108337\" data-permalink=\"https:\/\/www.noticiasperfil.com\/index\/2024\/08\/12\/alcalde-julio-cesar-garcia-machucho-encabeza-el-trail-las-maravillas-de-cabada-en-su-primera-edicion\/maravillas-cabada-01\/\" data-orig-file=\"https:\/\/i1.wp.com\/www.noticiasperfil.com\/index\/wp-content\/uploads\/2024\/08\/maravillas-cabada-01.jpg?fit=1600%2C1066&amp;ssl=1\" data-orig-size=\"1600,1066\" data-comments-opened=\"1\" data-image-meta=\"{&quot;aperture&quot;:&quot;0&quot;,&quot;credit&quot;:&quot;&quot;,&quot;camera&quot;:&quot;&quot;,&quot;caption&quot;:&quot;&quot;,&quot;created_timestamp&quot;:&quot;0&quot;,&quot;copyright&quot;:&quot;&quot;,&quot;focal_length&quot;:&quot;0&quot;,&quot;iso&quot;:&quot;0&quot;,&quot;shutter_speed&quot;:&quot;0&quot;,&quot;title&quot;:&quot;&quot;,&quot;orientation&quot;:&quot;0&quot;}\" data-image-title=\"maravillas-cabada-01\" data-image-description=\"\" data-medium-file=\"https:\/\/i1.wp.com\/www.noticiasperfil.com\/index\/wp-content\/uploads\/2024\/08\/maravillas-cabada-01.jpg?fit=660%2C365&amp;ssl=1\" data-large-file=\"https:\/\/i1.wp.com\/www.noticiasperfil.com\/index\/wp-content\/uploads\/2024\/08\/maravillas-cabada-01.jpg?fit=640%2C366&amp;ssl=1\" class=\"aligncenter size-full wp-image-108337\" src=\"https:\/\/i1.wp.com\/www.noticiasperfil.com\/index\/wp-content\/uploads\/2024\/08\/maravillas-cabada-01.jpg?resize=640%2C426&#038;ssl=1\" alt=\"\" width=\"640\" height=\"426\" srcset=\"https:\/\/i1.wp.com\/www.noticiasperfil.com\/index\/wp-content\/uploads\/2024\/08\/maravillas-cabada-01.jpg?w=1600&amp;ssl=1 1600w, https:\/\/i1.wp.com\/www.noticiasperfil.com\/index\/wp-content\/uploads\/2024\/08\/maravillas-cabada-01.jpg?resize=1536%2C1023&amp;ssl=1 1536w, https:\/\/i1.wp.com\/www.noticiasperfil.com\/index\/wp-content\/uploads\/2024\/08\/maravillas-cabada-01.jpg?w=1280&amp;ssl=1 1280w\" sizes=\"auto, (max-width: 640px) 100vw, 640px\" data-recalc-dims=\"1\" \/><\/p>\n<p>\u00c1ngel R. Cabada, Ver.- Este fin de semana, el alcalde de \u00c1ngel R. Cabada, particip\u00f3 activamente en la primera edici\u00f3n del trail \u00abLas Maravillas de Cabada\u00bb, una emocionante carrera que atrajo a participantes locales, de diferentes municipios y de diversos estados de la Rep\u00fablica Mexicana. El evento se llev\u00f3 a cabo en la pintoresca zona de balnearios del municipio, ofreciendo opciones de recorridos de 5 y 10 kil\u00f3metros.<\/p>\n<div data-carousel-extra='{\"blog_id\":1,\"permalink\":\"https:\\\/\\\/www.noticiasperfil.com\\\/index\\\/2024\\\/08\\\/12\\\/alcalde-julio-cesar-garcia-machucho-encabeza-el-trail-las-maravillas-de-cabada-en-su-primera-edicion\\\/\"}' id='gallery-1' class='gallery galleryid-108336 gallery-columns-3 gallery-size-medium'><figure class='gallery-item'>\n\t\t\t<div class='gallery-icon landscape'>\n\t\t\t\t<a href='https:\/\/www.noticiasperfil.com\/index\/2024\/08\/12\/alcalde-julio-cesar-garcia-machucho-encabeza-el-trail-las-maravillas-de-cabada-en-su-primera-edicion\/maravillas-cabada-02\/'><img loading=\"lazy\" decoding=\"async\" width=\"660\" height=\"365\" src=\"https:\/\/i1.wp.com\/www.noticiasperfil.com\/index\/wp-content\/uploads\/2024\/08\/maravillas-cabada-02.jpg?fit=660%2C365&amp;ssl=1\" class=\"attachment-medium size-medium\" alt=\"\" srcset=\"https:\/\/i1.wp.com\/www.noticiasperfil.com\/index\/wp-content\/uploads\/2024\/08\/maravillas-cabada-02.jpg?resize=660%2C365&amp;ssl=1 660w, https:\/\/i1.wp.com\/www.noticiasperfil.com\/index\/wp-content\/uploads\/2024\/08\/maravillas-cabada-02.jpg?zoom=2&amp;resize=660%2C365&amp;ssl=1 1320w\" sizes=\"auto, (max-width: 640px) 100vw, 640px\" data-attachment-id=\"108338\" data-permalink=\"https:\/\/www.noticiasperfil.com\/index\/2024\/08\/12\/alcalde-julio-cesar-garcia-machucho-encabeza-el-trail-las-maravillas-de-cabada-en-su-primera-edicion\/maravillas-cabada-02\/\" data-orig-file=\"https:\/\/i1.wp.com\/www.noticiasperfil.com\/index\/wp-content\/uploads\/2024\/08\/maravillas-cabada-02.jpg?fit=1600%2C1066&amp;ssl=1\" data-orig-size=\"1600,1066\" data-comments-opened=\"1\" data-image-meta=\"{&quot;aperture&quot;:&quot;0&quot;,&quot;credit&quot;:&quot;&quot;,&quot;camera&quot;:&quot;&quot;,&quot;caption&quot;:&quot;&quot;,&quot;created_timestamp&quot;:&quot;0&quot;,&quot;copyright&quot;:&quot;&quot;,&quot;focal_length&quot;:&quot;0&quot;,&quot;iso&quot;:&quot;0&quot;,&quot;shutter_speed&quot;:&quot;0&quot;,&quot;title&quot;:&quot;&quot;,&quot;orientation&quot;:&quot;0&quot;}\" data-image-title=\"maravillas-cabada-02\" data-image-description=\"\" data-medium-file=\"https:\/\/i1.wp.com\/www.noticiasperfil.com\/index\/wp-content\/uploads\/2024\/08\/maravillas-cabada-02.jpg?fit=660%2C365&amp;ssl=1\" data-large-file=\"https:\/\/i1.wp.com\/www.noticiasperfil.com\/index\/wp-content\/uploads\/2024\/08\/maravillas-cabada-02.jpg?fit=640%2C366&amp;ssl=1\" \/><\/a>\n\t\t\t<\/div><\/figure><figure class='gallery-item'>\n\t\t\t<div class='gallery-icon landscape'>\n\t\t\t\t<a href='https:\/\/www.noticiasperfil.com\/index\/2024\/08\/12\/alcalde-julio-cesar-garcia-machucho-encabeza-el-trail-las-maravillas-de-cabada-en-su-primera-edicion\/maravillas-cabada-03\/'><img loading=\"lazy\" decoding=\"async\" width=\"660\" height=\"365\" src=\"https:\/\/i2.wp.com\/www.noticiasperfil.com\/index\/wp-content\/uploads\/2024\/08\/maravillas-cabada-03.jpg?fit=660%2C365&amp;ssl=1\" class=\"attachment-medium size-medium\" alt=\"\" srcset=\"https:\/\/i2.wp.com\/www.noticiasperfil.com\/index\/wp-content\/uploads\/2024\/08\/maravillas-cabada-03.jpg?resize=660%2C365&amp;ssl=1 660w, https:\/\/i2.wp.com\/www.noticiasperfil.com\/index\/wp-content\/uploads\/2024\/08\/maravillas-cabada-03.jpg?zoom=2&amp;resize=660%2C365&amp;ssl=1 1320w\" sizes=\"auto, (max-width: 640px) 100vw, 640px\" data-attachment-id=\"108339\" data-permalink=\"https:\/\/www.noticiasperfil.com\/index\/2024\/08\/12\/alcalde-julio-cesar-garcia-machucho-encabeza-el-trail-las-maravillas-de-cabada-en-su-primera-edicion\/maravillas-cabada-03\/\" data-orig-file=\"https:\/\/i2.wp.com\/www.noticiasperfil.com\/index\/wp-content\/uploads\/2024\/08\/maravillas-cabada-03.jpg?fit=1600%2C1066&amp;ssl=1\" data-orig-size=\"1600,1066\" data-comments-opened=\"1\" data-image-meta=\"{&quot;aperture&quot;:&quot;0&quot;,&quot;credit&quot;:&quot;&quot;,&quot;camera&quot;:&quot;&quot;,&quot;caption&quot;:&quot;&quot;,&quot;created_timestamp&quot;:&quot;0&quot;,&quot;copyright&quot;:&quot;&quot;,&quot;focal_length&quot;:&quot;0&quot;,&quot;iso&quot;:&quot;0&quot;,&quot;shutter_speed&quot;:&quot;0&quot;,&quot;title&quot;:&quot;&quot;,&quot;orientation&quot;:&quot;0&quot;}\" data-image-title=\"maravillas-cabada-03\" data-image-description=\"\" data-medium-file=\"https:\/\/i2.wp.com\/www.noticiasperfil.com\/index\/wp-content\/uploads\/2024\/08\/maravillas-cabada-03.jpg?fit=660%2C365&amp;ssl=1\" data-large-file=\"https:\/\/i2.wp.com\/www.noticiasperfil.com\/index\/wp-content\/uploads\/2024\/08\/maravillas-cabada-03.jpg?fit=640%2C366&amp;ssl=1\" \/><\/a>\n\t\t\t<\/div><\/figure><figure class='gallery-item'>\n\t\t\t<div class='gallery-icon landscape'>\n\t\t\t\t<a href='https:\/\/www.noticiasperfil.com\/index\/2024\/08\/12\/alcalde-julio-cesar-garcia-machucho-encabeza-el-trail-las-maravillas-de-cabada-en-su-primera-edicion\/maravillas-cabada-04\/'><img loading=\"lazy\" decoding=\"async\" width=\"660\" height=\"365\" src=\"https:\/\/i1.wp.com\/www.noticiasperfil.com\/index\/wp-content\/uploads\/2024\/08\/maravillas-cabada-04.jpg?fit=660%2C365&amp;ssl=1\" class=\"attachment-medium size-medium\" alt=\"\" srcset=\"https:\/\/i1.wp.com\/www.noticiasperfil.com\/index\/wp-content\/uploads\/2024\/08\/maravillas-cabada-04.jpg?resize=660%2C365&amp;ssl=1 660w, https:\/\/i1.wp.com\/www.noticiasperfil.com\/index\/wp-content\/uploads\/2024\/08\/maravillas-cabada-04.jpg?zoom=2&amp;resize=660%2C365&amp;ssl=1 1320w\" sizes=\"auto, (max-width: 640px) 100vw, 640px\" data-attachment-id=\"108340\" data-permalink=\"https:\/\/www.noticiasperfil.com\/index\/2024\/08\/12\/alcalde-julio-cesar-garcia-machucho-encabeza-el-trail-las-maravillas-de-cabada-en-su-primera-edicion\/maravillas-cabada-04\/\" data-orig-file=\"https:\/\/i1.wp.com\/www.noticiasperfil.com\/index\/wp-content\/uploads\/2024\/08\/maravillas-cabada-04.jpg?fit=1600%2C1066&amp;ssl=1\" data-orig-size=\"1600,1066\" data-comments-opened=\"1\" data-image-meta=\"{&quot;aperture&quot;:&quot;0&quot;,&quot;credit&quot;:&quot;&quot;,&quot;camera&quot;:&quot;&quot;,&quot;caption&quot;:&quot;&quot;,&quot;created_timestamp&quot;:&quot;0&quot;,&quot;copyright&quot;:&quot;&quot;,&quot;focal_length&quot;:&quot;0&quot;,&quot;iso&quot;:&quot;0&quot;,&quot;shutter_speed&quot;:&quot;0&quot;,&quot;title&quot;:&quot;&quot;,&quot;orientation&quot;:&quot;0&quot;}\" data-image-title=\"maravillas-cabada-04\" data-image-description=\"\" data-medium-file=\"https:\/\/i1.wp.com\/www.noticiasperfil.com\/index\/wp-content\/uploads\/2024\/08\/maravillas-cabada-04.jpg?fit=660%2C365&amp;ssl=1\" data-large-file=\"https:\/\/i1.wp.com\/www.noticiasperfil.com\/index\/wp-content\/uploads\/2024\/08\/maravillas-cabada-04.jpg?fit=640%2C366&amp;ssl=1\" \/><\/a>\n\t\t\t<\/div><\/figure>\n\t\t<\/div>\n\n<p>En sus redes sociales, el alcalde comparti\u00f3 su entusiasmo tras la carrera: \u00abEsta ma\u00f1ana corrimos y disfrutamos cada kil\u00f3metro de la Primera Edici\u00f3n del trail &#8216;Las Maravillas de Cabada&#8217; \ud83c\udfc3\ud83c\udffb\ud83c\udfc3\ud83c\udffb\u200d\u2640\ufe0f. Durante la carrera nos deleitamos con los hermosos paisajes y recursos naturales que embellecen la zona de balnearios de nuestro municipio.\u00bb<\/p>\n<div data-carousel-extra='{\"blog_id\":1,\"permalink\":\"https:\\\/\\\/www.noticiasperfil.com\\\/index\\\/2024\\\/08\\\/12\\\/alcalde-julio-cesar-garcia-machucho-encabeza-el-trail-las-maravillas-de-cabada-en-su-primera-edicion\\\/\"}' id='gallery-2' class='gallery galleryid-108336 gallery-columns-3 gallery-size-medium'><figure class='gallery-item'>\n\t\t\t<div class='gallery-icon landscape'>\n\t\t\t\t<a href='https:\/\/www.noticiasperfil.com\/index\/2024\/08\/12\/alcalde-julio-cesar-garcia-machucho-encabeza-el-trail-las-maravillas-de-cabada-en-su-primera-edicion\/maravillas-cabada-04\/'><img loading=\"lazy\" decoding=\"async\" width=\"660\" height=\"365\" src=\"https:\/\/i1.wp.com\/www.noticiasperfil.com\/index\/wp-content\/uploads\/2024\/08\/maravillas-cabada-04.jpg?fit=660%2C365&amp;ssl=1\" class=\"attachment-medium size-medium\" alt=\"\" srcset=\"https:\/\/i1.wp.com\/www.noticiasperfil.com\/index\/wp-content\/uploads\/2024\/08\/maravillas-cabada-04.jpg?resize=660%2C365&amp;ssl=1 660w, https:\/\/i1.wp.com\/www.noticiasperfil.com\/index\/wp-content\/uploads\/2024\/08\/maravillas-cabada-04.jpg?zoom=2&amp;resize=660%2C365&amp;ssl=1 1320w\" sizes=\"auto, (max-width: 640px) 100vw, 640px\" data-attachment-id=\"108340\" data-permalink=\"https:\/\/www.noticiasperfil.com\/index\/2024\/08\/12\/alcalde-julio-cesar-garcia-machucho-encabeza-el-trail-las-maravillas-de-cabada-en-su-primera-edicion\/maravillas-cabada-04\/\" data-orig-file=\"https:\/\/i1.wp.com\/www.noticiasperfil.com\/index\/wp-content\/uploads\/2024\/08\/maravillas-cabada-04.jpg?fit=1600%2C1066&amp;ssl=1\" data-orig-size=\"1600,1066\" data-comments-opened=\"1\" data-image-meta=\"{&quot;aperture&quot;:&quot;0&quot;,&quot;credit&quot;:&quot;&quot;,&quot;camera&quot;:&quot;&quot;,&quot;caption&quot;:&quot;&quot;,&quot;created_timestamp&quot;:&quot;0&quot;,&quot;copyright&quot;:&quot;&quot;,&quot;focal_length&quot;:&quot;0&quot;,&quot;iso&quot;:&quot;0&quot;,&quot;shutter_speed&quot;:&quot;0&quot;,&quot;title&quot;:&quot;&quot;,&quot;orientation&quot;:&quot;0&quot;}\" data-image-title=\"maravillas-cabada-04\" data-image-description=\"\" data-medium-file=\"https:\/\/i1.wp.com\/www.noticiasperfil.com\/index\/wp-content\/uploads\/2024\/08\/maravillas-cabada-04.jpg?fit=660%2C365&amp;ssl=1\" data-large-file=\"https:\/\/i1.wp.com\/www.noticiasperfil.com\/index\/wp-content\/uploads\/2024\/08\/maravillas-cabada-04.jpg?fit=640%2C366&amp;ssl=1\" \/><\/a>\n\t\t\t<\/div><\/figure><figure class='gallery-item'>\n\t\t\t<div class='gallery-icon landscape'>\n\t\t\t\t<a href='https:\/\/www.noticiasperfil.com\/index\/2024\/08\/12\/alcalde-julio-cesar-garcia-machucho-encabeza-el-trail-las-maravillas-de-cabada-en-su-primera-edicion\/maravillas-cabada-05\/'><img loading=\"lazy\" decoding=\"async\" width=\"660\" height=\"365\" src=\"https:\/\/i0.wp.com\/www.noticiasperfil.com\/index\/wp-content\/uploads\/2024\/08\/maravillas-cabada-05.jpg?fit=660%2C365&amp;ssl=1\" class=\"attachment-medium size-medium\" alt=\"\" srcset=\"https:\/\/i0.wp.com\/www.noticiasperfil.com\/index\/wp-content\/uploads\/2024\/08\/maravillas-cabada-05.jpg?resize=660%2C365&amp;ssl=1 660w, https:\/\/i0.wp.com\/www.noticiasperfil.com\/index\/wp-content\/uploads\/2024\/08\/maravillas-cabada-05.jpg?zoom=2&amp;resize=660%2C365&amp;ssl=1 1320w\" sizes=\"auto, (max-width: 640px) 100vw, 640px\" data-attachment-id=\"108341\" data-permalink=\"https:\/\/www.noticiasperfil.com\/index\/2024\/08\/12\/alcalde-julio-cesar-garcia-machucho-encabeza-el-trail-las-maravillas-de-cabada-en-su-primera-edicion\/maravillas-cabada-05\/\" data-orig-file=\"https:\/\/i0.wp.com\/www.noticiasperfil.com\/index\/wp-content\/uploads\/2024\/08\/maravillas-cabada-05.jpg?fit=1600%2C1066&amp;ssl=1\" data-orig-size=\"1600,1066\" data-comments-opened=\"1\" data-image-meta=\"{&quot;aperture&quot;:&quot;0&quot;,&quot;credit&quot;:&quot;&quot;,&quot;camera&quot;:&quot;&quot;,&quot;caption&quot;:&quot;&quot;,&quot;created_timestamp&quot;:&quot;0&quot;,&quot;copyright&quot;:&quot;&quot;,&quot;focal_length&quot;:&quot;0&quot;,&quot;iso&quot;:&quot;0&quot;,&quot;shutter_speed&quot;:&quot;0&quot;,&quot;title&quot;:&quot;&quot;,&quot;orientation&quot;:&quot;0&quot;}\" data-image-title=\"maravillas-cabada-05\" data-image-description=\"\" data-medium-file=\"https:\/\/i0.wp.com\/www.noticiasperfil.com\/index\/wp-content\/uploads\/2024\/08\/maravillas-cabada-05.jpg?fit=660%2C365&amp;ssl=1\" data-large-file=\"https:\/\/i0.wp.com\/www.noticiasperfil.com\/index\/wp-content\/uploads\/2024\/08\/maravillas-cabada-05.jpg?fit=640%2C366&amp;ssl=1\" \/><\/a>\n\t\t\t<\/div><\/figure><figure class='gallery-item'>\n\t\t\t<div class='gallery-icon landscape'>\n\t\t\t\t<a href='https:\/\/www.noticiasperfil.com\/index\/2024\/08\/12\/alcalde-julio-cesar-garcia-machucho-encabeza-el-trail-las-maravillas-de-cabada-en-su-primera-edicion\/maravillas-cabada-06\/'><img loading=\"lazy\" decoding=\"async\" width=\"660\" height=\"365\" src=\"https:\/\/i2.wp.com\/www.noticiasperfil.com\/index\/wp-content\/uploads\/2024\/08\/maravillas-cabada-06.jpg?fit=660%2C365&amp;ssl=1\" class=\"attachment-medium size-medium\" alt=\"\" srcset=\"https:\/\/i2.wp.com\/www.noticiasperfil.com\/index\/wp-content\/uploads\/2024\/08\/maravillas-cabada-06.jpg?resize=660%2C365&amp;ssl=1 660w, https:\/\/i2.wp.com\/www.noticiasperfil.com\/index\/wp-content\/uploads\/2024\/08\/maravillas-cabada-06.jpg?zoom=2&amp;resize=660%2C365&amp;ssl=1 1320w\" sizes=\"auto, (max-width: 640px) 100vw, 640px\" data-attachment-id=\"108342\" data-permalink=\"https:\/\/www.noticiasperfil.com\/index\/2024\/08\/12\/alcalde-julio-cesar-garcia-machucho-encabeza-el-trail-las-maravillas-de-cabada-en-su-primera-edicion\/maravillas-cabada-06\/\" data-orig-file=\"https:\/\/i2.wp.com\/www.noticiasperfil.com\/index\/wp-content\/uploads\/2024\/08\/maravillas-cabada-06.jpg?fit=1600%2C1200&amp;ssl=1\" data-orig-size=\"1600,1200\" data-comments-opened=\"1\" data-image-meta=\"{&quot;aperture&quot;:&quot;0&quot;,&quot;credit&quot;:&quot;&quot;,&quot;camera&quot;:&quot;&quot;,&quot;caption&quot;:&quot;&quot;,&quot;created_timestamp&quot;:&quot;0&quot;,&quot;copyright&quot;:&quot;&quot;,&quot;focal_length&quot;:&quot;0&quot;,&quot;iso&quot;:&quot;0&quot;,&quot;shutter_speed&quot;:&quot;0&quot;,&quot;title&quot;:&quot;&quot;,&quot;orientation&quot;:&quot;0&quot;}\" data-image-title=\"maravillas-cabada-06\" data-image-description=\"\" data-medium-file=\"https:\/\/i2.wp.com\/www.noticiasperfil.com\/index\/wp-content\/uploads\/2024\/08\/maravillas-cabada-06.jpg?fit=660%2C365&amp;ssl=1\" data-large-file=\"https:\/\/i2.wp.com\/www.noticiasperfil.com\/index\/wp-content\/uploads\/2024\/08\/maravillas-cabada-06.jpg?fit=640%2C366&amp;ssl=1\" \/><\/a>\n\t\t\t<\/div><\/figure>\n\t\t<\/div>\n\n<p>El evento no solo promovi\u00f3 la actividad f\u00edsica, sino que tambi\u00e9n destac\u00f3 la belleza natural de \u00c1ngel R. Cabada, invitando a todos los participantes a visitar y explorar sus riquezas naturales. El alcalde extendi\u00f3 sus felicitaciones a todos los corredores, tanto locales como aquellos provenientes de otros lugares, anim\u00e1ndolos a regresar y disfrutar de las maravillas naturales que ofrece el municipio.<\/p>\n<p>El trail \u00abLas Maravillas de Cabada\u00bb tambi\u00e9n fue una oportunidad para promover el turismo local y destacar la belleza natural de \u00c1ngel R. Cabada ante los ojos de M\u00e9xico<\/p>\n","protected":false},"excerpt":{"rendered":"<p>\u00c1ngel R. Cabada, Ver.- Este fin de semana, el alcalde de \u00c1ngel R. Cabada, particip\u00f3 activamente en la primera edici\u00f3n del trail \u00abLas Maravillas de Cabada\u00bb, una emocionante carrera que atrajo a participantes locales, de diferentes municipios y de diversos estados de la Rep\u00fablica Mexicana. El evento se llev\u00f3 a cabo en la pintoresca zona de balnearios del municipio, ofreciendo opciones de recorridos de 5 y 10 kil\u00f3metros. En sus redes sociales, el alcalde comparti\u00f3 su entusiasmo tras la carrera: \u00abEsta ma\u00f1ana corrimos y disfrutamos cada kil\u00f3metro de la Primera&hellip;<\/p>\n","protected":false},"author":1,"featured_media":108337,"comment_status":"open","ping_status":"closed","sticky":false,"template":"","format":"standard","meta":{"footnotes":""},"categories":[3,16],"tags":[9036],"class_list":["post-108336","post","type-post","status-publish","format-standard","has-post-thumbnail","hentry","category-destacadas","category-zona-canera","tag-julio-cesar-garcia-machucho"],"jetpack-related-posts":[],"_links":{"self":[{"href":"https:\/\/www.noticiasperfil.com\/index\/wp-json\/wp\/v2\/posts\/108336","targetHints":{"allow":["GET"]}}],"collection":[{"href":"https:\/\/www.noticiasperfil.com\/index\/wp-json\/wp\/v2\/posts"}],"about":[{"href":"https:\/\/www.noticiasperfil.com\/index\/wp-json\/wp\/v2\/types\/post"}],"author":[{"embeddable":true,"href":"https:\/\/www.noticiasperfil.com\/index\/wp-json\/wp\/v2\/users\/1"}],"replies":[{"embeddable":true,"href":"https:\/\/www.noticiasperfil.com\/index\/wp-json\/wp\/v2\/comments?post=108336"}],"version-history":[{"count":1,"href":"https:\/\/www.noticiasperfil.com\/index\/wp-json\/wp\/v2\/posts\/108336\/revisions"}],"predecessor-version":[{"id":108343,"href":"https:\/\/www.noticiasperfil.com\/index\/wp-json\/wp\/v2\/posts\/108336\/revisions\/108343"}],"wp:featuredmedia":[{"embeddable":true,"href":"https:\/\/www.noticiasperfil.com\/index\/wp-json\/wp\/v2\/media\/108337"}],"wp:attachment":[{"href":"https:\/\/www.noticiasperfil.com\/index\/wp-json\/wp\/v2\/media?parent=108336"}],"wp:term":[{"taxonomy":"category","embeddable":true,"href":"https:\/\/www.noticiasperfil.com\/index\/wp-json\/wp\/v2\/categories?post=108336"},{"taxonomy":"post_tag","embeddable":true,"href":"https:\/\/www.noticiasperfil.com\/index\/wp-json\/wp\/v2\/tags?post=108336"}],"curies":[{"name":"wp","href":"https:\/\/api.w.org\/{rel}","templated":true}]}}