{"id":108481,"date":"2024-08-22T20:38:57","date_gmt":"2024-08-23T01:38:57","guid":{"rendered":"https:\/\/www.noticiasperfil.com\/index\/?p=108481"},"modified":"2024-08-22T20:38:57","modified_gmt":"2024-08-23T01:38:57","slug":"san-andres-tuxtla-sede-de-la-entrega-de-resultados-de-la-consulta-me-escuchas-veracruz-2024","status":"publish","type":"post","link":"https:\/\/www.noticiasperfil.com\/index\/2024\/08\/22\/san-andres-tuxtla-sede-de-la-entrega-de-resultados-de-la-consulta-me-escuchas-veracruz-2024\/","title":{"rendered":"San Andr\u00e9s Tuxtla, sede de la entrega de resultados de la Consulta \u00ab\u00bfMe Escuchas? Veracruz 2024\u00bb"},"content":{"rendered":"<p><img loading=\"lazy\" decoding=\"async\" data-attachment-id=\"108482\" data-permalink=\"https:\/\/www.noticiasperfil.com\/index\/2024\/08\/22\/san-andres-tuxtla-sede-de-la-entrega-de-resultados-de-la-consulta-me-escuchas-veracruz-2024\/solana-barcelo-01\/\" data-orig-file=\"https:\/\/i1.wp.com\/www.noticiasperfil.com\/index\/wp-content\/uploads\/2024\/08\/solana-barcelo-01.jpg?fit=960%2C641&amp;ssl=1\" data-orig-size=\"960,641\" data-comments-opened=\"1\" data-image-meta=\"{&quot;aperture&quot;:&quot;0&quot;,&quot;credit&quot;:&quot;&quot;,&quot;camera&quot;:&quot;&quot;,&quot;caption&quot;:&quot;&quot;,&quot;created_timestamp&quot;:&quot;0&quot;,&quot;copyright&quot;:&quot;&quot;,&quot;focal_length&quot;:&quot;0&quot;,&quot;iso&quot;:&quot;0&quot;,&quot;shutter_speed&quot;:&quot;0&quot;,&quot;title&quot;:&quot;&quot;,&quot;orientation&quot;:&quot;0&quot;}\" data-image-title=\"solana-barcelo-01\" data-image-description=\"\" data-medium-file=\"https:\/\/i1.wp.com\/www.noticiasperfil.com\/index\/wp-content\/uploads\/2024\/08\/solana-barcelo-01.jpg?fit=660%2C365&amp;ssl=1\" data-large-file=\"https:\/\/i1.wp.com\/www.noticiasperfil.com\/index\/wp-content\/uploads\/2024\/08\/solana-barcelo-01.jpg?fit=640%2C366&amp;ssl=1\" class=\"aligncenter size-full wp-image-108482\" src=\"https:\/\/i1.wp.com\/www.noticiasperfil.com\/index\/wp-content\/uploads\/2024\/08\/solana-barcelo-01.jpg?resize=640%2C427&#038;ssl=1\" alt=\"\" width=\"640\" height=\"427\" data-recalc-dims=\"1\" \/><\/p>\n<p><em><strong>* La alcaldesa Mar\u00eda Dra Maria Elena Solana Calzada &#8211; Dra Remedios y el Presidente del DIF Municipal Felipe Rubio Solana a, recibieron a alcaldes y las titulares del Sistema DIF Nacional y Estatal.<\/strong><\/em><br \/>\n<em><strong>* Acuden alcaldes y directores de DIF de distintos municipios de la entidad Veracruzana.<\/strong><\/em><br \/>\n<em><strong>* Autoridades municipales y estatales realizan recorrido en el CRISAT.<\/strong><\/em><\/p>\n<p>San Andr\u00e9s Tuxtla, Ver.- Teniendo como sede el Teatro de la Ciudad de San Andr\u00e9s Tuxtla, este jueves se realiz\u00f3 la Entrega de Resultados de la Consulta \u00ab\u00bfMe Escuchas? Veracruz 2024\u00bb, evento que cont\u00f3 con la anfitrion\u00eda de la Presidenta Municipal, la doctora Mar\u00eda Elena Solana Calzada y el Presidente del Sistema DIF Municipal, el ingeniero Felipe Rubio Solana.<\/p>\n<p><img loading=\"lazy\" decoding=\"async\" data-attachment-id=\"108483\" data-permalink=\"https:\/\/www.noticiasperfil.com\/index\/2024\/08\/22\/san-andres-tuxtla-sede-de-la-entrega-de-resultados-de-la-consulta-me-escuchas-veracruz-2024\/solana-barcelo-02\/\" data-orig-file=\"https:\/\/i2.wp.com\/www.noticiasperfil.com\/index\/wp-content\/uploads\/2024\/08\/solana-barcelo-02.jpg?fit=960%2C641&amp;ssl=1\" data-orig-size=\"960,641\" data-comments-opened=\"1\" data-image-meta=\"{&quot;aperture&quot;:&quot;0&quot;,&quot;credit&quot;:&quot;&quot;,&quot;camera&quot;:&quot;&quot;,&quot;caption&quot;:&quot;&quot;,&quot;created_timestamp&quot;:&quot;0&quot;,&quot;copyright&quot;:&quot;&quot;,&quot;focal_length&quot;:&quot;0&quot;,&quot;iso&quot;:&quot;0&quot;,&quot;shutter_speed&quot;:&quot;0&quot;,&quot;title&quot;:&quot;&quot;,&quot;orientation&quot;:&quot;0&quot;}\" data-image-title=\"solana-barcelo-02\" data-image-description=\"\" data-medium-file=\"https:\/\/i2.wp.com\/www.noticiasperfil.com\/index\/wp-content\/uploads\/2024\/08\/solana-barcelo-02.jpg?fit=660%2C365&amp;ssl=1\" data-large-file=\"https:\/\/i2.wp.com\/www.noticiasperfil.com\/index\/wp-content\/uploads\/2024\/08\/solana-barcelo-02.jpg?fit=640%2C366&amp;ssl=1\" class=\"aligncenter size-full wp-image-108483\" src=\"https:\/\/i2.wp.com\/www.noticiasperfil.com\/index\/wp-content\/uploads\/2024\/08\/solana-barcelo-02.jpg?resize=640%2C427&#038;ssl=1\" alt=\"\" width=\"640\" height=\"427\" data-recalc-dims=\"1\" \/><\/p>\n<p>En el recinto se presentaron los resultados de las consultas acerca de los programas asistenciales para ni\u00f1as, ni\u00f1os y adolescentes, obtenidos a trav\u00e9s de un ejercicio abierto aplicado a la poblaci\u00f3n infantil de todo el estado, consiguiendo recoger las impresiones de lo que para las ni\u00f1as, ni\u00f1os y adolescentes, resulta lo m\u00e1s importante.<\/p>\n<p><img loading=\"lazy\" decoding=\"async\" data-attachment-id=\"108484\" data-permalink=\"https:\/\/www.noticiasperfil.com\/index\/2024\/08\/22\/san-andres-tuxtla-sede-de-la-entrega-de-resultados-de-la-consulta-me-escuchas-veracruz-2024\/solana-barcelo-03\/\" data-orig-file=\"https:\/\/i2.wp.com\/www.noticiasperfil.com\/index\/wp-content\/uploads\/2024\/08\/solana-barcelo-03.jpg?fit=960%2C641&amp;ssl=1\" data-orig-size=\"960,641\" data-comments-opened=\"1\" data-image-meta=\"{&quot;aperture&quot;:&quot;0&quot;,&quot;credit&quot;:&quot;&quot;,&quot;camera&quot;:&quot;&quot;,&quot;caption&quot;:&quot;&quot;,&quot;created_timestamp&quot;:&quot;0&quot;,&quot;copyright&quot;:&quot;&quot;,&quot;focal_length&quot;:&quot;0&quot;,&quot;iso&quot;:&quot;0&quot;,&quot;shutter_speed&quot;:&quot;0&quot;,&quot;title&quot;:&quot;&quot;,&quot;orientation&quot;:&quot;0&quot;}\" data-image-title=\"solana-barcelo-03\" data-image-description=\"\" data-medium-file=\"https:\/\/i2.wp.com\/www.noticiasperfil.com\/index\/wp-content\/uploads\/2024\/08\/solana-barcelo-03.jpg?fit=660%2C365&amp;ssl=1\" data-large-file=\"https:\/\/i2.wp.com\/www.noticiasperfil.com\/index\/wp-content\/uploads\/2024\/08\/solana-barcelo-03.jpg?fit=640%2C366&amp;ssl=1\" class=\"aligncenter size-full wp-image-108484\" src=\"https:\/\/i2.wp.com\/www.noticiasperfil.com\/index\/wp-content\/uploads\/2024\/08\/solana-barcelo-03.jpg?resize=640%2C427&#038;ssl=1\" alt=\"\" width=\"640\" height=\"427\" data-recalc-dims=\"1\" \/><\/p>\n<p>El acto cont\u00f3 con la presencia de destacadas personalidades como la licenciada Nuria Fern\u00e1ndez Espresate, Titular del Sistema Nacional DIF, en representaci\u00f3n del Gobernador del Estado, ingeniero Cuitl\u00e1huac Garc\u00eda Jim\u00e9nez, acudi\u00f3 el Secretario de Gobierno Carlos Alberto Gil Ju\u00e1rez, adem\u00e1s de la licenciada Rebeca Quintanar Barcel\u00f3 Titular del Sistema DIF Estatal de Veracruz, entre otros.<\/p>\n<p><img loading=\"lazy\" decoding=\"async\" data-attachment-id=\"108485\" data-permalink=\"https:\/\/www.noticiasperfil.com\/index\/2024\/08\/22\/san-andres-tuxtla-sede-de-la-entrega-de-resultados-de-la-consulta-me-escuchas-veracruz-2024\/solana-barcelo-04\/\" data-orig-file=\"https:\/\/i0.wp.com\/www.noticiasperfil.com\/index\/wp-content\/uploads\/2024\/08\/solana-barcelo-04.jpg?fit=960%2C641&amp;ssl=1\" data-orig-size=\"960,641\" data-comments-opened=\"1\" data-image-meta=\"{&quot;aperture&quot;:&quot;0&quot;,&quot;credit&quot;:&quot;&quot;,&quot;camera&quot;:&quot;&quot;,&quot;caption&quot;:&quot;&quot;,&quot;created_timestamp&quot;:&quot;0&quot;,&quot;copyright&quot;:&quot;&quot;,&quot;focal_length&quot;:&quot;0&quot;,&quot;iso&quot;:&quot;0&quot;,&quot;shutter_speed&quot;:&quot;0&quot;,&quot;title&quot;:&quot;&quot;,&quot;orientation&quot;:&quot;0&quot;}\" data-image-title=\"solana-barcelo-04\" data-image-description=\"\" data-medium-file=\"https:\/\/i0.wp.com\/www.noticiasperfil.com\/index\/wp-content\/uploads\/2024\/08\/solana-barcelo-04.jpg?fit=660%2C365&amp;ssl=1\" data-large-file=\"https:\/\/i0.wp.com\/www.noticiasperfil.com\/index\/wp-content\/uploads\/2024\/08\/solana-barcelo-04.jpg?fit=640%2C366&amp;ssl=1\" class=\"aligncenter size-full wp-image-108485\" src=\"https:\/\/i0.wp.com\/www.noticiasperfil.com\/index\/wp-content\/uploads\/2024\/08\/solana-barcelo-04.jpg?resize=640%2C427&#038;ssl=1\" alt=\"\" width=\"640\" height=\"427\" data-recalc-dims=\"1\" \/><\/p>\n<p>Acompa\u00f1ando a la alcaldesa, estuvieron los regidores Mar\u00eda Maria Elida Pino Villaseca , Iv\u00e1n de Jes\u00fas Iv\u00e1n de J. Bautista Tom Mayra Patricia Xolo Hern\u00e1ndez, Edgar Leoncio Edgar Antemate Caixba , Abelardo Javier Ortiz Navarrete, Ximena Tress Fadanelli , Edgardo Cecilio Ram\u00edrez Sosa Omar Mart\u00ednez Lic. Omar Martinez Aranda , Concepci\u00f3n Carmona Caldela, Gabriela D\u00edaz del Castillo y Dana\u00e9 Danae V\u00e1zquez Molina , as\u00ed como la Directora del DIF Municipal, la licenciada Georgina Salas Armengol.<\/p>\n<p>Tras una gala art\u00edstica y cultural a cargo del Ballet Folcl\u00f3rico Quetzalc\u00f3atl y del Ensamble Jarocho Son Voces del Monte, la alcaldesa Mar\u00eda Elena Solana Calzada dio la bienvenida a las personalidades y autoridades federales y estatales y destac\u00f3 la importancia de este evento que es resultado de un ejercicio que permite a los tres niveles de gobierno escuchar la voz de los ni\u00f1os y adolescentes para construir mejores programas de asistencia en beneficio de ellos.<\/p>\n<p><img loading=\"lazy\" decoding=\"async\" data-attachment-id=\"108486\" data-permalink=\"https:\/\/www.noticiasperfil.com\/index\/2024\/08\/22\/san-andres-tuxtla-sede-de-la-entrega-de-resultados-de-la-consulta-me-escuchas-veracruz-2024\/solana-barcelo-05\/\" data-orig-file=\"https:\/\/i2.wp.com\/www.noticiasperfil.com\/index\/wp-content\/uploads\/2024\/08\/solana-barcelo-05.jpg?fit=960%2C640&amp;ssl=1\" data-orig-size=\"960,640\" data-comments-opened=\"1\" data-image-meta=\"{&quot;aperture&quot;:&quot;0&quot;,&quot;credit&quot;:&quot;&quot;,&quot;camera&quot;:&quot;&quot;,&quot;caption&quot;:&quot;&quot;,&quot;created_timestamp&quot;:&quot;0&quot;,&quot;copyright&quot;:&quot;&quot;,&quot;focal_length&quot;:&quot;0&quot;,&quot;iso&quot;:&quot;0&quot;,&quot;shutter_speed&quot;:&quot;0&quot;,&quot;title&quot;:&quot;&quot;,&quot;orientation&quot;:&quot;0&quot;}\" data-image-title=\"solana-barcelo-05\" data-image-description=\"\" data-medium-file=\"https:\/\/i2.wp.com\/www.noticiasperfil.com\/index\/wp-content\/uploads\/2024\/08\/solana-barcelo-05.jpg?fit=660%2C365&amp;ssl=1\" data-large-file=\"https:\/\/i2.wp.com\/www.noticiasperfil.com\/index\/wp-content\/uploads\/2024\/08\/solana-barcelo-05.jpg?fit=640%2C366&amp;ssl=1\" class=\"aligncenter size-full wp-image-108486\" src=\"https:\/\/i2.wp.com\/www.noticiasperfil.com\/index\/wp-content\/uploads\/2024\/08\/solana-barcelo-05.jpg?resize=640%2C427&#038;ssl=1\" alt=\"\" width=\"640\" height=\"427\" data-recalc-dims=\"1\" \/><\/p>\n<p>La licenciada Rebeca Quintanar Barcel\u00f3, tambi\u00e9n tuvo una intervenci\u00f3n para hablar de los resultados de la Consulta Nacional \u00ab\u00bfMe Escuchas? 2024\u00bb, un ejercicio diagn\u00f3stico realizado por el Sistema Nacional DIF para conocer los intereses y necesidades de ni\u00f1os, ni\u00f1as y adolescentes.<\/p>\n<p>El Secretario de Gobierno resalt\u00f3 que la consulta busc\u00f3 escuchar la voz de los NNA y fortalecer su derecho a la participaci\u00f3n, como parte del compromiso con la transformaci\u00f3n social.<\/p>\n<p><img loading=\"lazy\" decoding=\"async\" data-attachment-id=\"108487\" data-permalink=\"https:\/\/www.noticiasperfil.com\/index\/2024\/08\/22\/san-andres-tuxtla-sede-de-la-entrega-de-resultados-de-la-consulta-me-escuchas-veracruz-2024\/solana-barcelo-06\/\" data-orig-file=\"https:\/\/i1.wp.com\/www.noticiasperfil.com\/index\/wp-content\/uploads\/2024\/08\/solana-barcelo-06.jpg?fit=960%2C640&amp;ssl=1\" data-orig-size=\"960,640\" data-comments-opened=\"1\" data-image-meta=\"{&quot;aperture&quot;:&quot;0&quot;,&quot;credit&quot;:&quot;&quot;,&quot;camera&quot;:&quot;&quot;,&quot;caption&quot;:&quot;&quot;,&quot;created_timestamp&quot;:&quot;0&quot;,&quot;copyright&quot;:&quot;&quot;,&quot;focal_length&quot;:&quot;0&quot;,&quot;iso&quot;:&quot;0&quot;,&quot;shutter_speed&quot;:&quot;0&quot;,&quot;title&quot;:&quot;&quot;,&quot;orientation&quot;:&quot;0&quot;}\" data-image-title=\"solana-barcelo-06\" data-image-description=\"\" data-medium-file=\"https:\/\/i1.wp.com\/www.noticiasperfil.com\/index\/wp-content\/uploads\/2024\/08\/solana-barcelo-06.jpg?fit=660%2C365&amp;ssl=1\" data-large-file=\"https:\/\/i1.wp.com\/www.noticiasperfil.com\/index\/wp-content\/uploads\/2024\/08\/solana-barcelo-06.jpg?fit=640%2C366&amp;ssl=1\" class=\"aligncenter size-full wp-image-108487\" src=\"https:\/\/i1.wp.com\/www.noticiasperfil.com\/index\/wp-content\/uploads\/2024\/08\/solana-barcelo-06.jpg?resize=640%2C427&#038;ssl=1\" alt=\"\" width=\"640\" height=\"427\" data-recalc-dims=\"1\" \/><\/p>\n<p>Durante el evento, se destac\u00f3 el compromiso de los tres niveles de gobierno (Federal, Estatal y Municipal) para construir mejores programas sociales asistenciales, enfocados en las necesidades de ni\u00f1os, ni\u00f1as y adolescentes y se reconoci\u00f3 el trabajo del DIF Municipal de San Andr\u00e9s Tuxtla, presidido por el ingeniero Felipe Rubio Solana, por su asistencialismo responsable y comprometido con los sectores prioritarios.<br \/>\nLa licenciada Nuria Fern\u00e1ndez Espresate agradeci\u00f3 la presencia de todos los asistentes y destac\u00f3 la importancia de trabajar juntos para lograr una transformaci\u00f3n social.<\/p>\n<p>Este evento marc\u00f3 un hito en la regi\u00f3n, demostrando el compromiso de los l\u00edderes con la escucha y la participaci\u00f3n ciudadana, especialmente de los ni\u00f1os, ni\u00f1as y adolescentes. Se sentaron las bases para una colaboraci\u00f3n efectiva entre los tres niveles de gobierno y la sociedad civil.<\/p>\n","protected":false},"excerpt":{"rendered":"<p>* La alcaldesa Mar\u00eda Dra Maria Elena Solana Calzada &#8211; Dra Remedios y el Presidente del DIF Municipal Felipe Rubio Solana a, recibieron a alcaldes y las titulares del Sistema DIF Nacional y Estatal. * Acuden alcaldes y directores de DIF de distintos municipios de la entidad Veracruzana. * Autoridades municipales y estatales realizan recorrido en el CRISAT. San Andr\u00e9s Tuxtla, Ver.- Teniendo como sede el Teatro de la Ciudad de San Andr\u00e9s Tuxtla, este jueves se realiz\u00f3 la Entrega de Resultados de la Consulta \u00ab\u00bfMe Escuchas? Veracruz 2024\u00bb, evento&hellip;<\/p>\n","protected":false},"author":1,"featured_media":108482,"comment_status":"open","ping_status":"closed","sticky":false,"template":"","format":"standard","meta":{"footnotes":""},"categories":[3,12],"tags":[9023,7966,6440],"class_list":["post-108481","post","type-post","status-publish","format-standard","has-post-thumbnail","hentry","category-destacadas","category-san-andres-tuxtla","tag-felipe-rubio-solana","tag-maria-elena-solana-calzada","tag-rebeca-quintana-barcelo"],"jetpack-related-posts":[],"_links":{"self":[{"href":"https:\/\/www.noticiasperfil.com\/index\/wp-json\/wp\/v2\/posts\/108481","targetHints":{"allow":["GET"]}}],"collection":[{"href":"https:\/\/www.noticiasperfil.com\/index\/wp-json\/wp\/v2\/posts"}],"about":[{"href":"https:\/\/www.noticiasperfil.com\/index\/wp-json\/wp\/v2\/types\/post"}],"author":[{"embeddable":true,"href":"https:\/\/www.noticiasperfil.com\/index\/wp-json\/wp\/v2\/users\/1"}],"replies":[{"embeddable":true,"href":"https:\/\/www.noticiasperfil.com\/index\/wp-json\/wp\/v2\/comments?post=108481"}],"version-history":[{"count":1,"href":"https:\/\/www.noticiasperfil.com\/index\/wp-json\/wp\/v2\/posts\/108481\/revisions"}],"predecessor-version":[{"id":108488,"href":"https:\/\/www.noticiasperfil.com\/index\/wp-json\/wp\/v2\/posts\/108481\/revisions\/108488"}],"wp:featuredmedia":[{"embeddable":true,"href":"https:\/\/www.noticiasperfil.com\/index\/wp-json\/wp\/v2\/media\/108482"}],"wp:attachment":[{"href":"https:\/\/www.noticiasperfil.com\/index\/wp-json\/wp\/v2\/media?parent=108481"}],"wp:term":[{"taxonomy":"category","embeddable":true,"href":"https:\/\/www.noticiasperfil.com\/index\/wp-json\/wp\/v2\/categories?post=108481"},{"taxonomy":"post_tag","embeddable":true,"href":"https:\/\/www.noticiasperfil.com\/index\/wp-json\/wp\/v2\/tags?post=108481"}],"curies":[{"name":"wp","href":"https:\/\/api.w.org\/{rel}","templated":true}]}}