{"id":108489,"date":"2024-08-23T13:43:47","date_gmt":"2024-08-23T18:43:47","guid":{"rendered":"https:\/\/www.noticiasperfil.com\/index\/?p=108489"},"modified":"2024-08-23T13:43:47","modified_gmt":"2024-08-23T18:43:47","slug":"asiste-alcalde-julio-cesar-garcia-a-la-presentacion-de-resultados-de-la-consulta-nacional-me-escuchas-2024","status":"publish","type":"post","link":"https:\/\/www.noticiasperfil.com\/index\/2024\/08\/23\/asiste-alcalde-julio-cesar-garcia-a-la-presentacion-de-resultados-de-la-consulta-nacional-me-escuchas-2024\/","title":{"rendered":"Asiste alcalde Julio C\u00e9sar Garc\u00eda a la presentaci\u00f3n de resultados de la consulta nacional \u00ab\u00bfMe Escuchas 2024?\u00bb"},"content":{"rendered":"<p><img loading=\"lazy\" decoding=\"async\" data-attachment-id=\"108493\" data-permalink=\"https:\/\/www.noticiasperfil.com\/index\/2024\/08\/23\/asiste-alcalde-julio-cesar-garcia-a-la-presentacion-de-resultados-de-la-consulta-nacional-me-escuchas-2024\/julio-garcia-04-3\/\" data-orig-file=\"https:\/\/i0.wp.com\/www.noticiasperfil.com\/index\/wp-content\/uploads\/2024\/08\/julio-garcia-04.jpg?fit=1600%2C1066&amp;ssl=1\" data-orig-size=\"1600,1066\" data-comments-opened=\"1\" data-image-meta=\"{&quot;aperture&quot;:&quot;0&quot;,&quot;credit&quot;:&quot;&quot;,&quot;camera&quot;:&quot;&quot;,&quot;caption&quot;:&quot;&quot;,&quot;created_timestamp&quot;:&quot;0&quot;,&quot;copyright&quot;:&quot;&quot;,&quot;focal_length&quot;:&quot;0&quot;,&quot;iso&quot;:&quot;0&quot;,&quot;shutter_speed&quot;:&quot;0&quot;,&quot;title&quot;:&quot;&quot;,&quot;orientation&quot;:&quot;0&quot;}\" data-image-title=\"julio-garcia-04\" data-image-description=\"\" data-medium-file=\"https:\/\/i0.wp.com\/www.noticiasperfil.com\/index\/wp-content\/uploads\/2024\/08\/julio-garcia-04.jpg?fit=660%2C365&amp;ssl=1\" data-large-file=\"https:\/\/i0.wp.com\/www.noticiasperfil.com\/index\/wp-content\/uploads\/2024\/08\/julio-garcia-04.jpg?fit=640%2C366&amp;ssl=1\" class=\"aligncenter size-full wp-image-108493\" src=\"https:\/\/i0.wp.com\/www.noticiasperfil.com\/index\/wp-content\/uploads\/2024\/08\/julio-garcia-04.jpg?resize=640%2C426&#038;ssl=1\" alt=\"\" width=\"640\" height=\"426\" srcset=\"https:\/\/i0.wp.com\/www.noticiasperfil.com\/index\/wp-content\/uploads\/2024\/08\/julio-garcia-04.jpg?w=1600&amp;ssl=1 1600w, https:\/\/i0.wp.com\/www.noticiasperfil.com\/index\/wp-content\/uploads\/2024\/08\/julio-garcia-04.jpg?resize=1536%2C1023&amp;ssl=1 1536w, https:\/\/i0.wp.com\/www.noticiasperfil.com\/index\/wp-content\/uploads\/2024\/08\/julio-garcia-04.jpg?w=1280&amp;ssl=1 1280w\" sizes=\"auto, (max-width: 640px) 100vw, 640px\" data-recalc-dims=\"1\" \/><\/p>\n<p>\u00c1ngel R. Cabada, Ver.- El d\u00eda de ayer jueves, el alcalde de \u00c1ngel R. Cabada, Julio Cesar Garcia Machucho, junto con la presidenta del DIF municipal, Esmeralda Guti\u00e9rrez Machucho, asistieron a la presentaci\u00f3n de resultados de la consulta nacional \u00ab\u00bfMe Escuchas 2024?\u00bb en San Andr\u00e9s Tuxtla. El evento tuvo como objetivo recoger las opiniones, expectativas y propuestas de ni\u00f1as, ni\u00f1os y adolescentes, con el fin de continuar desarrollando programas y pol\u00edticas p\u00fablicas que satisfagan sus necesidades.<\/p>\n<div data-carousel-extra='{\"blog_id\":1,\"permalink\":\"https:\\\/\\\/www.noticiasperfil.com\\\/index\\\/2024\\\/08\\\/23\\\/asiste-alcalde-julio-cesar-garcia-a-la-presentacion-de-resultados-de-la-consulta-nacional-me-escuchas-2024\\\/\"}' id='gallery-1' class='gallery galleryid-108489 gallery-columns-3 gallery-size-medium'><figure class='gallery-item'>\n\t\t\t<div class='gallery-icon landscape'>\n\t\t\t\t<a href='https:\/\/www.noticiasperfil.com\/index\/2024\/08\/23\/asiste-alcalde-julio-cesar-garcia-a-la-presentacion-de-resultados-de-la-consulta-nacional-me-escuchas-2024\/julio-garcia-02-4\/'><img loading=\"lazy\" decoding=\"async\" width=\"660\" height=\"365\" src=\"https:\/\/i1.wp.com\/www.noticiasperfil.com\/index\/wp-content\/uploads\/2024\/08\/julio-garcia-02.jpg?fit=660%2C365&amp;ssl=1\" class=\"attachment-medium size-medium\" alt=\"\" srcset=\"https:\/\/i1.wp.com\/www.noticiasperfil.com\/index\/wp-content\/uploads\/2024\/08\/julio-garcia-02.jpg?resize=660%2C365&amp;ssl=1 660w, https:\/\/i1.wp.com\/www.noticiasperfil.com\/index\/wp-content\/uploads\/2024\/08\/julio-garcia-02.jpg?zoom=2&amp;resize=660%2C365&amp;ssl=1 1320w\" sizes=\"auto, (max-width: 640px) 100vw, 640px\" data-attachment-id=\"108491\" data-permalink=\"https:\/\/www.noticiasperfil.com\/index\/2024\/08\/23\/asiste-alcalde-julio-cesar-garcia-a-la-presentacion-de-resultados-de-la-consulta-nacional-me-escuchas-2024\/julio-garcia-02-4\/\" data-orig-file=\"https:\/\/i1.wp.com\/www.noticiasperfil.com\/index\/wp-content\/uploads\/2024\/08\/julio-garcia-02.jpg?fit=1600%2C1066&amp;ssl=1\" data-orig-size=\"1600,1066\" data-comments-opened=\"1\" data-image-meta=\"{&quot;aperture&quot;:&quot;0&quot;,&quot;credit&quot;:&quot;&quot;,&quot;camera&quot;:&quot;&quot;,&quot;caption&quot;:&quot;&quot;,&quot;created_timestamp&quot;:&quot;0&quot;,&quot;copyright&quot;:&quot;&quot;,&quot;focal_length&quot;:&quot;0&quot;,&quot;iso&quot;:&quot;0&quot;,&quot;shutter_speed&quot;:&quot;0&quot;,&quot;title&quot;:&quot;&quot;,&quot;orientation&quot;:&quot;0&quot;}\" data-image-title=\"julio-garcia-02\" data-image-description=\"\" data-medium-file=\"https:\/\/i1.wp.com\/www.noticiasperfil.com\/index\/wp-content\/uploads\/2024\/08\/julio-garcia-02.jpg?fit=660%2C365&amp;ssl=1\" data-large-file=\"https:\/\/i1.wp.com\/www.noticiasperfil.com\/index\/wp-content\/uploads\/2024\/08\/julio-garcia-02.jpg?fit=640%2C366&amp;ssl=1\" \/><\/a>\n\t\t\t<\/div><\/figure><figure class='gallery-item'>\n\t\t\t<div class='gallery-icon landscape'>\n\t\t\t\t<a href='https:\/\/www.noticiasperfil.com\/index\/2024\/08\/23\/asiste-alcalde-julio-cesar-garcia-a-la-presentacion-de-resultados-de-la-consulta-nacional-me-escuchas-2024\/julio-garcia-03-4\/'><img loading=\"lazy\" decoding=\"async\" width=\"660\" height=\"365\" src=\"https:\/\/i1.wp.com\/www.noticiasperfil.com\/index\/wp-content\/uploads\/2024\/08\/julio-garcia-03.jpg?fit=660%2C365&amp;ssl=1\" class=\"attachment-medium size-medium\" alt=\"\" srcset=\"https:\/\/i1.wp.com\/www.noticiasperfil.com\/index\/wp-content\/uploads\/2024\/08\/julio-garcia-03.jpg?resize=660%2C365&amp;ssl=1 660w, https:\/\/i1.wp.com\/www.noticiasperfil.com\/index\/wp-content\/uploads\/2024\/08\/julio-garcia-03.jpg?zoom=2&amp;resize=660%2C365&amp;ssl=1 1320w\" sizes=\"auto, (max-width: 640px) 100vw, 640px\" data-attachment-id=\"108492\" data-permalink=\"https:\/\/www.noticiasperfil.com\/index\/2024\/08\/23\/asiste-alcalde-julio-cesar-garcia-a-la-presentacion-de-resultados-de-la-consulta-nacional-me-escuchas-2024\/julio-garcia-03-4\/\" data-orig-file=\"https:\/\/i1.wp.com\/www.noticiasperfil.com\/index\/wp-content\/uploads\/2024\/08\/julio-garcia-03.jpg?fit=1600%2C1066&amp;ssl=1\" data-orig-size=\"1600,1066\" data-comments-opened=\"1\" data-image-meta=\"{&quot;aperture&quot;:&quot;0&quot;,&quot;credit&quot;:&quot;&quot;,&quot;camera&quot;:&quot;&quot;,&quot;caption&quot;:&quot;&quot;,&quot;created_timestamp&quot;:&quot;0&quot;,&quot;copyright&quot;:&quot;&quot;,&quot;focal_length&quot;:&quot;0&quot;,&quot;iso&quot;:&quot;0&quot;,&quot;shutter_speed&quot;:&quot;0&quot;,&quot;title&quot;:&quot;&quot;,&quot;orientation&quot;:&quot;0&quot;}\" data-image-title=\"julio-garcia-03\" data-image-description=\"\" data-medium-file=\"https:\/\/i1.wp.com\/www.noticiasperfil.com\/index\/wp-content\/uploads\/2024\/08\/julio-garcia-03.jpg?fit=660%2C365&amp;ssl=1\" data-large-file=\"https:\/\/i1.wp.com\/www.noticiasperfil.com\/index\/wp-content\/uploads\/2024\/08\/julio-garcia-03.jpg?fit=640%2C366&amp;ssl=1\" \/><\/a>\n\t\t\t<\/div><\/figure><figure class='gallery-item'>\n\t\t\t<div class='gallery-icon landscape'>\n\t\t\t\t<a href='https:\/\/www.noticiasperfil.com\/index\/2024\/08\/23\/asiste-alcalde-julio-cesar-garcia-a-la-presentacion-de-resultados-de-la-consulta-nacional-me-escuchas-2024\/julio-garcia-05-3\/'><img loading=\"lazy\" decoding=\"async\" width=\"660\" height=\"365\" src=\"https:\/\/i1.wp.com\/www.noticiasperfil.com\/index\/wp-content\/uploads\/2024\/08\/julio-garcia-05.jpg?fit=660%2C365&amp;ssl=1\" class=\"attachment-medium size-medium\" alt=\"\" srcset=\"https:\/\/i1.wp.com\/www.noticiasperfil.com\/index\/wp-content\/uploads\/2024\/08\/julio-garcia-05.jpg?resize=660%2C365&amp;ssl=1 660w, https:\/\/i1.wp.com\/www.noticiasperfil.com\/index\/wp-content\/uploads\/2024\/08\/julio-garcia-05.jpg?zoom=2&amp;resize=660%2C365&amp;ssl=1 1320w\" sizes=\"auto, (max-width: 640px) 100vw, 640px\" data-attachment-id=\"108494\" data-permalink=\"https:\/\/www.noticiasperfil.com\/index\/2024\/08\/23\/asiste-alcalde-julio-cesar-garcia-a-la-presentacion-de-resultados-de-la-consulta-nacional-me-escuchas-2024\/julio-garcia-05-3\/\" data-orig-file=\"https:\/\/i1.wp.com\/www.noticiasperfil.com\/index\/wp-content\/uploads\/2024\/08\/julio-garcia-05.jpg?fit=1600%2C1066&amp;ssl=1\" data-orig-size=\"1600,1066\" data-comments-opened=\"1\" data-image-meta=\"{&quot;aperture&quot;:&quot;0&quot;,&quot;credit&quot;:&quot;&quot;,&quot;camera&quot;:&quot;&quot;,&quot;caption&quot;:&quot;&quot;,&quot;created_timestamp&quot;:&quot;0&quot;,&quot;copyright&quot;:&quot;&quot;,&quot;focal_length&quot;:&quot;0&quot;,&quot;iso&quot;:&quot;0&quot;,&quot;shutter_speed&quot;:&quot;0&quot;,&quot;title&quot;:&quot;&quot;,&quot;orientation&quot;:&quot;0&quot;}\" data-image-title=\"julio-garcia-05\" data-image-description=\"\" data-medium-file=\"https:\/\/i1.wp.com\/www.noticiasperfil.com\/index\/wp-content\/uploads\/2024\/08\/julio-garcia-05.jpg?fit=660%2C365&amp;ssl=1\" data-large-file=\"https:\/\/i1.wp.com\/www.noticiasperfil.com\/index\/wp-content\/uploads\/2024\/08\/julio-garcia-05.jpg?fit=640%2C366&amp;ssl=1\" \/><\/a>\n\t\t\t<\/div><\/figure>\n\t\t<\/div>\n\n<p>En el encuentro, el alcalde tuvo la oportunidad de saludar al Secretario de Gobierno del Estado de Veracruz, Carlos Ju\u00e1rez Gil, as\u00ed como a Nuria Fern\u00e1ndez Expresate, titular del DIF Nacional, y a Rebeca Quintanar Barcel\u00f3, directora del DIF Estatal. Tambi\u00e9n estuvieron presentes la presidenta municipal de San Andr\u00e9s Tuxtla, Doc. Mar\u00eda Elena Solana Calzada, y diversos hom\u00f3logos de municipios veracruzanos.<\/p>\n<div data-carousel-extra='{\"blog_id\":1,\"permalink\":\"https:\\\/\\\/www.noticiasperfil.com\\\/index\\\/2024\\\/08\\\/23\\\/asiste-alcalde-julio-cesar-garcia-a-la-presentacion-de-resultados-de-la-consulta-nacional-me-escuchas-2024\\\/\"}' id='gallery-2' class='gallery galleryid-108489 gallery-columns-3 gallery-size-medium'><figure class='gallery-item'>\n\t\t\t<div class='gallery-icon portrait'>\n\t\t\t\t<a href='https:\/\/www.noticiasperfil.com\/index\/2024\/08\/23\/asiste-alcalde-julio-cesar-garcia-a-la-presentacion-de-resultados-de-la-consulta-nacional-me-escuchas-2024\/julio-garcia-01-4\/'><img loading=\"lazy\" decoding=\"async\" width=\"660\" height=\"365\" src=\"https:\/\/i1.wp.com\/www.noticiasperfil.com\/index\/wp-content\/uploads\/2024\/08\/julio-garcia-01.jpg?fit=660%2C365&amp;ssl=1\" class=\"attachment-medium size-medium\" alt=\"\" data-attachment-id=\"108490\" data-permalink=\"https:\/\/www.noticiasperfil.com\/index\/2024\/08\/23\/asiste-alcalde-julio-cesar-garcia-a-la-presentacion-de-resultados-de-la-consulta-nacional-me-escuchas-2024\/julio-garcia-01-4\/\" data-orig-file=\"https:\/\/i1.wp.com\/www.noticiasperfil.com\/index\/wp-content\/uploads\/2024\/08\/julio-garcia-01.jpg?fit=1080%2C1341&amp;ssl=1\" data-orig-size=\"1080,1341\" data-comments-opened=\"1\" data-image-meta=\"{&quot;aperture&quot;:&quot;0&quot;,&quot;credit&quot;:&quot;&quot;,&quot;camera&quot;:&quot;&quot;,&quot;caption&quot;:&quot;&quot;,&quot;created_timestamp&quot;:&quot;0&quot;,&quot;copyright&quot;:&quot;&quot;,&quot;focal_length&quot;:&quot;0&quot;,&quot;iso&quot;:&quot;0&quot;,&quot;shutter_speed&quot;:&quot;0&quot;,&quot;title&quot;:&quot;&quot;,&quot;orientation&quot;:&quot;0&quot;}\" data-image-title=\"julio-garcia-01\" data-image-description=\"\" data-medium-file=\"https:\/\/i1.wp.com\/www.noticiasperfil.com\/index\/wp-content\/uploads\/2024\/08\/julio-garcia-01.jpg?fit=660%2C365&amp;ssl=1\" data-large-file=\"https:\/\/i1.wp.com\/www.noticiasperfil.com\/index\/wp-content\/uploads\/2024\/08\/julio-garcia-01.jpg?fit=640%2C366&amp;ssl=1\" \/><\/a>\n\t\t\t<\/div><\/figure><figure class='gallery-item'>\n\t\t\t<div class='gallery-icon landscape'>\n\t\t\t\t<a href='https:\/\/www.noticiasperfil.com\/index\/2024\/08\/23\/asiste-alcalde-julio-cesar-garcia-a-la-presentacion-de-resultados-de-la-consulta-nacional-me-escuchas-2024\/julio-garcia-06\/'><img loading=\"lazy\" decoding=\"async\" width=\"660\" height=\"365\" src=\"https:\/\/i1.wp.com\/www.noticiasperfil.com\/index\/wp-content\/uploads\/2024\/08\/julio-garcia-06.jpg?fit=660%2C365&amp;ssl=1\" class=\"attachment-medium size-medium\" alt=\"\" srcset=\"https:\/\/i1.wp.com\/www.noticiasperfil.com\/index\/wp-content\/uploads\/2024\/08\/julio-garcia-06.jpg?resize=660%2C365&amp;ssl=1 660w, https:\/\/i1.wp.com\/www.noticiasperfil.com\/index\/wp-content\/uploads\/2024\/08\/julio-garcia-06.jpg?zoom=2&amp;resize=660%2C365&amp;ssl=1 1320w\" sizes=\"auto, (max-width: 640px) 100vw, 640px\" data-attachment-id=\"108495\" data-permalink=\"https:\/\/www.noticiasperfil.com\/index\/2024\/08\/23\/asiste-alcalde-julio-cesar-garcia-a-la-presentacion-de-resultados-de-la-consulta-nacional-me-escuchas-2024\/julio-garcia-06\/\" data-orig-file=\"https:\/\/i1.wp.com\/www.noticiasperfil.com\/index\/wp-content\/uploads\/2024\/08\/julio-garcia-06.jpg?fit=1600%2C1066&amp;ssl=1\" data-orig-size=\"1600,1066\" data-comments-opened=\"1\" data-image-meta=\"{&quot;aperture&quot;:&quot;0&quot;,&quot;credit&quot;:&quot;&quot;,&quot;camera&quot;:&quot;&quot;,&quot;caption&quot;:&quot;&quot;,&quot;created_timestamp&quot;:&quot;0&quot;,&quot;copyright&quot;:&quot;&quot;,&quot;focal_length&quot;:&quot;0&quot;,&quot;iso&quot;:&quot;0&quot;,&quot;shutter_speed&quot;:&quot;0&quot;,&quot;title&quot;:&quot;&quot;,&quot;orientation&quot;:&quot;0&quot;}\" data-image-title=\"julio-garcia-06\" data-image-description=\"\" data-medium-file=\"https:\/\/i1.wp.com\/www.noticiasperfil.com\/index\/wp-content\/uploads\/2024\/08\/julio-garcia-06.jpg?fit=660%2C365&amp;ssl=1\" data-large-file=\"https:\/\/i1.wp.com\/www.noticiasperfil.com\/index\/wp-content\/uploads\/2024\/08\/julio-garcia-06.jpg?fit=640%2C366&amp;ssl=1\" \/><\/a>\n\t\t\t<\/div><\/figure><figure class='gallery-item'>\n\t\t\t<div class='gallery-icon landscape'>\n\t\t\t\t<a href='https:\/\/www.noticiasperfil.com\/index\/2024\/08\/23\/asiste-alcalde-julio-cesar-garcia-a-la-presentacion-de-resultados-de-la-consulta-nacional-me-escuchas-2024\/julio-garcia-07\/'><img loading=\"lazy\" decoding=\"async\" width=\"660\" height=\"365\" src=\"https:\/\/i2.wp.com\/www.noticiasperfil.com\/index\/wp-content\/uploads\/2024\/08\/julio-garcia-07.jpg?fit=660%2C365&amp;ssl=1\" class=\"attachment-medium size-medium\" alt=\"\" srcset=\"https:\/\/i2.wp.com\/www.noticiasperfil.com\/index\/wp-content\/uploads\/2024\/08\/julio-garcia-07.jpg?resize=660%2C365&amp;ssl=1 660w, https:\/\/i2.wp.com\/www.noticiasperfil.com\/index\/wp-content\/uploads\/2024\/08\/julio-garcia-07.jpg?zoom=2&amp;resize=660%2C365&amp;ssl=1 1320w\" sizes=\"auto, (max-width: 640px) 100vw, 640px\" data-attachment-id=\"108496\" data-permalink=\"https:\/\/www.noticiasperfil.com\/index\/2024\/08\/23\/asiste-alcalde-julio-cesar-garcia-a-la-presentacion-de-resultados-de-la-consulta-nacional-me-escuchas-2024\/julio-garcia-07\/\" data-orig-file=\"https:\/\/i2.wp.com\/www.noticiasperfil.com\/index\/wp-content\/uploads\/2024\/08\/julio-garcia-07.jpg?fit=1600%2C1066&amp;ssl=1\" data-orig-size=\"1600,1066\" data-comments-opened=\"1\" data-image-meta=\"{&quot;aperture&quot;:&quot;0&quot;,&quot;credit&quot;:&quot;&quot;,&quot;camera&quot;:&quot;&quot;,&quot;caption&quot;:&quot;&quot;,&quot;created_timestamp&quot;:&quot;0&quot;,&quot;copyright&quot;:&quot;&quot;,&quot;focal_length&quot;:&quot;0&quot;,&quot;iso&quot;:&quot;0&quot;,&quot;shutter_speed&quot;:&quot;0&quot;,&quot;title&quot;:&quot;&quot;,&quot;orientation&quot;:&quot;0&quot;}\" data-image-title=\"julio-garcia-07\" data-image-description=\"\" data-medium-file=\"https:\/\/i2.wp.com\/www.noticiasperfil.com\/index\/wp-content\/uploads\/2024\/08\/julio-garcia-07.jpg?fit=660%2C365&amp;ssl=1\" data-large-file=\"https:\/\/i2.wp.com\/www.noticiasperfil.com\/index\/wp-content\/uploads\/2024\/08\/julio-garcia-07.jpg?fit=640%2C366&amp;ssl=1\" \/><\/a>\n\t\t\t<\/div><\/figure>\n\t\t<\/div>\n\n<p>El alcalde destac\u00f3 la importancia de escuchar activamente a la ni\u00f1ez y juventud para garantizar que sus voces sean parte fundamental en la formulaci\u00f3n de pol\u00edticas p\u00fablicas inclusivas y efectivas.<\/p>\n","protected":false},"excerpt":{"rendered":"<p>\u00c1ngel R. Cabada, Ver.- El d\u00eda de ayer jueves, el alcalde de \u00c1ngel R. Cabada, Julio Cesar Garcia Machucho, junto con la presidenta del DIF municipal, Esmeralda Guti\u00e9rrez Machucho, asistieron a la presentaci\u00f3n de resultados de la consulta nacional \u00ab\u00bfMe Escuchas 2024?\u00bb en San Andr\u00e9s Tuxtla. El evento tuvo como objetivo recoger las opiniones, expectativas y propuestas de ni\u00f1as, ni\u00f1os y adolescentes, con el fin de continuar desarrollando programas y pol\u00edticas p\u00fablicas que satisfagan sus necesidades. En el encuentro, el alcalde tuvo la oportunidad de saludar al Secretario de Gobierno&hellip;<\/p>\n","protected":false},"author":1,"featured_media":108493,"comment_status":"open","ping_status":"closed","sticky":false,"template":"","format":"standard","meta":{"footnotes":""},"categories":[3,16],"tags":[9036],"class_list":["post-108489","post","type-post","status-publish","format-standard","has-post-thumbnail","hentry","category-destacadas","category-zona-canera","tag-julio-cesar-garcia-machucho"],"jetpack-related-posts":[],"_links":{"self":[{"href":"https:\/\/www.noticiasperfil.com\/index\/wp-json\/wp\/v2\/posts\/108489","targetHints":{"allow":["GET"]}}],"collection":[{"href":"https:\/\/www.noticiasperfil.com\/index\/wp-json\/wp\/v2\/posts"}],"about":[{"href":"https:\/\/www.noticiasperfil.com\/index\/wp-json\/wp\/v2\/types\/post"}],"author":[{"embeddable":true,"href":"https:\/\/www.noticiasperfil.com\/index\/wp-json\/wp\/v2\/users\/1"}],"replies":[{"embeddable":true,"href":"https:\/\/www.noticiasperfil.com\/index\/wp-json\/wp\/v2\/comments?post=108489"}],"version-history":[{"count":1,"href":"https:\/\/www.noticiasperfil.com\/index\/wp-json\/wp\/v2\/posts\/108489\/revisions"}],"predecessor-version":[{"id":108497,"href":"https:\/\/www.noticiasperfil.com\/index\/wp-json\/wp\/v2\/posts\/108489\/revisions\/108497"}],"wp:featuredmedia":[{"embeddable":true,"href":"https:\/\/www.noticiasperfil.com\/index\/wp-json\/wp\/v2\/media\/108493"}],"wp:attachment":[{"href":"https:\/\/www.noticiasperfil.com\/index\/wp-json\/wp\/v2\/media?parent=108489"}],"wp:term":[{"taxonomy":"category","embeddable":true,"href":"https:\/\/www.noticiasperfil.com\/index\/wp-json\/wp\/v2\/categories?post=108489"},{"taxonomy":"post_tag","embeddable":true,"href":"https:\/\/www.noticiasperfil.com\/index\/wp-json\/wp\/v2\/tags?post=108489"}],"curies":[{"name":"wp","href":"https:\/\/api.w.org\/{rel}","templated":true}]}}