{"id":108632,"date":"2024-09-04T21:24:56","date_gmt":"2024-09-05T02:24:56","guid":{"rendered":"https:\/\/www.noticiasperfil.com\/index\/?p=108632"},"modified":"2024-09-04T21:24:56","modified_gmt":"2024-09-05T02:24:56","slug":"inauguran-ubr-en-cabada","status":"publish","type":"post","link":"https:\/\/www.noticiasperfil.com\/index\/2024\/09\/04\/inauguran-ubr-en-cabada\/","title":{"rendered":"Inauguran UBR en Cabada"},"content":{"rendered":"<p><img loading=\"lazy\" decoding=\"async\" data-attachment-id=\"108633\" data-permalink=\"https:\/\/www.noticiasperfil.com\/index\/2024\/09\/04\/inauguran-ubr-en-cabada\/ubr-cabada-01\/\" data-orig-file=\"https:\/\/i0.wp.com\/www.noticiasperfil.com\/index\/wp-content\/uploads\/2024\/09\/ubr-cabada-01.jpg?fit=1600%2C1066&amp;ssl=1\" data-orig-size=\"1600,1066\" data-comments-opened=\"1\" data-image-meta=\"{&quot;aperture&quot;:&quot;0&quot;,&quot;credit&quot;:&quot;&quot;,&quot;camera&quot;:&quot;&quot;,&quot;caption&quot;:&quot;&quot;,&quot;created_timestamp&quot;:&quot;0&quot;,&quot;copyright&quot;:&quot;&quot;,&quot;focal_length&quot;:&quot;0&quot;,&quot;iso&quot;:&quot;0&quot;,&quot;shutter_speed&quot;:&quot;0&quot;,&quot;title&quot;:&quot;&quot;,&quot;orientation&quot;:&quot;0&quot;}\" data-image-title=\"ubr-cabada-01\" data-image-description=\"\" data-medium-file=\"https:\/\/i0.wp.com\/www.noticiasperfil.com\/index\/wp-content\/uploads\/2024\/09\/ubr-cabada-01.jpg?fit=660%2C365&amp;ssl=1\" data-large-file=\"https:\/\/i0.wp.com\/www.noticiasperfil.com\/index\/wp-content\/uploads\/2024\/09\/ubr-cabada-01.jpg?fit=640%2C366&amp;ssl=1\" class=\"aligncenter size-full wp-image-108633\" src=\"https:\/\/i0.wp.com\/www.noticiasperfil.com\/index\/wp-content\/uploads\/2024\/09\/ubr-cabada-01.jpg?resize=640%2C426&#038;ssl=1\" alt=\"\" width=\"640\" height=\"426\" srcset=\"https:\/\/i0.wp.com\/www.noticiasperfil.com\/index\/wp-content\/uploads\/2024\/09\/ubr-cabada-01.jpg?w=1600&amp;ssl=1 1600w, https:\/\/i0.wp.com\/www.noticiasperfil.com\/index\/wp-content\/uploads\/2024\/09\/ubr-cabada-01.jpg?resize=1536%2C1023&amp;ssl=1 1536w, https:\/\/i0.wp.com\/www.noticiasperfil.com\/index\/wp-content\/uploads\/2024\/09\/ubr-cabada-01.jpg?w=1280&amp;ssl=1 1280w\" sizes=\"auto, (max-width: 640px) 100vw, 640px\" data-recalc-dims=\"1\" \/><\/p>\n<p>\u00c1NGEL R. Cabada, Ver.- En compa\u00f1\u00eda de la directora del DIF Estatal Rebeca Quintanar Barcel\u00f3, ediles, la presidenta del DIF municipal, Esmeralda Guti\u00e9rrez Machucho, agentes municipales y ciudadan\u00eda en general, el Presidente Municipal Julio Cesar Garc\u00eda Machucho inaugur\u00f3 en la cabecera municipal la Unidad B\u00e1sica de Rehabilitaci\u00f3n (UBR).<\/p>\n<div data-carousel-extra='{\"blog_id\":1,\"permalink\":\"https:\\\/\\\/www.noticiasperfil.com\\\/index\\\/2024\\\/09\\\/04\\\/inauguran-ubr-en-cabada\\\/\"}' id='gallery-1' class='gallery galleryid-108632 gallery-columns-3 gallery-size-medium'><figure class='gallery-item'>\n\t\t\t<div class='gallery-icon landscape'>\n\t\t\t\t<a href='https:\/\/www.noticiasperfil.com\/index\/2024\/09\/04\/inauguran-ubr-en-cabada\/ubr-cabada-02\/'><img loading=\"lazy\" decoding=\"async\" width=\"660\" height=\"365\" src=\"https:\/\/i1.wp.com\/www.noticiasperfil.com\/index\/wp-content\/uploads\/2024\/09\/ubr-cabada-02.jpg?fit=660%2C365&amp;ssl=1\" class=\"attachment-medium size-medium\" alt=\"\" srcset=\"https:\/\/i1.wp.com\/www.noticiasperfil.com\/index\/wp-content\/uploads\/2024\/09\/ubr-cabada-02.jpg?resize=660%2C365&amp;ssl=1 660w, https:\/\/i1.wp.com\/www.noticiasperfil.com\/index\/wp-content\/uploads\/2024\/09\/ubr-cabada-02.jpg?zoom=2&amp;resize=660%2C365&amp;ssl=1 1320w\" sizes=\"auto, (max-width: 640px) 100vw, 640px\" data-attachment-id=\"108634\" data-permalink=\"https:\/\/www.noticiasperfil.com\/index\/2024\/09\/04\/inauguran-ubr-en-cabada\/ubr-cabada-02\/\" data-orig-file=\"https:\/\/i1.wp.com\/www.noticiasperfil.com\/index\/wp-content\/uploads\/2024\/09\/ubr-cabada-02.jpg?fit=1600%2C1066&amp;ssl=1\" data-orig-size=\"1600,1066\" data-comments-opened=\"1\" data-image-meta=\"{&quot;aperture&quot;:&quot;0&quot;,&quot;credit&quot;:&quot;&quot;,&quot;camera&quot;:&quot;&quot;,&quot;caption&quot;:&quot;&quot;,&quot;created_timestamp&quot;:&quot;0&quot;,&quot;copyright&quot;:&quot;&quot;,&quot;focal_length&quot;:&quot;0&quot;,&quot;iso&quot;:&quot;0&quot;,&quot;shutter_speed&quot;:&quot;0&quot;,&quot;title&quot;:&quot;&quot;,&quot;orientation&quot;:&quot;0&quot;}\" data-image-title=\"ubr-cabada-02\" data-image-description=\"\" data-medium-file=\"https:\/\/i1.wp.com\/www.noticiasperfil.com\/index\/wp-content\/uploads\/2024\/09\/ubr-cabada-02.jpg?fit=660%2C365&amp;ssl=1\" data-large-file=\"https:\/\/i1.wp.com\/www.noticiasperfil.com\/index\/wp-content\/uploads\/2024\/09\/ubr-cabada-02.jpg?fit=640%2C366&amp;ssl=1\" \/><\/a>\n\t\t\t<\/div><\/figure><figure class='gallery-item'>\n\t\t\t<div class='gallery-icon landscape'>\n\t\t\t\t<a href='https:\/\/www.noticiasperfil.com\/index\/2024\/09\/04\/inauguran-ubr-en-cabada\/ubr-cabada-03\/'><img loading=\"lazy\" decoding=\"async\" width=\"660\" height=\"365\" src=\"https:\/\/i2.wp.com\/www.noticiasperfil.com\/index\/wp-content\/uploads\/2024\/09\/ubr-cabada-03.jpg?fit=660%2C365&amp;ssl=1\" class=\"attachment-medium size-medium\" alt=\"\" srcset=\"https:\/\/i2.wp.com\/www.noticiasperfil.com\/index\/wp-content\/uploads\/2024\/09\/ubr-cabada-03.jpg?resize=660%2C365&amp;ssl=1 660w, https:\/\/i2.wp.com\/www.noticiasperfil.com\/index\/wp-content\/uploads\/2024\/09\/ubr-cabada-03.jpg?zoom=2&amp;resize=660%2C365&amp;ssl=1 1320w\" sizes=\"auto, (max-width: 640px) 100vw, 640px\" data-attachment-id=\"108635\" data-permalink=\"https:\/\/www.noticiasperfil.com\/index\/2024\/09\/04\/inauguran-ubr-en-cabada\/ubr-cabada-03\/\" data-orig-file=\"https:\/\/i2.wp.com\/www.noticiasperfil.com\/index\/wp-content\/uploads\/2024\/09\/ubr-cabada-03.jpg?fit=1600%2C1066&amp;ssl=1\" data-orig-size=\"1600,1066\" data-comments-opened=\"1\" data-image-meta=\"{&quot;aperture&quot;:&quot;0&quot;,&quot;credit&quot;:&quot;&quot;,&quot;camera&quot;:&quot;&quot;,&quot;caption&quot;:&quot;&quot;,&quot;created_timestamp&quot;:&quot;0&quot;,&quot;copyright&quot;:&quot;&quot;,&quot;focal_length&quot;:&quot;0&quot;,&quot;iso&quot;:&quot;0&quot;,&quot;shutter_speed&quot;:&quot;0&quot;,&quot;title&quot;:&quot;&quot;,&quot;orientation&quot;:&quot;0&quot;}\" data-image-title=\"ubr-cabada-03\" data-image-description=\"\" data-medium-file=\"https:\/\/i2.wp.com\/www.noticiasperfil.com\/index\/wp-content\/uploads\/2024\/09\/ubr-cabada-03.jpg?fit=660%2C365&amp;ssl=1\" data-large-file=\"https:\/\/i2.wp.com\/www.noticiasperfil.com\/index\/wp-content\/uploads\/2024\/09\/ubr-cabada-03.jpg?fit=640%2C366&amp;ssl=1\" \/><\/a>\n\t\t\t<\/div><\/figure><figure class='gallery-item'>\n\t\t\t<div class='gallery-icon landscape'>\n\t\t\t\t<a href='https:\/\/www.noticiasperfil.com\/index\/2024\/09\/04\/inauguran-ubr-en-cabada\/ubr-cabada-04\/'><img loading=\"lazy\" decoding=\"async\" width=\"660\" height=\"365\" src=\"https:\/\/i0.wp.com\/www.noticiasperfil.com\/index\/wp-content\/uploads\/2024\/09\/ubr-cabada-04.jpg?fit=660%2C365&amp;ssl=1\" class=\"attachment-medium size-medium\" alt=\"\" srcset=\"https:\/\/i0.wp.com\/www.noticiasperfil.com\/index\/wp-content\/uploads\/2024\/09\/ubr-cabada-04.jpg?resize=660%2C365&amp;ssl=1 660w, https:\/\/i0.wp.com\/www.noticiasperfil.com\/index\/wp-content\/uploads\/2024\/09\/ubr-cabada-04.jpg?zoom=2&amp;resize=660%2C365&amp;ssl=1 1320w\" sizes=\"auto, (max-width: 640px) 100vw, 640px\" data-attachment-id=\"108636\" data-permalink=\"https:\/\/www.noticiasperfil.com\/index\/2024\/09\/04\/inauguran-ubr-en-cabada\/ubr-cabada-04\/\" data-orig-file=\"https:\/\/i0.wp.com\/www.noticiasperfil.com\/index\/wp-content\/uploads\/2024\/09\/ubr-cabada-04.jpg?fit=1600%2C1066&amp;ssl=1\" data-orig-size=\"1600,1066\" data-comments-opened=\"1\" data-image-meta=\"{&quot;aperture&quot;:&quot;0&quot;,&quot;credit&quot;:&quot;&quot;,&quot;camera&quot;:&quot;&quot;,&quot;caption&quot;:&quot;&quot;,&quot;created_timestamp&quot;:&quot;0&quot;,&quot;copyright&quot;:&quot;&quot;,&quot;focal_length&quot;:&quot;0&quot;,&quot;iso&quot;:&quot;0&quot;,&quot;shutter_speed&quot;:&quot;0&quot;,&quot;title&quot;:&quot;&quot;,&quot;orientation&quot;:&quot;0&quot;}\" data-image-title=\"ubr-cabada-04\" data-image-description=\"\" data-medium-file=\"https:\/\/i0.wp.com\/www.noticiasperfil.com\/index\/wp-content\/uploads\/2024\/09\/ubr-cabada-04.jpg?fit=660%2C365&amp;ssl=1\" data-large-file=\"https:\/\/i0.wp.com\/www.noticiasperfil.com\/index\/wp-content\/uploads\/2024\/09\/ubr-cabada-04.jpg?fit=640%2C366&amp;ssl=1\" \/><\/a>\n\t\t\t<\/div><\/figure>\n\t\t<\/div>\n\n<p>Con la apertura de este espacio se brindar\u00e1n servicios de fisioterapia, fisioterapia neurol\u00f3gica, terapia psicol\u00f3gica, terapia ocupacional y cognitiva, rehabilitaci\u00f3n de adultos mayores, terapia de lenguaje, estimulaci\u00f3n temprana y atenci\u00f3n con ni\u00f1os con autismo, beneficiando a personas con discapacidades o condiciones f\u00edsicas que requieran rehabilitaci\u00f3n.<\/p>\n<div data-carousel-extra='{\"blog_id\":1,\"permalink\":\"https:\\\/\\\/www.noticiasperfil.com\\\/index\\\/2024\\\/09\\\/04\\\/inauguran-ubr-en-cabada\\\/\"}' id='gallery-2' class='gallery galleryid-108632 gallery-columns-3 gallery-size-medium'><figure class='gallery-item'>\n\t\t\t<div class='gallery-icon landscape'>\n\t\t\t\t<a href='https:\/\/www.noticiasperfil.com\/index\/2024\/09\/04\/inauguran-ubr-en-cabada\/ubr-cabada-05\/'><img loading=\"lazy\" decoding=\"async\" width=\"660\" height=\"365\" src=\"https:\/\/i0.wp.com\/www.noticiasperfil.com\/index\/wp-content\/uploads\/2024\/09\/ubr-cabada-05.jpg?fit=660%2C365&amp;ssl=1\" class=\"attachment-medium size-medium\" alt=\"\" srcset=\"https:\/\/i0.wp.com\/www.noticiasperfil.com\/index\/wp-content\/uploads\/2024\/09\/ubr-cabada-05.jpg?resize=660%2C365&amp;ssl=1 660w, https:\/\/i0.wp.com\/www.noticiasperfil.com\/index\/wp-content\/uploads\/2024\/09\/ubr-cabada-05.jpg?zoom=2&amp;resize=660%2C365&amp;ssl=1 1320w\" sizes=\"auto, (max-width: 640px) 100vw, 640px\" data-attachment-id=\"108637\" data-permalink=\"https:\/\/www.noticiasperfil.com\/index\/2024\/09\/04\/inauguran-ubr-en-cabada\/ubr-cabada-05\/\" data-orig-file=\"https:\/\/i0.wp.com\/www.noticiasperfil.com\/index\/wp-content\/uploads\/2024\/09\/ubr-cabada-05.jpg?fit=1600%2C1066&amp;ssl=1\" data-orig-size=\"1600,1066\" data-comments-opened=\"1\" data-image-meta=\"{&quot;aperture&quot;:&quot;0&quot;,&quot;credit&quot;:&quot;&quot;,&quot;camera&quot;:&quot;&quot;,&quot;caption&quot;:&quot;&quot;,&quot;created_timestamp&quot;:&quot;0&quot;,&quot;copyright&quot;:&quot;&quot;,&quot;focal_length&quot;:&quot;0&quot;,&quot;iso&quot;:&quot;0&quot;,&quot;shutter_speed&quot;:&quot;0&quot;,&quot;title&quot;:&quot;&quot;,&quot;orientation&quot;:&quot;0&quot;}\" data-image-title=\"ubr-cabada-05\" data-image-description=\"\" data-medium-file=\"https:\/\/i0.wp.com\/www.noticiasperfil.com\/index\/wp-content\/uploads\/2024\/09\/ubr-cabada-05.jpg?fit=660%2C365&amp;ssl=1\" data-large-file=\"https:\/\/i0.wp.com\/www.noticiasperfil.com\/index\/wp-content\/uploads\/2024\/09\/ubr-cabada-05.jpg?fit=640%2C366&amp;ssl=1\" \/><\/a>\n\t\t\t<\/div><\/figure><figure class='gallery-item'>\n\t\t\t<div class='gallery-icon landscape'>\n\t\t\t\t<a href='https:\/\/www.noticiasperfil.com\/index\/2024\/09\/04\/inauguran-ubr-en-cabada\/ubr-cabada-06\/'><img loading=\"lazy\" decoding=\"async\" width=\"660\" height=\"365\" src=\"https:\/\/i2.wp.com\/www.noticiasperfil.com\/index\/wp-content\/uploads\/2024\/09\/ubr-cabada-06.jpg?fit=660%2C365&amp;ssl=1\" class=\"attachment-medium size-medium\" alt=\"\" srcset=\"https:\/\/i2.wp.com\/www.noticiasperfil.com\/index\/wp-content\/uploads\/2024\/09\/ubr-cabada-06.jpg?resize=660%2C365&amp;ssl=1 660w, https:\/\/i2.wp.com\/www.noticiasperfil.com\/index\/wp-content\/uploads\/2024\/09\/ubr-cabada-06.jpg?zoom=2&amp;resize=660%2C365&amp;ssl=1 1320w\" sizes=\"auto, (max-width: 640px) 100vw, 640px\" data-attachment-id=\"108638\" data-permalink=\"https:\/\/www.noticiasperfil.com\/index\/2024\/09\/04\/inauguran-ubr-en-cabada\/ubr-cabada-06\/\" data-orig-file=\"https:\/\/i2.wp.com\/www.noticiasperfil.com\/index\/wp-content\/uploads\/2024\/09\/ubr-cabada-06.jpg?fit=1600%2C900&amp;ssl=1\" data-orig-size=\"1600,900\" data-comments-opened=\"1\" data-image-meta=\"{&quot;aperture&quot;:&quot;0&quot;,&quot;credit&quot;:&quot;&quot;,&quot;camera&quot;:&quot;&quot;,&quot;caption&quot;:&quot;&quot;,&quot;created_timestamp&quot;:&quot;0&quot;,&quot;copyright&quot;:&quot;&quot;,&quot;focal_length&quot;:&quot;0&quot;,&quot;iso&quot;:&quot;0&quot;,&quot;shutter_speed&quot;:&quot;0&quot;,&quot;title&quot;:&quot;&quot;,&quot;orientation&quot;:&quot;0&quot;}\" data-image-title=\"ubr-cabada-06\" data-image-description=\"\" data-medium-file=\"https:\/\/i2.wp.com\/www.noticiasperfil.com\/index\/wp-content\/uploads\/2024\/09\/ubr-cabada-06.jpg?fit=660%2C365&amp;ssl=1\" data-large-file=\"https:\/\/i2.wp.com\/www.noticiasperfil.com\/index\/wp-content\/uploads\/2024\/09\/ubr-cabada-06.jpg?fit=640%2C366&amp;ssl=1\" \/><\/a>\n\t\t\t<\/div><\/figure><figure class='gallery-item'>\n\t\t\t<div class='gallery-icon portrait'>\n\t\t\t\t<a href='https:\/\/www.noticiasperfil.com\/index\/2024\/09\/04\/inauguran-ubr-en-cabada\/ubr-cabada-07\/'><img loading=\"lazy\" decoding=\"async\" width=\"660\" height=\"365\" src=\"https:\/\/i2.wp.com\/www.noticiasperfil.com\/index\/wp-content\/uploads\/2024\/09\/ubr-cabada-07.jpg?fit=660%2C365&amp;ssl=1\" class=\"attachment-medium size-medium\" alt=\"\" data-attachment-id=\"108639\" data-permalink=\"https:\/\/www.noticiasperfil.com\/index\/2024\/09\/04\/inauguran-ubr-en-cabada\/ubr-cabada-07\/\" data-orig-file=\"https:\/\/i2.wp.com\/www.noticiasperfil.com\/index\/wp-content\/uploads\/2024\/09\/ubr-cabada-07.jpg?fit=1066%2C1600&amp;ssl=1\" data-orig-size=\"1066,1600\" data-comments-opened=\"1\" data-image-meta=\"{&quot;aperture&quot;:&quot;0&quot;,&quot;credit&quot;:&quot;&quot;,&quot;camera&quot;:&quot;&quot;,&quot;caption&quot;:&quot;&quot;,&quot;created_timestamp&quot;:&quot;0&quot;,&quot;copyright&quot;:&quot;&quot;,&quot;focal_length&quot;:&quot;0&quot;,&quot;iso&quot;:&quot;0&quot;,&quot;shutter_speed&quot;:&quot;0&quot;,&quot;title&quot;:&quot;&quot;,&quot;orientation&quot;:&quot;0&quot;}\" data-image-title=\"ubr-cabada-07\" data-image-description=\"\" data-medium-file=\"https:\/\/i2.wp.com\/www.noticiasperfil.com\/index\/wp-content\/uploads\/2024\/09\/ubr-cabada-07.jpg?fit=660%2C365&amp;ssl=1\" data-large-file=\"https:\/\/i2.wp.com\/www.noticiasperfil.com\/index\/wp-content\/uploads\/2024\/09\/ubr-cabada-07.jpg?fit=640%2C366&amp;ssl=1\" \/><\/a>\n\t\t\t<\/div><\/figure>\n\t\t<\/div>\n\n<p>Estas acciones refuerzan el compromiso con la inclusi\u00f3n social, representando un avance significativo para el bienestar y la salud de los habitantes de Cabada.<\/p>\n","protected":false},"excerpt":{"rendered":"<p>\u00c1NGEL R. Cabada, Ver.- En compa\u00f1\u00eda de la directora del DIF Estatal Rebeca Quintanar Barcel\u00f3, ediles, la presidenta del DIF municipal, Esmeralda Guti\u00e9rrez Machucho, agentes municipales y ciudadan\u00eda en general, el Presidente Municipal Julio Cesar Garc\u00eda Machucho inaugur\u00f3 en la cabecera municipal la Unidad B\u00e1sica de Rehabilitaci\u00f3n (UBR). Con la apertura de este espacio se brindar\u00e1n servicios de fisioterapia, fisioterapia neurol\u00f3gica, terapia psicol\u00f3gica, terapia ocupacional y cognitiva, rehabilitaci\u00f3n de adultos mayores, terapia de lenguaje, estimulaci\u00f3n temprana y atenci\u00f3n con ni\u00f1os con autismo, beneficiando a personas con discapacidades o condiciones f\u00edsicas&hellip;<\/p>\n","protected":false},"author":1,"featured_media":108633,"comment_status":"open","ping_status":"closed","sticky":false,"template":"","format":"standard","meta":{"footnotes":""},"categories":[3,16],"tags":[9036,10505],"class_list":["post-108632","post","type-post","status-publish","format-standard","has-post-thumbnail","hentry","category-destacadas","category-zona-canera","tag-julio-cesar-garcia-machucho","tag-rebeca-quinatnar-barcelo"],"jetpack-related-posts":[],"_links":{"self":[{"href":"https:\/\/www.noticiasperfil.com\/index\/wp-json\/wp\/v2\/posts\/108632","targetHints":{"allow":["GET"]}}],"collection":[{"href":"https:\/\/www.noticiasperfil.com\/index\/wp-json\/wp\/v2\/posts"}],"about":[{"href":"https:\/\/www.noticiasperfil.com\/index\/wp-json\/wp\/v2\/types\/post"}],"author":[{"embeddable":true,"href":"https:\/\/www.noticiasperfil.com\/index\/wp-json\/wp\/v2\/users\/1"}],"replies":[{"embeddable":true,"href":"https:\/\/www.noticiasperfil.com\/index\/wp-json\/wp\/v2\/comments?post=108632"}],"version-history":[{"count":1,"href":"https:\/\/www.noticiasperfil.com\/index\/wp-json\/wp\/v2\/posts\/108632\/revisions"}],"predecessor-version":[{"id":108640,"href":"https:\/\/www.noticiasperfil.com\/index\/wp-json\/wp\/v2\/posts\/108632\/revisions\/108640"}],"wp:featuredmedia":[{"embeddable":true,"href":"https:\/\/www.noticiasperfil.com\/index\/wp-json\/wp\/v2\/media\/108633"}],"wp:attachment":[{"href":"https:\/\/www.noticiasperfil.com\/index\/wp-json\/wp\/v2\/media?parent=108632"}],"wp:term":[{"taxonomy":"category","embeddable":true,"href":"https:\/\/www.noticiasperfil.com\/index\/wp-json\/wp\/v2\/categories?post=108632"},{"taxonomy":"post_tag","embeddable":true,"href":"https:\/\/www.noticiasperfil.com\/index\/wp-json\/wp\/v2\/tags?post=108632"}],"curies":[{"name":"wp","href":"https:\/\/api.w.org\/{rel}","templated":true}]}}