{"id":108641,"date":"2024-09-04T21:29:33","date_gmt":"2024-09-05T02:29:33","guid":{"rendered":"https:\/\/www.noticiasperfil.com\/index\/?p=108641"},"modified":"2024-09-04T21:29:33","modified_gmt":"2024-09-05T02:29:33","slug":"veracruz-cumplio-con-mexico-reforma-al-poder-judicial-va","status":"publish","type":"post","link":"https:\/\/www.noticiasperfil.com\/index\/2024\/09\/04\/veracruz-cumplio-con-mexico-reforma-al-poder-judicial-va\/","title":{"rendered":"VERACRUZ CUMPLI\u00d3 CON M\u00c9XICO, \u00a1REFORMA AL PODER JUDICIAL VA!"},"content":{"rendered":"<p><img loading=\"lazy\" decoding=\"async\" data-attachment-id=\"108642\" data-permalink=\"https:\/\/www.noticiasperfil.com\/index\/2024\/09\/04\/veracruz-cumplio-con-mexico-reforma-al-poder-judicial-va\/rocio-nahle-47\/\" data-orig-file=\"https:\/\/i0.wp.com\/www.noticiasperfil.com\/index\/wp-content\/uploads\/2024\/09\/rocio-nahle.jpg?fit=1600%2C1421&amp;ssl=1\" data-orig-size=\"1600,1421\" data-comments-opened=\"1\" data-image-meta=\"{&quot;aperture&quot;:&quot;0&quot;,&quot;credit&quot;:&quot;&quot;,&quot;camera&quot;:&quot;&quot;,&quot;caption&quot;:&quot;&quot;,&quot;created_timestamp&quot;:&quot;0&quot;,&quot;copyright&quot;:&quot;&quot;,&quot;focal_length&quot;:&quot;0&quot;,&quot;iso&quot;:&quot;0&quot;,&quot;shutter_speed&quot;:&quot;0&quot;,&quot;title&quot;:&quot;&quot;,&quot;orientation&quot;:&quot;0&quot;}\" data-image-title=\"rocio-nahle\" data-image-description=\"\" data-medium-file=\"https:\/\/i0.wp.com\/www.noticiasperfil.com\/index\/wp-content\/uploads\/2024\/09\/rocio-nahle.jpg?fit=660%2C365&amp;ssl=1\" data-large-file=\"https:\/\/i0.wp.com\/www.noticiasperfil.com\/index\/wp-content\/uploads\/2024\/09\/rocio-nahle.jpg?fit=640%2C366&amp;ssl=1\" class=\"aligncenter size-full wp-image-108642\" src=\"https:\/\/i0.wp.com\/www.noticiasperfil.com\/index\/wp-content\/uploads\/2024\/09\/rocio-nahle.jpg?resize=640%2C568&#038;ssl=1\" alt=\"\" width=\"640\" height=\"568\" srcset=\"https:\/\/i0.wp.com\/www.noticiasperfil.com\/index\/wp-content\/uploads\/2024\/09\/rocio-nahle.jpg?w=1600&amp;ssl=1 1600w, https:\/\/i0.wp.com\/www.noticiasperfil.com\/index\/wp-content\/uploads\/2024\/09\/rocio-nahle.jpg?resize=1536%2C1364&amp;ssl=1 1536w, https:\/\/i0.wp.com\/www.noticiasperfil.com\/index\/wp-content\/uploads\/2024\/09\/rocio-nahle.jpg?w=1280&amp;ssl=1 1280w\" sizes=\"auto, (max-width: 640px) 100vw, 640px\" data-recalc-dims=\"1\" \/><\/p>\n<p><em><strong>&gt;La bancada de Morena en el Senado de la Rep\u00fablica ratificar\u00e1 la Reforma al Poder Judicial con respaldo de nuestros senadores veracruzanos.<\/strong><\/em><br \/>\n<em><strong>&gt;Felicita a los diputados federales morenistas por su compromiso y tenacidad en el debate.<\/strong><\/em><\/p>\n<p>Boca del R\u00edo, Ver., mi\u00e9rcoles 04 de septiembre de 2024.- Los diputados federales de Veracruz han cumplido cabalmente con su responsabilidad y compromiso con M\u00e9xico al aprobar la Reforma al Poder Judicial pese a los argumentos sin sustento de la oposici\u00f3n, asegur\u00f3 la gobernadora electa de Veracruz, Roc\u00edo Nahle Garc\u00eda.<br \/>\nA las 4:30 a.m. de hoy, legisladoras y legisladores veracruzanos de Morena anunciaron que la Reforma al Poder Judicial hab\u00eda sido aprobada en lo general con 359 votos a favor, 135 en contra y 0 abstenciones, tras 11 horas de discusi\u00f3n.<\/p>\n<p>Roc\u00edo Nahle Garc\u00eda destac\u00f3 que as\u00ed como en el sexenio que est\u00e1 por concluir se echaron abajo las llamadas reformas estructurales del neoliberalismo aprobadas en el \u00faltimo sexenio priista, incluidas la energ\u00e9tica y educativa, ahora M\u00e9xico est\u00e1 a un paso de hacer nuevamente historia gracias a la 4T.<\/p>\n<p>El dictamen por el que se reforman, adicionan y derogan diversas disposiciones de la Constituci\u00f3n Pol\u00edtica, en materia de reforma del Poder Judicial fue turnado al Senado de la Rep\u00fablica donde seguramente, Morena lograr\u00e1 los votos requeridos para ratificar la aprobaci\u00f3n y regresarla a San L\u00e1zaro para su eventual publicaci\u00f3n.<\/p>\n<p>\u201cQuiero felicitar a los diputados federales veracruzanos quienes una vez m\u00e1s han demostrado su compromiso con Veracruz y con nuestra patria, a eso llegamos, a comprometernos y a hacer historia, para bien de Veracruz y de M\u00e9xico\u201d, subray\u00f3 Roc\u00edo Nahle.<\/p>\n<p>La bancada veracruzana en la C\u00e1mara de Diputados est\u00e1 integrada por su coordinador Zenyazen Escobar Garc\u00eda, Mar\u00eda del Carmen Pinete Vargas; Jaime Humberto P\u00e9rez Bernab\u00e9; M\u00f3nica Herrera Villavicencio; Rosa Mar\u00eda Hern\u00e1ndez Espejo; Dulce Mar\u00eda Corina Villegas Guarneros; Paola Tenorio Adame; Elizabeth Cervantes de la Cruz; Magaly Armenta Oliveros; Ana Miriam Farr\u00e1ez Centeno; Jessica Ram\u00edrez Cisneros; Margarita Corro Mendoza; Roberto Ramos Alor; Francisco Javier Vel\u00e1zquez Vallejo; Jorge Mier; Benito Aguas Atlahua; Blanca Estela Hern\u00e1ndez Rodr\u00edguez; Adri\u00e1n Gonz\u00e1lez Naveda, Kenia Gisell Mu\u00f1iz Cabrera; Eleazar Guerrero P\u00e9rez, Javier Herrera Borunda, entre otros.<\/p>\n","protected":false},"excerpt":{"rendered":"<p>&gt;La bancada de Morena en el Senado de la Rep\u00fablica ratificar\u00e1 la Reforma al Poder Judicial con respaldo de nuestros senadores veracruzanos. &gt;Felicita a los diputados federales morenistas por su compromiso y tenacidad en el debate. Boca del R\u00edo, Ver., mi\u00e9rcoles 04 de septiembre de 2024.- Los diputados federales de Veracruz han cumplido cabalmente con su responsabilidad y compromiso con M\u00e9xico al aprobar la Reforma al Poder Judicial pese a los argumentos sin sustento de la oposici\u00f3n, asegur\u00f3 la gobernadora electa de Veracruz, Roc\u00edo Nahle Garc\u00eda. A las 4:30 a.m.&hellip;<\/p>\n","protected":false},"author":1,"featured_media":108642,"comment_status":"open","ping_status":"closed","sticky":false,"template":"","format":"standard","meta":{"footnotes":""},"categories":[3,4],"tags":[3387],"class_list":["post-108641","post","type-post","status-publish","format-standard","has-post-thumbnail","hentry","category-destacadas","category-estatal","tag-rocio-nahle-garcia"],"jetpack-related-posts":[],"_links":{"self":[{"href":"https:\/\/www.noticiasperfil.com\/index\/wp-json\/wp\/v2\/posts\/108641","targetHints":{"allow":["GET"]}}],"collection":[{"href":"https:\/\/www.noticiasperfil.com\/index\/wp-json\/wp\/v2\/posts"}],"about":[{"href":"https:\/\/www.noticiasperfil.com\/index\/wp-json\/wp\/v2\/types\/post"}],"author":[{"embeddable":true,"href":"https:\/\/www.noticiasperfil.com\/index\/wp-json\/wp\/v2\/users\/1"}],"replies":[{"embeddable":true,"href":"https:\/\/www.noticiasperfil.com\/index\/wp-json\/wp\/v2\/comments?post=108641"}],"version-history":[{"count":1,"href":"https:\/\/www.noticiasperfil.com\/index\/wp-json\/wp\/v2\/posts\/108641\/revisions"}],"predecessor-version":[{"id":108643,"href":"https:\/\/www.noticiasperfil.com\/index\/wp-json\/wp\/v2\/posts\/108641\/revisions\/108643"}],"wp:featuredmedia":[{"embeddable":true,"href":"https:\/\/www.noticiasperfil.com\/index\/wp-json\/wp\/v2\/media\/108642"}],"wp:attachment":[{"href":"https:\/\/www.noticiasperfil.com\/index\/wp-json\/wp\/v2\/media?parent=108641"}],"wp:term":[{"taxonomy":"category","embeddable":true,"href":"https:\/\/www.noticiasperfil.com\/index\/wp-json\/wp\/v2\/categories?post=108641"},{"taxonomy":"post_tag","embeddable":true,"href":"https:\/\/www.noticiasperfil.com\/index\/wp-json\/wp\/v2\/tags?post=108641"}],"curies":[{"name":"wp","href":"https:\/\/api.w.org\/{rel}","templated":true}]}}