{"id":108709,"date":"2024-09-11T12:22:31","date_gmt":"2024-09-11T17:22:31","guid":{"rendered":"https:\/\/www.noticiasperfil.com\/index\/?p=108709"},"modified":"2024-09-11T12:22:31","modified_gmt":"2024-09-11T17:22:31","slug":"congreso-de-veracruz-segundo-en-aprobar-la-reforma-al-poder-judicial-federal","status":"publish","type":"post","link":"https:\/\/www.noticiasperfil.com\/index\/2024\/09\/11\/congreso-de-veracruz-segundo-en-aprobar-la-reforma-al-poder-judicial-federal\/","title":{"rendered":"Congreso de Veracruz, segundo en aprobar la reforma al Poder Judicial Federal"},"content":{"rendered":"<p><img loading=\"lazy\" decoding=\"async\" data-attachment-id=\"108710\" data-permalink=\"https:\/\/www.noticiasperfil.com\/index\/2024\/09\/11\/congreso-de-veracruz-segundo-en-aprobar-la-reforma-al-poder-judicial-federal\/juan-javier-gomez-cazarin-104\/\" data-orig-file=\"https:\/\/i2.wp.com\/www.noticiasperfil.com\/index\/wp-content\/uploads\/2024\/09\/juan-javier-gomez-cazarin-1.jpg?fit=720%2C540&amp;ssl=1\" data-orig-size=\"720,540\" data-comments-opened=\"1\" data-image-meta=\"{&quot;aperture&quot;:&quot;0&quot;,&quot;credit&quot;:&quot;&quot;,&quot;camera&quot;:&quot;&quot;,&quot;caption&quot;:&quot;&quot;,&quot;created_timestamp&quot;:&quot;0&quot;,&quot;copyright&quot;:&quot;&quot;,&quot;focal_length&quot;:&quot;0&quot;,&quot;iso&quot;:&quot;0&quot;,&quot;shutter_speed&quot;:&quot;0&quot;,&quot;title&quot;:&quot;&quot;,&quot;orientation&quot;:&quot;0&quot;}\" data-image-title=\"juan-javier-gomez-cazarin\" data-image-description=\"\" data-medium-file=\"https:\/\/i2.wp.com\/www.noticiasperfil.com\/index\/wp-content\/uploads\/2024\/09\/juan-javier-gomez-cazarin-1.jpg?fit=660%2C365&amp;ssl=1\" data-large-file=\"https:\/\/i2.wp.com\/www.noticiasperfil.com\/index\/wp-content\/uploads\/2024\/09\/juan-javier-gomez-cazarin-1.jpg?fit=640%2C427&amp;ssl=1\" class=\"aligncenter size-full wp-image-108710\" src=\"https:\/\/i2.wp.com\/www.noticiasperfil.com\/index\/wp-content\/uploads\/2024\/09\/juan-javier-gomez-cazarin-1.jpg?resize=640%2C480&#038;ssl=1\" alt=\"\" width=\"640\" height=\"480\" data-recalc-dims=\"1\" \/><\/p>\n<p>Xalapa, Ver.- La Camara de Diputados de Veracruz, se convertir\u00e1 este mi\u00e9rcoles en el segundo en aprobar la reforma al Poder Judicial Federal, con lo que faltar\u00edan 16 congresos estatales para elevarla a rango constitucional.<\/p>\n<p>El diputado local, Juan Javier G\u00f3mez Cazar\u00edn, anunci\u00f3 que todo est\u00e1 listo para la sesi\u00f3n extraordinaria.<br \/>\nA menos de 24 horas de la aprobaci\u00f3n de la reforma al Poder Judicial Federal en el Senado, a trav\u00e9s de sus redes sociales, el morenista precis\u00f3 que ya est\u00e1 enlistada en el orden del d\u00eda.<\/p>\n<p>\u00abEn esta madrugada, se acaba de aprobar la reforma al Poder Judicial en el senado, en una sede alterna por las manifestaciones que se suscitaron, ahora el proceso tiende a que los congresos locales de este pa\u00eds aprueben esta reforma para que ya tenga validez constitucional\u00bb.<\/p>\n<p>Record\u00f3 que se requiere la aprobaci\u00f3n de 17 congresos estatales.<\/p>\n<p>\u00abNos va a tocar en unas horas de hecho, ya estamos preparados aqu\u00ed en el \u00f3rgano permanente para verla en el orden del d\u00eda est\u00e1n todos invitados a seguirnos en las redes sociales del congreso del estado\u00bb.<\/p>\n<p>Presumi\u00f3 que se har\u00e1 efectivo el Plan C \u00abvamos a hacer efectivo el plan C que por tantos a\u00f1os nos toc\u00f3 luchar y darle una justicia verdadera al pueblo mexicano.<\/p>\n<p>Ya no habr\u00e1 m\u00e1s justicia simulada. Ya no habr\u00e1 m\u00e1s magistrados millonarios ni magistrados que vend\u00edan la justicia, porque la justicia es para todos para el pobre\u00bb.<\/p>\n<p>Los puntos principales de la reforma al Poder Judicial Federal establecen que los jueces federales y ministros de la Suprema Corte de la Naci\u00f3n (SCJN) deben ser elegidos por voto popular.<\/p>\n<p>Adem\u00e1s, avala la reducci\u00f3n de 11 a 9 el n\u00famero de ministros de la Suprema Corte y que el periodo de su encargo se reduzca de 15 a 12 a\u00f1os.<\/p>\n<p>Implica la celebraci\u00f3n de dos elecciones para renovar los cargos dentro de ese Poder del Estado. La primera de ellas ser\u00eda extraordinaria y se realizar\u00eda en junio pr\u00f3ximo, mientras que la segunda elecci\u00f3n se llevar\u00eda a cabo en 2027.<\/p>\n","protected":false},"excerpt":{"rendered":"<p>Xalapa, Ver.- La Camara de Diputados de Veracruz, se convertir\u00e1 este mi\u00e9rcoles en el segundo en aprobar la reforma al Poder Judicial Federal, con lo que faltar\u00edan 16 congresos estatales para elevarla a rango constitucional. El diputado local, Juan Javier G\u00f3mez Cazar\u00edn, anunci\u00f3 que todo est\u00e1 listo para la sesi\u00f3n extraordinaria. A menos de 24 horas de la aprobaci\u00f3n de la reforma al Poder Judicial Federal en el Senado, a trav\u00e9s de sus redes sociales, el morenista precis\u00f3 que ya est\u00e1 enlistada en el orden del d\u00eda. \u00abEn esta madrugada,&hellip;<\/p>\n","protected":false},"author":1,"featured_media":108710,"comment_status":"open","ping_status":"closed","sticky":false,"template":"","format":"standard","meta":{"footnotes":""},"categories":[3,4],"tags":[4842],"class_list":["post-108709","post","type-post","status-publish","format-standard","has-post-thumbnail","hentry","category-destacadas","category-estatal","tag-juan-javier-gomez-cazarin"],"jetpack-related-posts":[],"_links":{"self":[{"href":"https:\/\/www.noticiasperfil.com\/index\/wp-json\/wp\/v2\/posts\/108709","targetHints":{"allow":["GET"]}}],"collection":[{"href":"https:\/\/www.noticiasperfil.com\/index\/wp-json\/wp\/v2\/posts"}],"about":[{"href":"https:\/\/www.noticiasperfil.com\/index\/wp-json\/wp\/v2\/types\/post"}],"author":[{"embeddable":true,"href":"https:\/\/www.noticiasperfil.com\/index\/wp-json\/wp\/v2\/users\/1"}],"replies":[{"embeddable":true,"href":"https:\/\/www.noticiasperfil.com\/index\/wp-json\/wp\/v2\/comments?post=108709"}],"version-history":[{"count":1,"href":"https:\/\/www.noticiasperfil.com\/index\/wp-json\/wp\/v2\/posts\/108709\/revisions"}],"predecessor-version":[{"id":108711,"href":"https:\/\/www.noticiasperfil.com\/index\/wp-json\/wp\/v2\/posts\/108709\/revisions\/108711"}],"wp:featuredmedia":[{"embeddable":true,"href":"https:\/\/www.noticiasperfil.com\/index\/wp-json\/wp\/v2\/media\/108710"}],"wp:attachment":[{"href":"https:\/\/www.noticiasperfil.com\/index\/wp-json\/wp\/v2\/media?parent=108709"}],"wp:term":[{"taxonomy":"category","embeddable":true,"href":"https:\/\/www.noticiasperfil.com\/index\/wp-json\/wp\/v2\/categories?post=108709"},{"taxonomy":"post_tag","embeddable":true,"href":"https:\/\/www.noticiasperfil.com\/index\/wp-json\/wp\/v2\/tags?post=108709"}],"curies":[{"name":"wp","href":"https:\/\/api.w.org\/{rel}","templated":true}]}}