{"id":109044,"date":"2024-09-30T18:40:39","date_gmt":"2024-09-30T23:40:39","guid":{"rendered":"https:\/\/www.noticiasperfil.com\/index\/?p=109044"},"modified":"2024-09-30T18:40:39","modified_gmt":"2024-09-30T23:40:39","slug":"gracias-presidente-fue-un-honor-caminar-su-lado-para-lograr-un-mexico-mas-justo-juan-javier-gomez-cazarin","status":"publish","type":"post","link":"https:\/\/www.noticiasperfil.com\/index\/2024\/09\/30\/gracias-presidente-fue-un-honor-caminar-su-lado-para-lograr-un-mexico-mas-justo-juan-javier-gomez-cazarin\/","title":{"rendered":"\u00a1Gracias Presidente! Fue un honor caminar su lado para lograr un M\u00e9xico m\u00e1s justo: Juan Javier G\u00f3mez Cazar\u00edn"},"content":{"rendered":"<p><img loading=\"lazy\" decoding=\"async\" data-attachment-id=\"109045\" data-permalink=\"https:\/\/www.noticiasperfil.com\/index\/2024\/09\/30\/gracias-presidente-fue-un-honor-caminar-su-lado-para-lograr-un-mexico-mas-justo-juan-javier-gomez-cazarin\/cazarin-amlo-2\/\" data-orig-file=\"https:\/\/i0.wp.com\/www.noticiasperfil.com\/index\/wp-content\/uploads\/2024\/09\/cazarin-amlo.jpg?fit=729%2C482&amp;ssl=1\" data-orig-size=\"729,482\" data-comments-opened=\"1\" data-image-meta=\"{&quot;aperture&quot;:&quot;0&quot;,&quot;credit&quot;:&quot;&quot;,&quot;camera&quot;:&quot;&quot;,&quot;caption&quot;:&quot;&quot;,&quot;created_timestamp&quot;:&quot;0&quot;,&quot;copyright&quot;:&quot;&quot;,&quot;focal_length&quot;:&quot;0&quot;,&quot;iso&quot;:&quot;0&quot;,&quot;shutter_speed&quot;:&quot;0&quot;,&quot;title&quot;:&quot;&quot;,&quot;orientation&quot;:&quot;0&quot;}\" data-image-title=\"cazarin-amlo\" data-image-description=\"\" data-medium-file=\"https:\/\/i0.wp.com\/www.noticiasperfil.com\/index\/wp-content\/uploads\/2024\/09\/cazarin-amlo.jpg?fit=660%2C365&amp;ssl=1\" data-large-file=\"https:\/\/i0.wp.com\/www.noticiasperfil.com\/index\/wp-content\/uploads\/2024\/09\/cazarin-amlo.jpg?fit=640%2C421&amp;ssl=1\" class=\"aligncenter size-full wp-image-109045\" src=\"https:\/\/i0.wp.com\/www.noticiasperfil.com\/index\/wp-content\/uploads\/2024\/09\/cazarin-amlo.jpg?resize=640%2C423&#038;ssl=1\" alt=\"\" width=\"640\" height=\"423\" data-recalc-dims=\"1\" \/><\/p>\n<ul>\n<li><em><strong>Nos despedimos de un l\u00edder que marc\u00f3 un cap\u00edtulo importante en nuestra historia, desde su lucha social hasta gobernar, siempre amando y obedeciendo al pueblo, dijo el Legislador.<\/strong><\/em><\/li>\n<\/ul>\n<p>Xalapa, Ver., 30 de septiembre de 2024.- Para mi fue un honor caminar al lado del presidente Andr\u00e9s Manuel L\u00f3pez Obrador en su gran proyecto de naci\u00f3n, ser testigo de su lucha y del gran amor que le tiene al pueblo, lo que permiti\u00f3 que en tan s\u00f3lo seis a\u00f1os de gobierno consumara una transformaci\u00f3n sin precedente en M\u00e9xico, pac\u00edfica y de fondo, que sacudi\u00f3 a las estructuras gubernamentales y la forma de hacer pol\u00edtica a favor de la gente, expres\u00f3 el diputado local Juan Javier G\u00f3mez Cazar\u00edn, presidente de la Junta de Coordinaci\u00f3n Pol\u00edtica (JUCOPO), del Congreso de Veracruz.<\/p>\n<p>\u201cHoy concluye su mandato uno de los mejores Presidentes que la Rep\u00fablica ha tenido en las \u00faltimas d\u00e9cadas. Para m\u00ed es el mejor Mandatario de los \u00faltimos 60 a\u00f1os, quiz\u00e1s 80. Gracias por apoyar primero a los pobres para que al pa\u00eds le fuera bien; por sus resultados contundentes en materia social y econ\u00f3mica estaremos agradecidos por siempre\u201d, destac\u00f3 G\u00f3mez Cazar\u00edn.<\/p>\n<p>El L\u00edder de la JUCOPO record\u00f3 que esta transformaci\u00f3n la vivi\u00f3 al lado del presidente L\u00f3pez Obrador desde hace 12 a\u00f1os, cuando empez\u00f3 a sembrarse el deseo de lograr un M\u00e9xico digno y justo para todos.<\/p>\n<p>Eso, dijo, movi\u00f3 la conciencia de 30 millones de mexicanos que vieron en el presidente L\u00f3pez Obrador a un luchador social, sencillo, aut\u00e9ntico, de convicciones fuertes y gran congruencia que, caminando calle por calle, pueblo por pueblo, platicando con la gente directamente, demostr\u00f3 que s\u00ed era posible transformar a M\u00e9xico, hacer un cambio real y definitivo para favorecer el bienestar y el progreso de todos.<\/p>\n<p>La revoluci\u00f3n de las conciencias, apunt\u00f3 G\u00f3mez Cazar\u00edn, hizo temblar a una clase pol\u00edtica enloquecida por el poder y el dinero, que con el respaldo del pueblo en el 2018 se logr\u00f3 consumar el sue\u00f1o de un M\u00e9xico justo, humanista y transformador, ahora se deja una huella que trasciende generaciones.<\/p>\n<p>\u201cEste 30 de septiembre nos toca despedirnos de un l\u00edder que marc\u00f3 un cap\u00edtulo importante en la historia de M\u00e9xico, un gran presidente y extraordinario ser humano como lo es Andr\u00e9s Manuel L\u00f3pez Obrador. Hasta siempre Presidente, te vas con el respeto y el cari\u00f1o de tu pueblo\u201d, enfatiz\u00f3.<\/p>\n<p>Este martes, apunt\u00f3, se dar\u00e1 vuelta a la p\u00e1gina del primer piso de la transformaci\u00f3n, al legado del presidente Andr\u00e9s Manuel L\u00f3pez Obrador y se iniciar\u00e1 un cap\u00edtulo hist\u00f3rico con la primera mujer presidenta de M\u00e9xico, Claudia Sheinbaum Pardo, la continuidad del gobierno humanista, que escucha y obedece al pueblo est\u00e1 garantizada.<\/p>\n<p>\u201cVendr\u00e1n seis a\u00f1os de bienestar y progreso para todos, bajo la visi\u00f3n de una extraordinaria mujer, sensible, honesta, trabajadora y de resultados que llevar\u00e1 a otro nivel el bienestar en M\u00e9xico\u201d, destac\u00f3.<\/p>\n","protected":false},"excerpt":{"rendered":"<p>Nos despedimos de un l\u00edder que marc\u00f3 un cap\u00edtulo importante en nuestra historia, desde su lucha social hasta gobernar, siempre amando y obedeciendo al pueblo, dijo el Legislador. Xalapa, Ver., 30 de septiembre de 2024.- Para mi fue un honor caminar al lado del presidente Andr\u00e9s Manuel L\u00f3pez Obrador en su gran proyecto de naci\u00f3n, ser testigo de su lucha y del gran amor que le tiene al pueblo, lo que permiti\u00f3 que en tan s\u00f3lo seis a\u00f1os de gobierno consumara una transformaci\u00f3n sin precedente en M\u00e9xico, pac\u00edfica y de&hellip;<\/p>\n","protected":false},"author":1,"featured_media":109045,"comment_status":"open","ping_status":"closed","sticky":false,"template":"","format":"standard","meta":{"footnotes":""},"categories":[3,4],"tags":[86,4842],"class_list":["post-109044","post","type-post","status-publish","format-standard","has-post-thumbnail","hentry","category-destacadas","category-estatal","tag-andres-manuel-lopez-obrador","tag-juan-javier-gomez-cazarin"],"jetpack-related-posts":[],"_links":{"self":[{"href":"https:\/\/www.noticiasperfil.com\/index\/wp-json\/wp\/v2\/posts\/109044","targetHints":{"allow":["GET"]}}],"collection":[{"href":"https:\/\/www.noticiasperfil.com\/index\/wp-json\/wp\/v2\/posts"}],"about":[{"href":"https:\/\/www.noticiasperfil.com\/index\/wp-json\/wp\/v2\/types\/post"}],"author":[{"embeddable":true,"href":"https:\/\/www.noticiasperfil.com\/index\/wp-json\/wp\/v2\/users\/1"}],"replies":[{"embeddable":true,"href":"https:\/\/www.noticiasperfil.com\/index\/wp-json\/wp\/v2\/comments?post=109044"}],"version-history":[{"count":1,"href":"https:\/\/www.noticiasperfil.com\/index\/wp-json\/wp\/v2\/posts\/109044\/revisions"}],"predecessor-version":[{"id":109046,"href":"https:\/\/www.noticiasperfil.com\/index\/wp-json\/wp\/v2\/posts\/109044\/revisions\/109046"}],"wp:featuredmedia":[{"embeddable":true,"href":"https:\/\/www.noticiasperfil.com\/index\/wp-json\/wp\/v2\/media\/109045"}],"wp:attachment":[{"href":"https:\/\/www.noticiasperfil.com\/index\/wp-json\/wp\/v2\/media?parent=109044"}],"wp:term":[{"taxonomy":"category","embeddable":true,"href":"https:\/\/www.noticiasperfil.com\/index\/wp-json\/wp\/v2\/categories?post=109044"},{"taxonomy":"post_tag","embeddable":true,"href":"https:\/\/www.noticiasperfil.com\/index\/wp-json\/wp\/v2\/tags?post=109044"}],"curies":[{"name":"wp","href":"https:\/\/api.w.org\/{rel}","templated":true}]}}