{"id":109064,"date":"2024-10-03T11:34:08","date_gmt":"2024-10-03T16:34:08","guid":{"rendered":"https:\/\/www.noticiasperfil.com\/index\/?p=109064"},"modified":"2024-10-03T11:34:08","modified_gmt":"2024-10-03T16:34:08","slug":"no-estan-solos-todo-mi-apoyo-para-mis-paisanos-rocio-nahle","status":"publish","type":"post","link":"https:\/\/www.noticiasperfil.com\/index\/2024\/10\/03\/no-estan-solos-todo-mi-apoyo-para-mis-paisanos-rocio-nahle\/","title":{"rendered":"\u00a1No est\u00e1n solos! Todo mi apoyo para mis paisanos: Roc\u00edo Nahle"},"content":{"rendered":"<p><img loading=\"lazy\" decoding=\"async\" data-attachment-id=\"109065\" data-permalink=\"https:\/\/www.noticiasperfil.com\/index\/2024\/10\/03\/no-estan-solos-todo-mi-apoyo-para-mis-paisanos-rocio-nahle\/rocio-nahle-54\/\" data-orig-file=\"https:\/\/i2.wp.com\/www.noticiasperfil.com\/index\/wp-content\/uploads\/2024\/10\/rocio-nahle-1.jpg?fit=1024%2C742&amp;ssl=1\" data-orig-size=\"1024,742\" data-comments-opened=\"1\" data-image-meta=\"{&quot;aperture&quot;:&quot;0&quot;,&quot;credit&quot;:&quot;&quot;,&quot;camera&quot;:&quot;&quot;,&quot;caption&quot;:&quot;&quot;,&quot;created_timestamp&quot;:&quot;0&quot;,&quot;copyright&quot;:&quot;&quot;,&quot;focal_length&quot;:&quot;0&quot;,&quot;iso&quot;:&quot;0&quot;,&quot;shutter_speed&quot;:&quot;0&quot;,&quot;title&quot;:&quot;&quot;,&quot;orientation&quot;:&quot;0&quot;}\" data-image-title=\"rocio-nahle\" data-image-description=\"\" data-medium-file=\"https:\/\/i2.wp.com\/www.noticiasperfil.com\/index\/wp-content\/uploads\/2024\/10\/rocio-nahle-1.jpg?fit=660%2C365&amp;ssl=1\" data-large-file=\"https:\/\/i2.wp.com\/www.noticiasperfil.com\/index\/wp-content\/uploads\/2024\/10\/rocio-nahle-1.jpg?fit=640%2C366&amp;ssl=1\" class=\"aligncenter size-full wp-image-109065\" src=\"https:\/\/i2.wp.com\/www.noticiasperfil.com\/index\/wp-content\/uploads\/2024\/10\/rocio-nahle-1.jpg?resize=640%2C464&#038;ssl=1\" alt=\"\" width=\"640\" height=\"464\" data-recalc-dims=\"1\" \/><\/p>\n<p>Coatzacoalcos, Ver.- La gobernadora electa de Veracruz, Roc\u00edo Nahle Garc\u00eda, asisti\u00f3 a la sesi\u00f3n del Consejo Municipal de Protecci\u00f3n Civil de Coatzacoalcos, municipio que se encuentra en estado cr\u00edtico ante el temporal generado por la depresi\u00f3n tropical 11-E.<\/p>\n<p>El Consejo Municipal de Protecci\u00f3n Civil de Coatzacoalcos, presidido por el alcalde Amado Cruz Malpica y que cont\u00f3 con la asistencia de la Secretaria de Protecci\u00f3n Civil del Estado, Guadalupe Osorno Maldonado, confirm\u00f3 que est\u00e1n activados los planes DN-III-E y Taj\u00edn en los municipios afectados por las lluvias.<\/p>\n<p>Adem\u00e1s, informaron que la Secretar\u00eda de Educaci\u00f3n emiti\u00f3 la suspensi\u00f3n de clases en los municipios siniestrados como son Coatzacoalcos, Agua Dulce, Nanchital, Ixhuatl\u00e1n del Sureste y Soteapan.<\/p>\n<p>De acuerdo a lo informado en la sesi\u00f3n, el DIF Municipal y el Ayuntamiento de Coatzacoalcos han brindado apoyo a las familias vulnerables como alimento, ropa a mujeres, hombres, ni\u00f1os, ni\u00f1as y beb\u00e9s as\u00ed como atenci\u00f3n m\u00e9dica.<\/p>\n<p>Se han habilitado adem\u00e1s albergues temporales, uno, el Centro de D\u00eda del Adulto Mayor (CAM) y dos, el Centro de Desarrollo Comunitario (CDC) de Nueva Calzadas, con el fin de dar resguardo a la poblaci\u00f3n de zonas bajas cuyas viviendas est\u00e1n bajo el agua.<\/p>\n<p>Tambi\u00e9n se hace un llamado a la poblaci\u00f3n en general para que acuda a donar a los centros de acopio destinados a apoyar a las familias m\u00e1s vulnerables.<\/p>\n<p>Se requieren alimentos no perecederos, productos de higiene personal, art\u00edculos para beb\u00e9, productos de limpieza del hogar, ropa en buen estado y medicamentos no caducos en las instalaciones del DIF o en el Centro de D\u00eda del Adulto Mayor (CAM)<\/p>\n<p>En estas acciones participan la Secretar\u00eda de Marina, la Secretar\u00eda de la Defensa Nacional y distintas fuerzas de tarea de los tres niveles de gobierno.<\/p>\n","protected":false},"excerpt":{"rendered":"<p>Coatzacoalcos, Ver.- La gobernadora electa de Veracruz, Roc\u00edo Nahle Garc\u00eda, asisti\u00f3 a la sesi\u00f3n del Consejo Municipal de Protecci\u00f3n Civil de Coatzacoalcos, municipio que se encuentra en estado cr\u00edtico ante el temporal generado por la depresi\u00f3n tropical 11-E. El Consejo Municipal de Protecci\u00f3n Civil de Coatzacoalcos, presidido por el alcalde Amado Cruz Malpica y que cont\u00f3 con la asistencia de la Secretaria de Protecci\u00f3n Civil del Estado, Guadalupe Osorno Maldonado, confirm\u00f3 que est\u00e1n activados los planes DN-III-E y Taj\u00edn en los municipios afectados por las lluvias. Adem\u00e1s, informaron que la&hellip;<\/p>\n","protected":false},"author":1,"featured_media":109065,"comment_status":"open","ping_status":"closed","sticky":false,"template":"","format":"standard","meta":{"footnotes":""},"categories":[3,4],"tags":[3387],"class_list":["post-109064","post","type-post","status-publish","format-standard","has-post-thumbnail","hentry","category-destacadas","category-estatal","tag-rocio-nahle-garcia"],"jetpack-related-posts":[],"_links":{"self":[{"href":"https:\/\/www.noticiasperfil.com\/index\/wp-json\/wp\/v2\/posts\/109064","targetHints":{"allow":["GET"]}}],"collection":[{"href":"https:\/\/www.noticiasperfil.com\/index\/wp-json\/wp\/v2\/posts"}],"about":[{"href":"https:\/\/www.noticiasperfil.com\/index\/wp-json\/wp\/v2\/types\/post"}],"author":[{"embeddable":true,"href":"https:\/\/www.noticiasperfil.com\/index\/wp-json\/wp\/v2\/users\/1"}],"replies":[{"embeddable":true,"href":"https:\/\/www.noticiasperfil.com\/index\/wp-json\/wp\/v2\/comments?post=109064"}],"version-history":[{"count":1,"href":"https:\/\/www.noticiasperfil.com\/index\/wp-json\/wp\/v2\/posts\/109064\/revisions"}],"predecessor-version":[{"id":109066,"href":"https:\/\/www.noticiasperfil.com\/index\/wp-json\/wp\/v2\/posts\/109064\/revisions\/109066"}],"wp:featuredmedia":[{"embeddable":true,"href":"https:\/\/www.noticiasperfil.com\/index\/wp-json\/wp\/v2\/media\/109065"}],"wp:attachment":[{"href":"https:\/\/www.noticiasperfil.com\/index\/wp-json\/wp\/v2\/media?parent=109064"}],"wp:term":[{"taxonomy":"category","embeddable":true,"href":"https:\/\/www.noticiasperfil.com\/index\/wp-json\/wp\/v2\/categories?post=109064"},{"taxonomy":"post_tag","embeddable":true,"href":"https:\/\/www.noticiasperfil.com\/index\/wp-json\/wp\/v2\/tags?post=109064"}],"curies":[{"name":"wp","href":"https:\/\/api.w.org\/{rel}","templated":true}]}}