{"id":109069,"date":"2024-10-03T11:55:09","date_gmt":"2024-10-03T16:55:09","guid":{"rendered":"https:\/\/www.noticiasperfil.com\/index\/?p=109069"},"modified":"2024-10-03T11:55:09","modified_gmt":"2024-10-03T16:55:09","slug":"anuncia-presidenta-sheinbaum-reformas-para-garantizar-derechos-y-apoyos-a-mujeres","status":"publish","type":"post","link":"https:\/\/www.noticiasperfil.com\/index\/2024\/10\/03\/anuncia-presidenta-sheinbaum-reformas-para-garantizar-derechos-y-apoyos-a-mujeres\/","title":{"rendered":"Anuncia presidenta Sheinbaum reformas para garantizar derechos y apoyos a mujeres"},"content":{"rendered":"<p><img loading=\"lazy\" decoding=\"async\" data-attachment-id=\"109070\" data-permalink=\"https:\/\/www.noticiasperfil.com\/index\/2024\/10\/03\/anuncia-presidenta-sheinbaum-reformas-para-garantizar-derechos-y-apoyos-a-mujeres\/claudia-sheinbaum-30\/\" data-orig-file=\"https:\/\/i0.wp.com\/www.noticiasperfil.com\/index\/wp-content\/uploads\/2024\/10\/claudia-sheinbaum-1.jpg?fit=2048%2C1364&amp;ssl=1\" data-orig-size=\"2048,1364\" data-comments-opened=\"1\" data-image-meta=\"{&quot;aperture&quot;:&quot;0&quot;,&quot;credit&quot;:&quot;&quot;,&quot;camera&quot;:&quot;&quot;,&quot;caption&quot;:&quot;&quot;,&quot;created_timestamp&quot;:&quot;0&quot;,&quot;copyright&quot;:&quot;&quot;,&quot;focal_length&quot;:&quot;0&quot;,&quot;iso&quot;:&quot;0&quot;,&quot;shutter_speed&quot;:&quot;0&quot;,&quot;title&quot;:&quot;&quot;,&quot;orientation&quot;:&quot;0&quot;}\" data-image-title=\"claudia-sheinbaum\" data-image-description=\"\" data-medium-file=\"https:\/\/i0.wp.com\/www.noticiasperfil.com\/index\/wp-content\/uploads\/2024\/10\/claudia-sheinbaum-1.jpg?fit=660%2C365&amp;ssl=1\" data-large-file=\"https:\/\/i0.wp.com\/www.noticiasperfil.com\/index\/wp-content\/uploads\/2024\/10\/claudia-sheinbaum-1.jpg?fit=640%2C366&amp;ssl=1\" class=\"aligncenter size-full wp-image-109070\" src=\"https:\/\/i0.wp.com\/www.noticiasperfil.com\/index\/wp-content\/uploads\/2024\/10\/claudia-sheinbaum-1.jpg?resize=640%2C426&#038;ssl=1\" alt=\"\" width=\"640\" height=\"426\" srcset=\"https:\/\/i0.wp.com\/www.noticiasperfil.com\/index\/wp-content\/uploads\/2024\/10\/claudia-sheinbaum-1.jpg?w=2048&amp;ssl=1 2048w, https:\/\/i0.wp.com\/www.noticiasperfil.com\/index\/wp-content\/uploads\/2024\/10\/claudia-sheinbaum-1.jpg?resize=1536%2C1023&amp;ssl=1 1536w, https:\/\/i0.wp.com\/www.noticiasperfil.com\/index\/wp-content\/uploads\/2024\/10\/claudia-sheinbaum-1.jpg?w=1280&amp;ssl=1 1280w, https:\/\/i0.wp.com\/www.noticiasperfil.com\/index\/wp-content\/uploads\/2024\/10\/claudia-sheinbaum-1.jpg?w=1920&amp;ssl=1 1920w\" sizes=\"auto, (max-width: 640px) 100vw, 640px\" data-recalc-dims=\"1\" \/><\/p>\n<p>Ciudad de M\u00e9xico.- Con el objetivo de garantizar la igualdad sustantiva desde la administraci\u00f3n p\u00fablica, la presidenta Claudia Sheinbaum anunci\u00f3 la presentaci\u00f3n de un paquete de reformas a seis art\u00edculos constitucionales y siete leyes secundarias, que ser\u00e1n remitidas al Senado de la Rep\u00fablica como C\u00e1mara de origen.<\/p>\n<p>Al presentar el proyecto, la secretaria de las Mujeres, Citlalli Hern\u00e1ndez, detall\u00f3 que estos cambios normativos incluyen medidas de protecci\u00f3n en materia de violencia digital, para frenar la violencia vicaria, para fijar la perspectiva de g\u00e9nero en la impartici\u00f3n de justicia.<\/p>\n<p>La consejera jur\u00eddica, Ernestina Godoy, destaca que con estas reformas se fija que desde la administraci\u00f3n p\u00fablica se luchar\u00e1 para garantizar que \u00ablas mujeres tengamos los instrumentos jur\u00eddicos para hacer valer nuestros derechos\u00bb.<\/p>\n<p>Parte de esto ser\u00e1 la creaci\u00f3n del Registro Nacional de Medidas de Protecci\u00f3n, que se cuente con Fiscal\u00edas de investigaci\u00f3n por delitos en raz\u00f3n de g\u00e9nero y la emisi\u00f3n de una Cartilla de los derechos de las mujeres, que ser\u00e1 redactada por las expertas jur\u00eddicas y en derechos humanos Angela Guerrero Alc\u00e1ntara, Karla Michel Salas, Frin\u00e9 Salguero y Frida Hyadi D\u00edaz Gonz\u00e1lez.<\/p>\n<p>Sobre esto, la mandataria subraya que el objetivo de crear la Cartilla es que el pr\u00f3ximo a\u00f1o lleguen a todas las mexicanas para que reconozcan sus derechos y sepan c\u00f3mo defenderlos. Como parte de esto, se\u00f1al\u00f3 que tambi\u00e9n habr\u00e1 una red de mujeres para \u00abprotegernos\u00bb.<\/p>\n<p>En otro punto, se presentaron los detalles para poner en marcha el Programa del Bienestar para las Mujeres Adultas Mayores.<\/p>\n<p>La secretaria del Bienestar, Ariadna Montiel, detall\u00f3 que las beneficiarias ser\u00e1n aquellas entre 60 y 64 a\u00f1os para que reciban el apoyo econ\u00f3mico a partir de 2025, a\u00f1o en el que ser\u00e1 universal para las comunidades ind\u00edgenas.<\/p>\n<p>Anunci\u00f3 que el registro inicia el lunes y termina el 30 de noviembre* por medio de los m\u00f3dulos cuya ubicaci\u00f3n se podr\u00e1 localizar en la p\u00e1gina del bienestar.<\/p>\n<p>Para la inscripci\u00f3n a este programa se solicitar\u00e1 una identificaci\u00f3n oficial, acta de nacimiento, CURP reciente, comprobante de domicilio, n\u00famero telef\u00f3nico, formato de solicitud firmada.<\/p>\n<p>El pago de 3,000 bimestrales ser\u00e1 por medio de las tarjetas del Bienestar y comenzar\u00e1 la dispersi\u00f3n del recurso en enero.<\/p>\n<p>&nbsp;<\/p>\n<p><em>Con informaci\u00f3n de La Raz\u00f3n.<\/em><\/p>\n","protected":false},"excerpt":{"rendered":"<p>Ciudad de M\u00e9xico.- Con el objetivo de garantizar la igualdad sustantiva desde la administraci\u00f3n p\u00fablica, la presidenta Claudia Sheinbaum anunci\u00f3 la presentaci\u00f3n de un paquete de reformas a seis art\u00edculos constitucionales y siete leyes secundarias, que ser\u00e1n remitidas al Senado de la Rep\u00fablica como C\u00e1mara de origen. Al presentar el proyecto, la secretaria de las Mujeres, Citlalli Hern\u00e1ndez, detall\u00f3 que estos cambios normativos incluyen medidas de protecci\u00f3n en materia de violencia digital, para frenar la violencia vicaria, para fijar la perspectiva de g\u00e9nero en la impartici\u00f3n de justicia. La consejera&hellip;<\/p>\n","protected":false},"author":1,"featured_media":109070,"comment_status":"open","ping_status":"closed","sticky":false,"template":"","format":"standard","meta":{"footnotes":""},"categories":[3,7],"tags":[10172],"class_list":["post-109069","post","type-post","status-publish","format-standard","has-post-thumbnail","hentry","category-destacadas","category-nacional","tag-claudia-sheinbaum-pardo"],"jetpack-related-posts":[],"_links":{"self":[{"href":"https:\/\/www.noticiasperfil.com\/index\/wp-json\/wp\/v2\/posts\/109069","targetHints":{"allow":["GET"]}}],"collection":[{"href":"https:\/\/www.noticiasperfil.com\/index\/wp-json\/wp\/v2\/posts"}],"about":[{"href":"https:\/\/www.noticiasperfil.com\/index\/wp-json\/wp\/v2\/types\/post"}],"author":[{"embeddable":true,"href":"https:\/\/www.noticiasperfil.com\/index\/wp-json\/wp\/v2\/users\/1"}],"replies":[{"embeddable":true,"href":"https:\/\/www.noticiasperfil.com\/index\/wp-json\/wp\/v2\/comments?post=109069"}],"version-history":[{"count":1,"href":"https:\/\/www.noticiasperfil.com\/index\/wp-json\/wp\/v2\/posts\/109069\/revisions"}],"predecessor-version":[{"id":109071,"href":"https:\/\/www.noticiasperfil.com\/index\/wp-json\/wp\/v2\/posts\/109069\/revisions\/109071"}],"wp:featuredmedia":[{"embeddable":true,"href":"https:\/\/www.noticiasperfil.com\/index\/wp-json\/wp\/v2\/media\/109070"}],"wp:attachment":[{"href":"https:\/\/www.noticiasperfil.com\/index\/wp-json\/wp\/v2\/media?parent=109069"}],"wp:term":[{"taxonomy":"category","embeddable":true,"href":"https:\/\/www.noticiasperfil.com\/index\/wp-json\/wp\/v2\/categories?post=109069"},{"taxonomy":"post_tag","embeddable":true,"href":"https:\/\/www.noticiasperfil.com\/index\/wp-json\/wp\/v2\/tags?post=109069"}],"curies":[{"name":"wp","href":"https:\/\/api.w.org\/{rel}","templated":true}]}}