{"id":109074,"date":"2024-10-03T12:15:12","date_gmt":"2024-10-03T17:15:12","guid":{"rendered":"https:\/\/www.noticiasperfil.com\/index\/?p=109074"},"modified":"2024-10-03T12:15:12","modified_gmt":"2024-10-03T17:15:12","slug":"sheinbaum-bajita-la-mano-comenzo-a-deslindarse-de-amlo","status":"publish","type":"post","link":"https:\/\/www.noticiasperfil.com\/index\/2024\/10\/03\/sheinbaum-bajita-la-mano-comenzo-a-deslindarse-de-amlo\/","title":{"rendered":"Sheinbaum, bajita la mano, \u00bfcomenz\u00f3 a deslindarse de AMLO?"},"content":{"rendered":"<p><img loading=\"lazy\" decoding=\"async\" class=\"aligncenter size-full wp-image-93555\" src=\"https:\/\/i0.wp.com\/www.noticiasperfil.com\/index\/wp-content\/uploads\/2022\/10\/prosa-aprisa.jpg?resize=480%2C270&#038;ssl=1\" alt=\"\" width=\"480\" height=\"270\" data-recalc-dims=\"1\" \/><\/p>\n<p><strong>Prosa Aprisa\/Por Arturo Reyes Isidoro.<\/strong><\/p>\n<p>Mmm. Tres cosas m\u00e1s me llamaron la atenci\u00f3n en los discursos inaugurales de Claudia Sheinbaum como presidenta.<\/p>\n<p>Luego de rendir protesta en el Congreso, anunci\u00f3 que su gobierno continuar\u00e1 con el Humanismo Mexicano. Resumi\u00f3 los que consider\u00f3 10 de sus principales principios.<\/p>\n<p>En el 9, expres\u00f3 que la pol\u00edtica se hace con amor no con odio. \u00bfWhat? \u00bfEs que acaso con ello descalific\u00f3 a L\u00f3pez Obrador, quien polariz\u00f3 a la poblaci\u00f3n mexicana por las frustraciones y los deseos de venganza con los que lleg\u00f3 a gobernar, y nunca pudo superar?<\/p>\n<p>En cadena nacional, ya a minutos de su despedida, los mexicanos vimos la forma grosera en que Andr\u00e9s Manuel ignor\u00f3, y no salud\u00f3, a la presidenta de la Suprema Corte de Justicia de la Naci\u00f3n, Norma Pi\u00f1a. Nunca le perdon\u00f3 que no se le sometiera ni se le rindiera a sus pies. Ni porque se trataba de una mujer. Claudia, en cambio, no solo la salud\u00f3, sino que tambi\u00e9n le dio un abrazo.<\/p>\n<p>Necesariamente me hizo aterrizar en Veracruz. Como consecuencia de lo que dijo la presidenta, \u00bfentonces la gobernadora Roc\u00edo Nahle har\u00e1 pol\u00edtica con amor, no con odio, esto es, terminar\u00e1 fundida en un abrazo con Miguel \u00c1ngel Yunes M\u00e1rquez?<\/p>\n<p>Por la tarde del martes, en el Z\u00f3calo, hizo otro anuncio que, analiz\u00e1ndolo en forma detenida, impl\u00edcitamente fue un desacuerdo con el ahora expresidente, su mentor pol\u00edtico.<\/p>\n<p>Al anunciar que se crear\u00e1n las Farmacias del Bienestar y que se ubicar\u00e1n al lado de las sucursales del Banco del Bienestar, autom\u00e1ticamente reprob\u00f3 la creaci\u00f3n de la Megafarmacia del Bienestar, de su antecesor, que comenz\u00f3 a operar a finales de 2023 y casi de inmediato result\u00f3 un enorme fracaso. Eso indica tambi\u00e9n que va a corregir lo que estuvo mal, lo cual es bueno.<\/p>\n<p>En este caso, tambi\u00e9n la gobernadora Nahle tendr\u00e1 que apoyar dando todas las facilidades para las farmacias en el estado, a cambio de lo que le van a ahorrar en lugar de las \u201cCamionetitas de Salud\u201d que anunci\u00f3 en mayo pasado como candidata. Roc\u00edo dijo entonces que todos los d\u00edas saldr\u00edan \u201ccamionetitas\u201d a repartir medicamentos a todos los hospitales y cl\u00ednicas de la entidad, para garantizar su entrega a quienes los necesitan.<\/p>\n<p>Era tanto el ruidero de los fan\u00e1ticos de L\u00f3pez Obrador y los aplausos de los posesos de Sheinbaum, que detalles como esos se perdieron. Pero lo dijo. Cuando habl\u00f3 de amor y no de odio, fue una forma de desmarcarse en la forma personal de gobernar de Andr\u00e9s Manuel, y cuando cit\u00f3 lo de las farmacias, fue una forma de corregir y hacer las cosas bien, o mejor.<\/p>\n<p>Pero mencion\u00f3 una cosa m\u00e1s: \u201cLas y los gobernantes debemos ser honrados y honestos\u201d. Se\u00f1al\u00f3 que el uso de las estructuras de gobierno para el beneficio personal o de un grupo ensucia el servicio p\u00fablico, y que la corrupci\u00f3n debe combatirse por \u00e9tica y por principios.<\/p>\n<p>\u00bfEs que se trat\u00f3 de una indirecta al, ya para ese momento, expresidente por las acusaciones de corrupci\u00f3n en contra de sus hijos Jos\u00e9 Ram\u00f3n, Andr\u00e9s Manuel y Gonzalo Alfonso, y por sus socios, o c\u00f3mplices, de los cuales dio nombres y detalles Carlos Loret de Mola?<\/p>\n<p>Ni modos, vuelvo a lo mismo, pero tomo el mejor ejemplo que tengo a la mano de abuso de poder en Veracruz. Cuitl\u00e1huac us\u00f3 la estructura de gobierno para beneficiar a su hermano Tonatiuh, cedi\u00e9ndole equipo de RTV para un proyecto personal, y benefici\u00f3 a su grupo familiar encabezado por su primo Eleazar Guerrero P\u00e9rez y su presunta media hermana Dorheny Garc\u00eda Cayetano. Sin duda, ensuciaron el servicio p\u00fablico.<\/p>\n<p>Sheinbaum ha recibido muchas cr\u00edticas porque buena parte de su mensaje en San L\u00e1zaro lo dedic\u00f3 a ensalzar a L\u00f3pez Obrador. \u00bfY si fue a prop\u00f3sito para dejar constancia de su agradecimiento, que no la acusaran de mal agradecida, pero tambi\u00e9n el punto de partida de su deslinde de \u00e9l?<\/p>\n<p>Solo el paso del tiempo nos lo dir\u00e1, pero lo que dijo, que comento, lleva algo de eso.<\/p>\n<p>\u00bfEn su discurso inaugural, dentro de menos de 60 d\u00edas, Roc\u00edo Nahle dir\u00e1 lo que piensa, ya como gobernadora constitucional, aunque disienta o repruebe lo que hizo y como lo hizo Cuitl\u00e1huac Garc\u00eda, incluso para deslindarse de \u00e9l y de todo su grupo?<\/p>\n<p><strong>\u00bfAhora Fernando Yunes M\u00e1rquez va tambi\u00e9n rumbo a Morena?<\/strong><\/p>\n<p>La informaci\u00f3n la public\u00f3 el portal de la agencia AVC Noticias: el ya casi diputado local Fernando Yunes M\u00e1rquez renunci\u00f3 a la Comisi\u00f3n Permanente y al Consejo Estatal del PAN.<\/p>\n<p>\u00bfEs que acaso es ya el inicio de su despegue del que todav\u00eda es su partido, para enfilarse rumbo a las filas de Morena?<\/p>\n<p>La dirigencia estatal nunca inform\u00f3 qui\u00e9nes fueron los consejeros que renunciaron, pero todo indica que fueron los allegados a la familia Yunes Linares-M\u00e1rquez, entre ellos Indira Rosales San Rom\u00e1n, tambi\u00e9n inminente diputada local, quien renunci\u00f3 a la secretar\u00eda general del CDE y en su lugar fue nombrada Andrea Vanessa Mart\u00ednez Galicia.<\/p>\n<p>\u00bfPor qu\u00e9 renunciar a posiciones privilegiadas dentro de la dirigencia estatal? La \u00fanica explicaci\u00f3n posible es porque piensan brincarse al barco guinda, que ahora tiene todo el poder pol\u00edtico y tendr\u00e1 la mayor\u00eda simple y la calificada en el Congreso local.<\/p>\n<p><strong>La Contralor\u00eda estatal sigue siendo un florero; solo est\u00e1 de adorno<\/strong><\/p>\n<p>Al gobernador Cuitl\u00e1huac Garc\u00eda Jim\u00e9nez le incomod\u00f3 que el \u00d3rgano de Fiscalizaci\u00f3n Superior de Veracruz (ORFIS) le hizo observaciones a su gobierno por el manejo financiero de 275 millones 349 mil 350 pesos, de la Cuenta P\u00fablica de 2023.<\/p>\n<p>Acus\u00f3 al organismo, que encabeza la maestra Delia Gonz\u00e1lez Cobos, de que en algunas observaciones \u201cse le va la mano\u201d, y puso como ejemplo un puente que, dijo, aunque ya hab\u00eda sido concluido no hab\u00eda sido inaugurado, por lo que se le observ\u00f3 un da\u00f1o patrimonial por 30 millones de pesos.<\/p>\n<p>Pamplina. La tarea fundamental del ORFIS es vigilar que los recursos se apliquen de manera correcta, para lo cual revisa y fiscaliza las acciones de los tres Poderes del Estado en materia de fondos, recursos locales y deuda p\u00fablica, no estar pendiente de si ya se inaugur\u00f3 una obra.<\/p>\n<p>Si observ\u00f3 es porque hall\u00f3 anomal\u00edas, inconsistencias, cifras que no cuadran, falta de documentaci\u00f3n que avale y sustente el manejo de los recursos, documentaci\u00f3n falsa o alterada, etc\u00e9tera.<\/p>\n<p>Pero no hubiera habido observaciones si los contralores internos de la SIOP, Sedema, Sedarpa y Comunicaci\u00f3n Social hubieran hecho su trabajo, hubieran fiscalizado el manejo de recursos y hubieran reportado las anomal\u00edas a la Contralor\u00eda General del Estado, para que procediera en consecuencia. En el sexenio que est\u00e1 por terminar, las contralor\u00edas solo han estado de florero, para adorno, pero no sirven para nada.<\/p>\n<p>Qu\u00e9 bueno que a la titular del ORFIS \u201cse le va la mano\u201d, porque entonces eso garantiza que se fiscalizan con celo los recursos de los veracruzanos, y el se\u00f1alamiento del gobernador es un buen testimonio de que el organismo s\u00ed cumple con su funci\u00f3n, lo que en cambio no hace la Contralor\u00eda de su gobierno.<\/p>\n<p>Cuitl\u00e1huac se quiso justificar declarando que \u201cno somos impecables\u201d, o sea, \u00bfno son correctos, intachables, limpios, pulcros, impolutos, irreprochables, que todo eso significa el t\u00e9rmino impecable?<\/p>\n<p><strong>Roc\u00edo, ya en funciones de gobernadora<\/strong><\/p>\n<p>Mientras que el gobernador Cuitl\u00e1huac Garc\u00eda Jim\u00e9nez se concret\u00f3 ayer a dar una conferencia de prensa en el palacio de gobierno, o sea, pr\u00e1cticamente a no hacer nada de provecho para Veracruz, la gobernadora electa, Roc\u00edo Nahle se reuni\u00f3 en Orizaba con autoridades de esa ciudad, empresarios y representantes de la sociedad civil para revisar temas de infraestructura de la zona de C\u00f3rdoba y Orizaba.<\/p>\n<p>O sea, est\u00e1 trabajando, y con hechos, por lo menos hasta ahora, muestra que est\u00e1 tomando en cuenta a todos. Ella, como Sheinbaum, ha dicho que va a gobernar para todos, sin distinci\u00f3n alguna. A la importante reuni\u00f3n la acompa\u00f1\u00f3 el futuro secretario de Gobierno, Ricardo Ahued.<\/p>\n<p>El \u00fanico detalle es que no tiene equipo de prensa profesional. La \u00fanica foto que subi\u00f3 en su cuenta de las redes sociales es muy mala. Le urge un buen fot\u00f3grafo, profesional.<\/p>\n<p>&nbsp;<\/p>\n","protected":false},"excerpt":{"rendered":"<p>Prosa Aprisa\/Por Arturo Reyes Isidoro. Mmm. Tres cosas m\u00e1s me llamaron la atenci\u00f3n en los discursos inaugurales de Claudia Sheinbaum como presidenta. Luego de rendir protesta en el Congreso, anunci\u00f3 que su gobierno continuar\u00e1 con el Humanismo Mexicano. Resumi\u00f3 los que consider\u00f3 10 de sus principales principios. En el 9, expres\u00f3 que la pol\u00edtica se hace con amor no con odio. \u00bfWhat? \u00bfEs que acaso con ello descalific\u00f3 a L\u00f3pez Obrador, quien polariz\u00f3 a la poblaci\u00f3n mexicana por las frustraciones y los deseos de venganza con los que lleg\u00f3 a&hellip;<\/p>\n","protected":false},"author":1,"featured_media":0,"comment_status":"open","ping_status":"closed","sticky":false,"template":"","format":"standard","meta":{"footnotes":""},"categories":[8,10],"tags":[112],"class_list":["post-109074","post","type-post","status-publish","format-standard","hentry","category-opinion","category-prosa-aprisa","tag-arturo-reyes-isidoro"],"jetpack-related-posts":[],"_links":{"self":[{"href":"https:\/\/www.noticiasperfil.com\/index\/wp-json\/wp\/v2\/posts\/109074","targetHints":{"allow":["GET"]}}],"collection":[{"href":"https:\/\/www.noticiasperfil.com\/index\/wp-json\/wp\/v2\/posts"}],"about":[{"href":"https:\/\/www.noticiasperfil.com\/index\/wp-json\/wp\/v2\/types\/post"}],"author":[{"embeddable":true,"href":"https:\/\/www.noticiasperfil.com\/index\/wp-json\/wp\/v2\/users\/1"}],"replies":[{"embeddable":true,"href":"https:\/\/www.noticiasperfil.com\/index\/wp-json\/wp\/v2\/comments?post=109074"}],"version-history":[{"count":1,"href":"https:\/\/www.noticiasperfil.com\/index\/wp-json\/wp\/v2\/posts\/109074\/revisions"}],"predecessor-version":[{"id":109075,"href":"https:\/\/www.noticiasperfil.com\/index\/wp-json\/wp\/v2\/posts\/109074\/revisions\/109075"}],"wp:attachment":[{"href":"https:\/\/www.noticiasperfil.com\/index\/wp-json\/wp\/v2\/media?parent=109074"}],"wp:term":[{"taxonomy":"category","embeddable":true,"href":"https:\/\/www.noticiasperfil.com\/index\/wp-json\/wp\/v2\/categories?post=109074"},{"taxonomy":"post_tag","embeddable":true,"href":"https:\/\/www.noticiasperfil.com\/index\/wp-json\/wp\/v2\/tags?post=109074"}],"curies":[{"name":"wp","href":"https:\/\/api.w.org\/{rel}","templated":true}]}}