{"id":109078,"date":"2024-10-03T12:24:14","date_gmt":"2024-10-03T17:24:14","guid":{"rendered":"https:\/\/www.noticiasperfil.com\/index\/?p=109078"},"modified":"2024-10-03T12:24:14","modified_gmt":"2024-10-03T17:24:14","slug":"las-razones-contra-cuitlahuac","status":"publish","type":"post","link":"https:\/\/www.noticiasperfil.com\/index\/2024\/10\/03\/las-razones-contra-cuitlahuac\/","title":{"rendered":"Las razones contra Cuitl\u00e1huac"},"content":{"rendered":"<p><img loading=\"lazy\" decoding=\"async\" class=\"aligncenter size-full wp-image-93561\" src=\"https:\/\/i1.wp.com\/www.noticiasperfil.com\/index\/wp-content\/uploads\/2022\/10\/punto-de-vista.jpg?resize=600%2C396&#038;ssl=1\" alt=\"\" width=\"600\" height=\"396\" data-recalc-dims=\"1\" \/><\/p>\n<p><strong>Punto de Vista\/Por Filiberto Vargas Rodr\u00edguez.<\/strong><\/p>\n<p><strong>Prefacio.<\/strong><\/p>\n<p>\u00a1Qu\u00e9 bueno que la impresi\u00f3n del gobernador sobre el desempe\u00f1o del \u00d3rgano de Fiscalizaci\u00f3n Superior (Orfis) es que \u201ca veces se le pasa la mano\u201d! Grave ser\u00eda que acusara a ese organismo de omiso o pasivo. *** En su papel de docente, el gobernador trata de ser muy did\u00e1ctico en sus respuestas y al hablar de las observaciones de presunto da\u00f1o patrimonial, puso como ejemplo que, si un puente cuya construcci\u00f3n cost\u00f3 30 millones de pesos, pero no fue entregado en el tiempo estipulado (\u201ca veces porque los pobladores de la zona quieren esperar a que yo vaya a inaugurarlo\u201d), entonces el Orfis se\u00f1ala los 30 millones de pesos como da\u00f1o patrimonial. *** Alguien debi\u00f3 explicarle que no es al Orfis al que se le pasa la mano, sino a las leyes que imponen tal disciplina financiera. *** Esas mismas leyes instruyen a la Secretar\u00eda de Finanzas para que notifique a la Secretar\u00eda de Hacienda sobre cambios en la fuente de pagos de los pasivos. El eficiente funcionario que tiene al frente de esa \u00e1rea no cumpli\u00f3 con esa obligaci\u00f3n, lo que provoc\u00f3 que la dependencia federal tuviera cifras diferentes en materia de deuda p\u00fablica que las que present\u00f3 el gobierno estatal. *** Pudieran parecer nimiedades, pero significan muchos millones de pesos que de pronto no aparecen en la contabilidad.<\/p>\n<p><strong>* * *<\/strong><\/p>\n<p>Cuenta una versi\u00f3n surgida en la capital del pa\u00eds, que la tardanza de Claudia Sheinbaum para anunciar el cargo que habr\u00eda de ofrecerle a Cuitl\u00e1huac Garc\u00eda no obedece -como lo ha contado el propio gobernador de Veracruz- a una \u201cpetici\u00f3n personal\u201d para participar en el relevo del gobierno estatal, el primero de diciembre.<\/p>\n<p>Tampoco se tratar\u00eda -seg\u00fan esta nueva historia- de que no hayan encontrado un espacio que satisfaga tanto a la nueva presidente, como al gobernador veracruzano.<\/p>\n<p>Cuentan que, en efecto, a Cuitl\u00e1huac Garc\u00eda se le hab\u00eda invitado para que encabezara la Comisi\u00f3n Nacional para el Uso Eficiente de Energ\u00edas, cargo que \u00e9l desde\u00f1\u00f3 y present\u00f3 una contrapropuesta: la embajada de M\u00e9xico en Cuba. La ahora presidente lo consult\u00f3 con L\u00f3pez Obrador y ambos coincidieron que esa no era la posici\u00f3n indicada.<\/p>\n<p>La nueva historia que ha surgido con referencia a Cuitl\u00e1huac Garc\u00eda refiere que, en acuerdo con el fundador y l\u00edder moral de Morena, el a\u00fan gobernador de Veracruz ser\u00eda una de las piezas a \u201csacrificar\u201d, para ratificar la \u201cvoluntad\u201d de la nueva presidente de combatir la corrupci\u00f3n.<\/p>\n<p>Dicen que buena parte de esa tarea le fue encomendada a la gobernadora electa, Roc\u00edo Nahle, quien desde la transici\u00f3n (el per\u00edodo entre el anuncio de su victoria y hasta que tome posesi\u00f3n) ha ido acumulando expedientes con los que llevar\u00edan al ingeniero Cuitl\u00e1huac Garc\u00eda a los tribunales.<\/p>\n<p>La estrategia ya es conocida en territorio veracruzano. Para el colmo de Roc\u00edo Nahle, el maestro en esa materia se llama Miguel \u00c1ngel Yunes Linares. Primero se generan expedientes de varios de los colaboradores de Cuitl\u00e1huac Garc\u00eda (como lo hizo Yunes con funcionarios del gobierno de Javier Duarte) y se les coloca en la disyuntiva: o aportan todo lo que sepan de los negocios del gobernador, o ser\u00e1n ellos -y sus familias- los que paguen las consecuencias.<\/p>\n<p>Es sorprendente -dicen- la disposici\u00f3n que han mostrado personajes que se dicen \u201ccuitlahuistas de hueso colorado\u201d para aportar informaci\u00f3n.<\/p>\n<p>Pero\u2026 \u00bfcu\u00e1l ser\u00eda la raz\u00f3n para que L\u00f3pez Obrador aceptara sacrificar a uno de sus m\u00e1s fervientes seguidores?<\/p>\n<p>Que Cuitl\u00e1huac Garc\u00eda se haya llenado las alforjas durante los seis a\u00f1os de su gesti\u00f3n, no parece ser motivo suficiente. Otros robaron m\u00e1s y a pesar de ello fueron blindados con el manto protector de la presidencia (y si no lo creen, revisen el caso de Ignacio Ovalle). No, la raz\u00f3n ser\u00eda a\u00fan m\u00e1s grave y tendr\u00eda que ver con el \u00fanico pecado que L\u00f3pez Obrador no perdona: la traici\u00f3n.<\/p>\n<p>\u00bfA qui\u00e9n traicion\u00f3? \u00bfEn qu\u00e9 momento? \u00bfQui\u00e9nes participaron? \u00bfC\u00f3mo lleg\u00f3 la informaci\u00f3n al presidente?<\/p>\n<p>Eso podr\u00eda ser tema de pr\u00f3ximas colaboraciones.<\/p>\n<p><strong>* * *<\/strong><\/p>\n<p><strong>Ep\u00edlogo.<\/strong><\/p>\n<p>La seguridad sigue siendo el principal pendiente del gobierno estatal que est\u00e1 por concluir. *** La tarde de este mi\u00e9rcoles fueron localizadas tres personas sin vida en el interior de una vivienda en el municipio de Perote. Eran dos hombres y una mujer, plenamente identificados. Sus cuerpos presentaban huellas de violencia. *** Apenas la semana pasada se registr\u00f3 la ejecuci\u00f3n de cuatro personas en Mart\u00ednez de la Torre y en la zona conurbada Veracruz-Boca del R\u00edo seis j\u00f3venes colombianas fueron privadas de la libertad por varias horas. *** No hay d\u00eda en el que no se reporte alg\u00fan crimen y las fuerzas de seguridad resultan ineficaces.<\/p>\n<p><a href=\"mailto:filivargas@gmail.com\">filivargas@gmail.com<\/a><\/p>\n","protected":false},"excerpt":{"rendered":"<p>Punto de Vista\/Por Filiberto Vargas Rodr\u00edguez. Prefacio. \u00a1Qu\u00e9 bueno que la impresi\u00f3n del gobernador sobre el desempe\u00f1o del \u00d3rgano de Fiscalizaci\u00f3n Superior (Orfis) es que \u201ca veces se le pasa la mano\u201d! Grave ser\u00eda que acusara a ese organismo de omiso o pasivo. *** En su papel de docente, el gobernador trata de ser muy did\u00e1ctico en sus respuestas y al hablar de las observaciones de presunto da\u00f1o patrimonial, puso como ejemplo que, si un puente cuya construcci\u00f3n cost\u00f3 30 millones de pesos, pero no fue entregado en el tiempo&hellip;<\/p>\n","protected":false},"author":1,"featured_media":0,"comment_status":"open","ping_status":"closed","sticky":false,"template":"","format":"standard","meta":{"footnotes":""},"categories":[8,4031],"tags":[4032],"class_list":["post-109078","post","type-post","status-publish","format-standard","hentry","category-opinion","category-punto-de-vista","tag-filiberto-vargas-rodriguez"],"jetpack-related-posts":[],"_links":{"self":[{"href":"https:\/\/www.noticiasperfil.com\/index\/wp-json\/wp\/v2\/posts\/109078","targetHints":{"allow":["GET"]}}],"collection":[{"href":"https:\/\/www.noticiasperfil.com\/index\/wp-json\/wp\/v2\/posts"}],"about":[{"href":"https:\/\/www.noticiasperfil.com\/index\/wp-json\/wp\/v2\/types\/post"}],"author":[{"embeddable":true,"href":"https:\/\/www.noticiasperfil.com\/index\/wp-json\/wp\/v2\/users\/1"}],"replies":[{"embeddable":true,"href":"https:\/\/www.noticiasperfil.com\/index\/wp-json\/wp\/v2\/comments?post=109078"}],"version-history":[{"count":1,"href":"https:\/\/www.noticiasperfil.com\/index\/wp-json\/wp\/v2\/posts\/109078\/revisions"}],"predecessor-version":[{"id":109079,"href":"https:\/\/www.noticiasperfil.com\/index\/wp-json\/wp\/v2\/posts\/109078\/revisions\/109079"}],"wp:attachment":[{"href":"https:\/\/www.noticiasperfil.com\/index\/wp-json\/wp\/v2\/media?parent=109078"}],"wp:term":[{"taxonomy":"category","embeddable":true,"href":"https:\/\/www.noticiasperfil.com\/index\/wp-json\/wp\/v2\/categories?post=109078"},{"taxonomy":"post_tag","embeddable":true,"href":"https:\/\/www.noticiasperfil.com\/index\/wp-json\/wp\/v2\/tags?post=109078"}],"curies":[{"name":"wp","href":"https:\/\/api.w.org\/{rel}","templated":true}]}}