{"id":109080,"date":"2024-10-03T14:17:52","date_gmt":"2024-10-03T19:17:52","guid":{"rendered":"https:\/\/www.noticiasperfil.com\/index\/?p=109080"},"modified":"2024-10-03T14:17:52","modified_gmt":"2024-10-03T19:17:52","slug":"claudia-sheinbaum-pardo-encabezara-aniversario-de-la-armada-de-mexico-anuncia-rocio-nahle","status":"publish","type":"post","link":"https:\/\/www.noticiasperfil.com\/index\/2024\/10\/03\/claudia-sheinbaum-pardo-encabezara-aniversario-de-la-armada-de-mexico-anuncia-rocio-nahle\/","title":{"rendered":"Claudia Sheinbaum Pardo encabezar\u00e1 aniversario de la Armada de M\u00e9xico anuncia Roc\u00edo Nahle"},"content":{"rendered":"<p><img loading=\"lazy\" decoding=\"async\" data-attachment-id=\"109082\" data-permalink=\"https:\/\/www.noticiasperfil.com\/index\/2024\/10\/03\/claudia-sheinbaum-pardo-encabezara-aniversario-de-la-armada-de-mexico-anuncia-rocio-nahle\/rocio-nahle-garcia-31\/\" data-orig-file=\"https:\/\/i2.wp.com\/www.noticiasperfil.com\/index\/wp-content\/uploads\/2024\/10\/rocio-nahle-garcia.jpg?fit=1600%2C1200&amp;ssl=1\" data-orig-size=\"1600,1200\" data-comments-opened=\"1\" data-image-meta=\"{&quot;aperture&quot;:&quot;0&quot;,&quot;credit&quot;:&quot;&quot;,&quot;camera&quot;:&quot;&quot;,&quot;caption&quot;:&quot;&quot;,&quot;created_timestamp&quot;:&quot;0&quot;,&quot;copyright&quot;:&quot;&quot;,&quot;focal_length&quot;:&quot;0&quot;,&quot;iso&quot;:&quot;0&quot;,&quot;shutter_speed&quot;:&quot;0&quot;,&quot;title&quot;:&quot;&quot;,&quot;orientation&quot;:&quot;0&quot;}\" data-image-title=\"rocio-nahle-garcia\" data-image-description=\"\" data-medium-file=\"https:\/\/i2.wp.com\/www.noticiasperfil.com\/index\/wp-content\/uploads\/2024\/10\/rocio-nahle-garcia.jpg?fit=660%2C365&amp;ssl=1\" data-large-file=\"https:\/\/i2.wp.com\/www.noticiasperfil.com\/index\/wp-content\/uploads\/2024\/10\/rocio-nahle-garcia.jpg?fit=640%2C366&amp;ssl=1\" class=\"aligncenter size-full wp-image-109082\" src=\"https:\/\/i2.wp.com\/www.noticiasperfil.com\/index\/wp-content\/uploads\/2024\/10\/rocio-nahle-garcia.jpg?resize=640%2C480&#038;ssl=1\" alt=\"\" width=\"640\" height=\"480\" srcset=\"https:\/\/i2.wp.com\/www.noticiasperfil.com\/index\/wp-content\/uploads\/2024\/10\/rocio-nahle-garcia.jpg?w=1600&amp;ssl=1 1600w, https:\/\/i2.wp.com\/www.noticiasperfil.com\/index\/wp-content\/uploads\/2024\/10\/rocio-nahle-garcia.jpg?resize=1536%2C1152&amp;ssl=1 1536w, https:\/\/i2.wp.com\/www.noticiasperfil.com\/index\/wp-content\/uploads\/2024\/10\/rocio-nahle-garcia.jpg?w=1280&amp;ssl=1 1280w\" sizes=\"auto, (max-width: 640px) 100vw, 640px\" data-recalc-dims=\"1\" \/><\/p>\n<p><em><strong>\u25cfSer\u00e1 su primera visita a Veracruz como Presidenta de M\u00e9xico.<br \/>\n\u25cfLa Tercera Regi\u00f3n Naval invita a conmemorar el Bicentenario de la Promulgaci\u00f3n de la Constituci\u00f3n Pol\u00edtica de los Estados Unidos Mexicanos de 1824 y Creaci\u00f3n de la Armada de M\u00e9xico.<br \/>\n\u25cfEs una ceremonia vistosa, familiar y emblem\u00e1tica para nuestra historia y el Estado.<\/strong><\/em><\/p>\n<p>Este viernes 04 de octubre, Claudia Sheinbaum Pardo arribar\u00e1 a Veracruz puerto en su primera visita a la entidad en su calidad de Presidenta de M\u00e9xico y Comandanta de las Fuerzas Armadas para encabezar la conmemoraci\u00f3n del Bicentenario de la Promulgaci\u00f3n de la Constituci\u00f3n Pol\u00edtica de los Estados Unidos Mexicanos de 1824 y Creaci\u00f3n de la Armada de M\u00e9xico, confirm\u00f3 la gobernadora electa, Roc\u00edo Nahle Garc\u00eda.<\/p>\n<p>\u201cEl d\u00eda de ma\u00f1ana se tiene contemplado que ella asista a la celebraci\u00f3n de los 200 a\u00f1os de la Constituci\u00f3n de 1824, y tambi\u00e9n al festejo o aniversario (sic), vamos a estar acompa\u00f1\u00e1ndola y ser\u00e1 un gusto porque nuevamente la recibimos en Veracruz pero esta ser\u00e1 su primera visita como Presidenta de M\u00e9xico\u201d, apunt\u00f3.<\/p>\n<p>La Secretar\u00eda de Marina a trav\u00e9s de la Tercera Regi\u00f3n Naval realizar\u00e1 este 4 de octubre, el<br \/>\nBicentenario de la Promulgaci\u00f3n de la Constituci\u00f3n Pol\u00edtica de los Estados Unidos Mexicanos de 1824 y Creaci\u00f3n de la Armada de M\u00e9xico, por lo que como cada a\u00f1o invita a la ciudadan\u00eda en general a que asista a la ceremonia que tendr\u00e1 lugar en la Macroplaza del Malec\u00f3n del puerto de Veracruz a las 16:00 horas y posteriormente al desfile naval que partir\u00e1 desde este punto, transitar\u00e1 por el Boulevard Manuel \u00c1vila Camacho hasta llegar a la plaza de la Soberan\u00eda.<\/p>\n<p>Participar\u00e1 el personal naval representante de los diferentes cuerpos, servicios y escalas de las Fuerzas, Regiones y Zonas Navales, que abrir\u00e1n su paso con la bandera trigarante, conocida en el \u00e1mbito naval como \u201cTorrotito\u201d, acompa\u00f1ada por el gr\u00e1fico de los valores que distinguen al personal naval: Honor, Deber, Lealtad y Patriotismo.<\/p>\n<p>Los asistentes conocer\u00e1n la evoluci\u00f3n hist\u00f3rica de los uniformes de esta Instituci\u00f3n, usados a bordo de las unidades de superficie (barcos), as\u00ed como los actuales uniformes t\u00e1cticos, veh\u00edculos operativos y equipamiento del personal de Infanter\u00eda de Marina.<\/p>\n<p>El contingente del Sistema Educativo Naval estar\u00e1 integrado por Cadetes de la Heroica Escuela #Naval Militar, de la Escuela M\u00e9dico Naval y de la Escuela de Enfermer\u00eda Naval, as\u00ed como de los Alumnos del Centro de Formaci\u00f3n y Capacitaci\u00f3n de la Armada de M\u00e9xico, de las Escuelas N\u00e1uticas Mercantes del pa\u00eds, al igual que otras unidades y establecimientos de la Secretar\u00eda de Marina\u2013Armada de M\u00e9xico.<\/p>\n","protected":false},"excerpt":{"rendered":"<p>\u25cfSer\u00e1 su primera visita a Veracruz como Presidenta de M\u00e9xico. \u25cfLa Tercera Regi\u00f3n Naval invita a conmemorar el Bicentenario de la Promulgaci\u00f3n de la Constituci\u00f3n Pol\u00edtica de los Estados Unidos Mexicanos de 1824 y Creaci\u00f3n de la Armada de M\u00e9xico. \u25cfEs una ceremonia vistosa, familiar y emblem\u00e1tica para nuestra historia y el Estado. Este viernes 04 de octubre, Claudia Sheinbaum Pardo arribar\u00e1 a Veracruz puerto en su primera visita a la entidad en su calidad de Presidenta de M\u00e9xico y Comandanta de las Fuerzas Armadas para encabezar la conmemoraci\u00f3n del&hellip;<\/p>\n","protected":false},"author":1,"featured_media":109082,"comment_status":"open","ping_status":"closed","sticky":false,"template":"","format":"standard","meta":{"footnotes":""},"categories":[3,4],"tags":[3387],"class_list":["post-109080","post","type-post","status-publish","format-standard","has-post-thumbnail","hentry","category-destacadas","category-estatal","tag-rocio-nahle-garcia"],"jetpack-related-posts":[],"_links":{"self":[{"href":"https:\/\/www.noticiasperfil.com\/index\/wp-json\/wp\/v2\/posts\/109080","targetHints":{"allow":["GET"]}}],"collection":[{"href":"https:\/\/www.noticiasperfil.com\/index\/wp-json\/wp\/v2\/posts"}],"about":[{"href":"https:\/\/www.noticiasperfil.com\/index\/wp-json\/wp\/v2\/types\/post"}],"author":[{"embeddable":true,"href":"https:\/\/www.noticiasperfil.com\/index\/wp-json\/wp\/v2\/users\/1"}],"replies":[{"embeddable":true,"href":"https:\/\/www.noticiasperfil.com\/index\/wp-json\/wp\/v2\/comments?post=109080"}],"version-history":[{"count":1,"href":"https:\/\/www.noticiasperfil.com\/index\/wp-json\/wp\/v2\/posts\/109080\/revisions"}],"predecessor-version":[{"id":109083,"href":"https:\/\/www.noticiasperfil.com\/index\/wp-json\/wp\/v2\/posts\/109080\/revisions\/109083"}],"wp:featuredmedia":[{"embeddable":true,"href":"https:\/\/www.noticiasperfil.com\/index\/wp-json\/wp\/v2\/media\/109082"}],"wp:attachment":[{"href":"https:\/\/www.noticiasperfil.com\/index\/wp-json\/wp\/v2\/media?parent=109080"}],"wp:term":[{"taxonomy":"category","embeddable":true,"href":"https:\/\/www.noticiasperfil.com\/index\/wp-json\/wp\/v2\/categories?post=109080"},{"taxonomy":"post_tag","embeddable":true,"href":"https:\/\/www.noticiasperfil.com\/index\/wp-json\/wp\/v2\/tags?post=109080"}],"curies":[{"name":"wp","href":"https:\/\/api.w.org\/{rel}","templated":true}]}}