{"id":109093,"date":"2024-10-03T21:52:43","date_gmt":"2024-10-04T02:52:43","guid":{"rendered":"https:\/\/www.noticiasperfil.com\/index\/?p=109093"},"modified":"2024-10-03T21:52:43","modified_gmt":"2024-10-04T02:52:43","slug":"veracruz-en-el-corazon-y-proyecto-de-la-presidenta-claudia-sheinbaum-juan-javier-gomez-cazarin","status":"publish","type":"post","link":"https:\/\/www.noticiasperfil.com\/index\/2024\/10\/03\/veracruz-en-el-corazon-y-proyecto-de-la-presidenta-claudia-sheinbaum-juan-javier-gomez-cazarin\/","title":{"rendered":"Veracruz, en el coraz\u00f3n y proyecto de la presidenta Claudia Sheinbaum: Juan Javier G\u00f3mez Cazar\u00edn"},"content":{"rendered":"<p><img loading=\"lazy\" decoding=\"async\" data-attachment-id=\"109094\" data-permalink=\"https:\/\/www.noticiasperfil.com\/index\/2024\/10\/03\/veracruz-en-el-corazon-y-proyecto-de-la-presidenta-claudia-sheinbaum-juan-javier-gomez-cazarin\/juan-javier-gomez-cazarin-106\/\" data-orig-file=\"https:\/\/i1.wp.com\/www.noticiasperfil.com\/index\/wp-content\/uploads\/2024\/10\/juan-javier-gomez-cazarin.jpg?fit=577%2C531&amp;ssl=1\" data-orig-size=\"577,531\" data-comments-opened=\"1\" data-image-meta=\"{&quot;aperture&quot;:&quot;0&quot;,&quot;credit&quot;:&quot;&quot;,&quot;camera&quot;:&quot;&quot;,&quot;caption&quot;:&quot;&quot;,&quot;created_timestamp&quot;:&quot;0&quot;,&quot;copyright&quot;:&quot;&quot;,&quot;focal_length&quot;:&quot;0&quot;,&quot;iso&quot;:&quot;0&quot;,&quot;shutter_speed&quot;:&quot;0&quot;,&quot;title&quot;:&quot;&quot;,&quot;orientation&quot;:&quot;0&quot;}\" data-image-title=\"juan-javier-gomez-cazarin\" data-image-description=\"\" data-medium-file=\"https:\/\/i1.wp.com\/www.noticiasperfil.com\/index\/wp-content\/uploads\/2024\/10\/juan-javier-gomez-cazarin.jpg?fit=577%2C365&amp;ssl=1\" data-large-file=\"https:\/\/i1.wp.com\/www.noticiasperfil.com\/index\/wp-content\/uploads\/2024\/10\/juan-javier-gomez-cazarin.jpg?fit=577%2C480&amp;ssl=1\" class=\"aligncenter size-full wp-image-109094\" src=\"https:\/\/i1.wp.com\/www.noticiasperfil.com\/index\/wp-content\/uploads\/2024\/10\/juan-javier-gomez-cazarin.jpg?resize=577%2C531&#038;ssl=1\" alt=\"\" width=\"577\" height=\"531\" data-recalc-dims=\"1\" \/><\/p>\n<ul>\n<li><em><strong>Ser\u00e1 un encuentro muy emotivo; hace unos d\u00edas aqu\u00ed se despidi\u00f3 el ahora ex presidente L\u00f3pez Obrador y ma\u00f1ana se recibe a la primera mujer que dirige los destino de esta naci\u00f3n, expres\u00f3 el Legislador.<\/strong><\/em><\/li>\n<\/ul>\n<p>Xalapa, Ver.- El estado de Veracruz y su gente est\u00e1n muy presentes en el coraz\u00f3n y en el proyecto de la presidenta Claudia Sheinbaum Pardo. Su visita de este viernes a la macroplaza del puerto, sin duda, refrendar\u00e1 las primeras acciones de su gobierno a favor del desarrollo de la entidad y sus sectores productivos, expres\u00f3 el diputado Juan Javier G\u00f3mez Cazar\u00edn, presidente de la Junta de Coordinaci\u00f3n Pol\u00edtica (JUCOPO), del Congreso local.<\/p>\n<p>Su arribo a la entidad en su cuarto d\u00eda de mandato, destac\u00f3, es muy significativo para nuestro estado, no s\u00f3lo porque vendr\u00e1 a celebrar la creaci\u00f3n de la Marina Armada de M\u00e9xico y conmemorar el 200 aniversario de la Promulgaci\u00f3n de la Constituci\u00f3n de 1824, sino porque Veracruz est\u00e1 llamado a ser el detonante del desarrollo econ\u00f3mico, industrial y social del sureste mexicano.<\/p>\n<p>G\u00f3mez Cazar\u00edn destac\u00f3 que la presidenta Sheinbaum Pardo ha refrendado en diversos foros su compromiso con Veracruz, con los sectores productivos, el desarrollo de infraestructura carretera, el fortalecimiento de los programas sociales y el rescate de los trenes de pasajeros como motores del turismo y la econom\u00eda regional.<\/p>\n<p>\u201cEste sexenio apenas empieza, pero ya hay compromisos muy claros y precisos de la Presidenta de M\u00e9xico, quien, junto con Roc\u00edo Nahle, primera gobernadora de Veracruz, sumar\u00e1n esfuerzos para empezar a materializar cada uno\u201d, expres\u00f3.<\/p>\n<p>Nuestro estado, apunt\u00f3 G\u00f3mez Cazar\u00edn, ser\u00e1 la segunda entidad que la presidenta Sheinbaum visite; indudablemente ser\u00e1 un encuentro muy emotivo para el pueblo, porque hace unas semanas aqu\u00ed se despidi\u00f3 al entonces presidente Andr\u00e9s Manuel L\u00f3pez Obrador, y ahora se recibe a la primera mujer en dirigir los destinos de esta gran naci\u00f3n, a s\u00f3lo cuatro d\u00edas de rendir protesta.<\/p>\n<p>Record\u00f3 que Veracruz est\u00e1 en el coraz\u00f3n de la presidenta Claudia Sheinbaum, y ella se gan\u00f3 el cari\u00f1o y amor del pueblo jarocho, siendo el estado uno de los principales que respaldaron en las urnas su triunfo y la continuidad del segundo piso de la transformaci\u00f3n.<\/p>\n","protected":false},"excerpt":{"rendered":"<p>Ser\u00e1 un encuentro muy emotivo; hace unos d\u00edas aqu\u00ed se despidi\u00f3 el ahora ex presidente L\u00f3pez Obrador y ma\u00f1ana se recibe a la primera mujer que dirige los destino de esta naci\u00f3n, expres\u00f3 el Legislador. Xalapa, Ver.- El estado de Veracruz y su gente est\u00e1n muy presentes en el coraz\u00f3n y en el proyecto de la presidenta Claudia Sheinbaum Pardo. Su visita de este viernes a la macroplaza del puerto, sin duda, refrendar\u00e1 las primeras acciones de su gobierno a favor del desarrollo de la entidad y sus sectores productivos,&hellip;<\/p>\n","protected":false},"author":1,"featured_media":109094,"comment_status":"open","ping_status":"closed","sticky":false,"template":"","format":"standard","meta":{"footnotes":""},"categories":[3,4],"tags":[10172,4842],"class_list":["post-109093","post","type-post","status-publish","format-standard","has-post-thumbnail","hentry","category-destacadas","category-estatal","tag-claudia-sheinbaum-pardo","tag-juan-javier-gomez-cazarin"],"jetpack-related-posts":[],"_links":{"self":[{"href":"https:\/\/www.noticiasperfil.com\/index\/wp-json\/wp\/v2\/posts\/109093","targetHints":{"allow":["GET"]}}],"collection":[{"href":"https:\/\/www.noticiasperfil.com\/index\/wp-json\/wp\/v2\/posts"}],"about":[{"href":"https:\/\/www.noticiasperfil.com\/index\/wp-json\/wp\/v2\/types\/post"}],"author":[{"embeddable":true,"href":"https:\/\/www.noticiasperfil.com\/index\/wp-json\/wp\/v2\/users\/1"}],"replies":[{"embeddable":true,"href":"https:\/\/www.noticiasperfil.com\/index\/wp-json\/wp\/v2\/comments?post=109093"}],"version-history":[{"count":1,"href":"https:\/\/www.noticiasperfil.com\/index\/wp-json\/wp\/v2\/posts\/109093\/revisions"}],"predecessor-version":[{"id":109095,"href":"https:\/\/www.noticiasperfil.com\/index\/wp-json\/wp\/v2\/posts\/109093\/revisions\/109095"}],"wp:featuredmedia":[{"embeddable":true,"href":"https:\/\/www.noticiasperfil.com\/index\/wp-json\/wp\/v2\/media\/109094"}],"wp:attachment":[{"href":"https:\/\/www.noticiasperfil.com\/index\/wp-json\/wp\/v2\/media?parent=109093"}],"wp:term":[{"taxonomy":"category","embeddable":true,"href":"https:\/\/www.noticiasperfil.com\/index\/wp-json\/wp\/v2\/categories?post=109093"},{"taxonomy":"post_tag","embeddable":true,"href":"https:\/\/www.noticiasperfil.com\/index\/wp-json\/wp\/v2\/tags?post=109093"}],"curies":[{"name":"wp","href":"https:\/\/api.w.org\/{rel}","templated":true}]}}