{"id":109097,"date":"2024-10-04T13:49:12","date_gmt":"2024-10-04T18:49:12","guid":{"rendered":"https:\/\/www.noticiasperfil.com\/index\/?p=109097"},"modified":"2024-10-04T13:49:12","modified_gmt":"2024-10-04T18:49:12","slug":"ratifican-a-daisy-martinez-como-delegada-de-bienestar","status":"publish","type":"post","link":"https:\/\/www.noticiasperfil.com\/index\/2024\/10\/04\/ratifican-a-daisy-martinez-como-delegada-de-bienestar\/","title":{"rendered":"Ratifican a Daisy Mart\u00ednez como delegada de Bienestar"},"content":{"rendered":"<p><img loading=\"lazy\" decoding=\"async\" class=\"aligncenter size-full wp-image-93555\" src=\"https:\/\/i0.wp.com\/www.noticiasperfil.com\/index\/wp-content\/uploads\/2022\/10\/prosa-aprisa.jpg?resize=480%2C270&#038;ssl=1\" alt=\"\" width=\"480\" height=\"270\" data-recalc-dims=\"1\" \/><\/p>\n<p><strong>Prosa Aprisa\/Por Arturo Reyes Isidoro.<\/strong><\/p>\n<p>El Coordinador General de Programas para el Bienestar de la Presidencia de la Rep\u00fablica, Carlos Torres Rosas, despej\u00f3 la inc\u00f3gnita sobre quien estar\u00e1 a cargo de la titularidad de la delegaci\u00f3n en Veracruz.<\/p>\n<p>En un comentario en las redes sociales, oficializ\u00f3 a Daisy Lludmila Mart\u00ednez C\u00e1mara, quien desde el 12 de octubre del a\u00f1o pasado estuvo como encargada de despacho de la delegaci\u00f3n, tras la renuncia de su titular, el hoy senador Manuel Huerta, y en diciembre fue nombrada delegada.<\/p>\n<p>Hasta antes de llegar a la delegaci\u00f3n estatal, Mart\u00ednez C\u00e1mara era la delegada regional de Bienestar en Cosoleacaque y se le identifica con el extitular Manuel Huerta.<\/p>\n<p>La funcionaria es hija del se\u00f1or Lucas Mart\u00ednez Torres, originario de J\u00e1ltipan, quien es amigo personal del expresidente Andr\u00e9s Manuel L\u00f3pez Obrador, relaci\u00f3n que sirvi\u00f3 para que ella llegara al programa.<\/p>\n<p>El mi\u00e9rcoles, la nueva delegada, acompa\u00f1ada de los directores regionales de Bienestar en el estado, estuvo presente en la primera conferencia de la presidenta Sheinbaum, en el Palacio Nacional, en donde la titular del Ejecutivo federal pos\u00f3 en una foto con todos ellos.<\/p>\n<p>Daisy, como es conocida, es bien identificada por la secretaria de Bienestar, Ariadna Montiel Reyes, con or\u00edgenes en Chicontepec, porque el a\u00f1o pasado y parte del actual vivi\u00f3 varios meses en una casa de campa\u00f1a en Acapulco, encabezando a Servidores de la Naci\u00f3n de Veracruz, cuando trabajadores de Bienestar de todo el pa\u00eds, encabezados por la propia titular, acudieron en auxilio de los damnificados por el hurac\u00e1n Otis.<\/p>\n<p>La funcionaria veracruzana particip\u00f3 ayer en una reuni\u00f3n en la Ciudad de M\u00e9xico a la que asistieron todas las delegadas y los delegados del pa\u00eds, en la que acordaron redoblar esfuerzos para cumplir con la instrucci\u00f3n de la presidenta Claudia Sheinbaum de consolidar los programas ya existentes e iniciar con los que est\u00e1n por venir.<\/p>\n<p>En la reuni\u00f3n participaron tambi\u00e9n la secretaria de Gobernaci\u00f3n, Rosa Icela Rodr\u00edguez; la secretaria de Bienestar, Ariadna Montiel; la secretaria de Desarrollo Agrario, Territorial y Urbano, Edna Elena Vega; el secretario de Educaci\u00f3n P\u00fablica, Mario Delgado, y el director general del Instituto del Fondo Nacional de la Vivienda de los Trabajadores (INFONAVIT), Octavio Romero.<\/p>\n<p>La titularidad de la delegaci\u00f3n era uno de los cargos m\u00e1s codiciados por funcionarios salientes del gobierno de Cuitl\u00e1huac Garc\u00eda Jim\u00e9nez, as\u00ed como por personas que participaron en la campa\u00f1a de la gobernadora electa Roc\u00edo Nahle.<\/p>\n<p><strong>Roc\u00edo Nahle despachar\u00e1 en la Casa Veracruz<\/strong><\/p>\n<p>Movimiento de trabajadores se ha visto en las calles 24 de Febrero y Guillermo Prieto, de la colonia 2 de Abril, afuera de la Casa Veracruz en Xalapa, porque, seg\u00fan informaci\u00f3n dada al columnista, ah\u00ed despachar\u00e1 la gobernadora Roc\u00edo Nahle.<\/p>\n<p>Entre otras cosas, los trabajadores est\u00e1n reparando el empedrado, algunas de cuyas partes se ha hundido y las piedras se han separado de su base y est\u00e1n muy flojas, pero tambi\u00e9n est\u00e1n limpiando los exteriores.<\/p>\n<p>Seg\u00fan lo que se sabe, ir\u00e1 al palacio de gobierno para los actos protocolarios o para lo estrictamente necesario, pero atender\u00e1 en la colonia 2 de Abril. Pr\u00e1cticamente le dejar\u00e1 el palacio al secretario de Gobierno, Ricardo Ahued.<\/p>\n<p>El 1\u00ba de julio de 2016, el entonces gobernador Javier Duarte pretendi\u00f3 enajenar, a t\u00edtulo gratuito, la Casa Veracruz a favor de la Comisi\u00f3n Estatal de Derechos Humanos, para lo que envi\u00f3 una solicitud al Congreso del Estado.<\/p>\n<p>Lo que nunca trascendi\u00f3 es que lo hizo por un capricho de su entonces esposa, Karime Mac\u00edas, quien odiaba tanto a la familia Yunes Linares-M\u00e1rquez y trataba de impedir a toda costa que fuera a vivir ah\u00ed la se\u00f1ora Leticia M\u00e1rquez, esposa de Miguel \u00c1ngel Yunes Linares, quien acababa de ganar la gubernatura.<\/p>\n<p>Finalmente, no prosper\u00f3 lo que fue muy criticado entonces como un atentado al patrimonio de los veracruzanos.<\/p>\n<p>En la Casa Veracruz han vivido o han despachado ah\u00ed los gobernadores Fernando Guti\u00e9rrez Barrios, Dante Delgado Rannauro, Patricio Chirinos Calero, Miguel Alem\u00e1n Velasco, Fidel Herrera Beltr\u00e1n y Javier Duarte.<\/p>\n<p><strong>Sheinbaum encabezar\u00e1 este viernes desfile naval en el puerto<\/strong><\/p>\n<p>Cuatro d\u00edas despu\u00e9s de asumir la presidencia, Claudia Sheinbaum estar\u00e1 por primera vez en el puerto de Veracruz este viernes, para encabezar la celebraci\u00f3n del bicentenario de la promulgaci\u00f3n de la Constituci\u00f3n Federal de los Estados Unidos Mexicanos de 1824 y la creaci\u00f3n de la Marina-Armada de M\u00e9xico.<\/p>\n<p>Para el efecto, habr\u00e1 un desfile conmemorativo por la tarde en la Macroplaza del malec\u00f3n. Veracruz ser\u00e1 el segundo estado que visite, luego de que el mi\u00e9rcoles estuvo en Guerrero para coordinar el auxilio a los damnificados de Acapulco.<\/p>\n<p>Hay curiosidad por ver si la nueva presidenta instruye a la Secretar\u00eda de Marina para que inviten a la alcaldesa Patricia Lobeira, luego de que en su \u00faltima visita al puerto como presidente, Andr\u00e9s Manuel L\u00f3pez Obrador la ignor\u00f3.<\/p>\n<p><strong>Se cumpli\u00f3 la primera semana sin AMLO, \u00bfalguien lo extra\u00f1a?<\/strong><\/p>\n<p>Viene Sheinbaum este viernes al puerto, se ha organizado un gran desfile de la Marina, pero no se debe olvidar que es 4 de octubre, d\u00eda del Cordonazo de San Francisco, un fen\u00f3meno meteorol\u00f3gico relacionado con fuertes lluvias, vientos y tormentas el\u00e9ctricas, que normalmente en el puerto no falla.<\/p>\n<p>Ojal\u00e1 y no para que todo luzca, pero, \u00bfalguien, aparte de sus fan\u00e1ticos posesos, se acuerda de L\u00f3pez Obrador? Esta fue la primera semana que el pa\u00eds vivi\u00f3 sin \u00e9l, y con Claudia Sheinbaum el clima pol\u00edtico y social cambi\u00f3.<\/p>\n<p>En el estado, concluida esta, ya solo le quedan ocho semanas a Cuitl\u00e1huac en el gobierno. \u00bfCu\u00e1ntos lo extra\u00f1ar\u00e1n cuando se vaya del cargo?<\/p>\n<p><strong>Observ\u00f3 ORFIS faltante de 11 millones en el ITSX<\/strong><\/p>\n<p>Declar\u00f3 el gobernador Cuitl\u00e1huac Garc\u00eda Jim\u00e9nez el mi\u00e9rcoles que estar\u00e1 pendiente de que los entes se\u00f1alados por el ORFIS aclaren las observaciones, aunque habr\u00e1 que ver si no mete las manos por sus allegados.<\/p>\n<p>Por ejemplo, al Instituto Tecnol\u00f3gico Superior de Xalapa (ITSX) le detectaron en la Cuenta P\u00fablica 2023 un faltante por casi 11 millones de pesos, de cuando su director era el ingeniero Walter Luis Saiz Gonz\u00e1lez, maestro en su momento de Cuitl\u00e1huac, y a quien destituyeron se\u00f1alado por malos manejos.<\/p>\n<p>Durante su gesti\u00f3n en el ITSX realiz\u00f3 tres cambios en el \u00e1rea administrativa, porque, seg\u00fan recuerdan y se comenta en la instituci\u00f3n, nadie quer\u00eda firmar documentos que los pod\u00edan comprometer. El propio gobernador lo invit\u00f3 de la mejor forma a separarse del cargo, pero no le hizo caso, hasta que los estudiantes se levantaron en su contra y solo as\u00ed se fue.<\/p>\n","protected":false},"excerpt":{"rendered":"<p>Prosa Aprisa\/Por Arturo Reyes Isidoro. El Coordinador General de Programas para el Bienestar de la Presidencia de la Rep\u00fablica, Carlos Torres Rosas, despej\u00f3 la inc\u00f3gnita sobre quien estar\u00e1 a cargo de la titularidad de la delegaci\u00f3n en Veracruz. En un comentario en las redes sociales, oficializ\u00f3 a Daisy Lludmila Mart\u00ednez C\u00e1mara, quien desde el 12 de octubre del a\u00f1o pasado estuvo como encargada de despacho de la delegaci\u00f3n, tras la renuncia de su titular, el hoy senador Manuel Huerta, y en diciembre fue nombrada delegada. Hasta antes de llegar a&hellip;<\/p>\n","protected":false},"author":1,"featured_media":0,"comment_status":"open","ping_status":"closed","sticky":false,"template":"","format":"standard","meta":{"footnotes":""},"categories":[8,10],"tags":[112],"class_list":["post-109097","post","type-post","status-publish","format-standard","hentry","category-opinion","category-prosa-aprisa","tag-arturo-reyes-isidoro"],"jetpack-related-posts":[],"_links":{"self":[{"href":"https:\/\/www.noticiasperfil.com\/index\/wp-json\/wp\/v2\/posts\/109097","targetHints":{"allow":["GET"]}}],"collection":[{"href":"https:\/\/www.noticiasperfil.com\/index\/wp-json\/wp\/v2\/posts"}],"about":[{"href":"https:\/\/www.noticiasperfil.com\/index\/wp-json\/wp\/v2\/types\/post"}],"author":[{"embeddable":true,"href":"https:\/\/www.noticiasperfil.com\/index\/wp-json\/wp\/v2\/users\/1"}],"replies":[{"embeddable":true,"href":"https:\/\/www.noticiasperfil.com\/index\/wp-json\/wp\/v2\/comments?post=109097"}],"version-history":[{"count":1,"href":"https:\/\/www.noticiasperfil.com\/index\/wp-json\/wp\/v2\/posts\/109097\/revisions"}],"predecessor-version":[{"id":109098,"href":"https:\/\/www.noticiasperfil.com\/index\/wp-json\/wp\/v2\/posts\/109097\/revisions\/109098"}],"wp:attachment":[{"href":"https:\/\/www.noticiasperfil.com\/index\/wp-json\/wp\/v2\/media?parent=109097"}],"wp:term":[{"taxonomy":"category","embeddable":true,"href":"https:\/\/www.noticiasperfil.com\/index\/wp-json\/wp\/v2\/categories?post=109097"},{"taxonomy":"post_tag","embeddable":true,"href":"https:\/\/www.noticiasperfil.com\/index\/wp-json\/wp\/v2\/tags?post=109097"}],"curies":[{"name":"wp","href":"https:\/\/api.w.org\/{rel}","templated":true}]}}