{"id":109223,"date":"2024-10-14T12:09:22","date_gmt":"2024-10-14T17:09:22","guid":{"rendered":"https:\/\/www.noticiasperfil.com\/index\/?p=109223"},"modified":"2024-10-14T12:09:22","modified_gmt":"2024-10-14T17:09:22","slug":"el-campo-prioridad-en-mi-gobierno-garantiza-rocio-nahle","status":"publish","type":"post","link":"https:\/\/www.noticiasperfil.com\/index\/2024\/10\/14\/el-campo-prioridad-en-mi-gobierno-garantiza-rocio-nahle\/","title":{"rendered":"\u00abEl campo, prioridad en mi gobierno\u00bb, garantiza Roc\u00edo Nahle"},"content":{"rendered":"<p><img loading=\"lazy\" decoding=\"async\" data-attachment-id=\"109224\" data-permalink=\"https:\/\/www.noticiasperfil.com\/index\/2024\/10\/14\/el-campo-prioridad-en-mi-gobierno-garantiza-rocio-nahle\/rocio-nahle-01-72\/\" data-orig-file=\"https:\/\/i2.wp.com\/www.noticiasperfil.com\/index\/wp-content\/uploads\/2024\/10\/rocio-nahle-01.jpg?fit=1600%2C855&amp;ssl=1\" data-orig-size=\"1600,855\" data-comments-opened=\"1\" data-image-meta=\"{&quot;aperture&quot;:&quot;0&quot;,&quot;credit&quot;:&quot;&quot;,&quot;camera&quot;:&quot;&quot;,&quot;caption&quot;:&quot;&quot;,&quot;created_timestamp&quot;:&quot;0&quot;,&quot;copyright&quot;:&quot;&quot;,&quot;focal_length&quot;:&quot;0&quot;,&quot;iso&quot;:&quot;0&quot;,&quot;shutter_speed&quot;:&quot;0&quot;,&quot;title&quot;:&quot;&quot;,&quot;orientation&quot;:&quot;0&quot;}\" data-image-title=\"rocio-nahle-01\" data-image-description=\"\" data-medium-file=\"https:\/\/i2.wp.com\/www.noticiasperfil.com\/index\/wp-content\/uploads\/2024\/10\/rocio-nahle-01.jpg?fit=660%2C365&amp;ssl=1\" data-large-file=\"https:\/\/i2.wp.com\/www.noticiasperfil.com\/index\/wp-content\/uploads\/2024\/10\/rocio-nahle-01.jpg?fit=640%2C366&amp;ssl=1\" class=\"aligncenter size-full wp-image-109224\" src=\"https:\/\/i2.wp.com\/www.noticiasperfil.com\/index\/wp-content\/uploads\/2024\/10\/rocio-nahle-01.jpg?resize=640%2C342&#038;ssl=1\" alt=\"\" width=\"640\" height=\"342\" srcset=\"https:\/\/i2.wp.com\/www.noticiasperfil.com\/index\/wp-content\/uploads\/2024\/10\/rocio-nahle-01.jpg?w=1600&amp;ssl=1 1600w, https:\/\/i2.wp.com\/www.noticiasperfil.com\/index\/wp-content\/uploads\/2024\/10\/rocio-nahle-01.jpg?resize=1536%2C821&amp;ssl=1 1536w, https:\/\/i2.wp.com\/www.noticiasperfil.com\/index\/wp-content\/uploads\/2024\/10\/rocio-nahle-01.jpg?w=1280&amp;ssl=1 1280w\" sizes=\"auto, (max-width: 640px) 100vw, 640px\" data-recalc-dims=\"1\" \/><\/p>\n<ul>\n<li><em><strong>Desde la tierra del pr\u00f3ximo Secretario de Desarrollo Agropecuario, Rural y Pesca (SEDARPA) y presidente municipal, Rodrigo Calder\u00f3n Salas.<\/strong><\/em><\/li>\n<li><em><strong>A la infraestructura carretera estatal tambi\u00e9n le inyectar\u00e1 presupuesto sumado a la inversi\u00f3n que realizar\u00e1 la Federaci\u00f3n.<\/strong><\/em><\/li>\n<\/ul>\n<p>Mart\u00ednez de la Torre, Ver.- Durante la \u2018Gira del Agradecimiento\u2019 por esta regi\u00f3n, la gobernadora de Veracruz, Roc\u00edo Nahle Garc\u00eda, anunci\u00f3 que el campo ser\u00e1 prioridad en su administraci\u00f3n por lo que la dependencia a la que asignar\u00e1 m\u00e1s recursos ser\u00e1 la Secretar\u00eda de Desarrollo Agropecuario, Rural y Pesca (SEDARPA), en el primer a\u00f1o de su sexenio.<\/p>\n<p>Destac\u00f3 que el campo necesita ser capitalizado para que nuestros j\u00f3venes, en lugar de migrar, lo vean como una fuente de trabajo productiva.<\/p>\n<p>\u201cNosotros tenemos un pueblo muy trabajador y a la secretaria que m\u00e1s aument\u00f3 de presupuesto hemos asignado para el siguiente ejercicio es precisamente para agricultura y ganader\u00eda, tengo que apoyar al campo y es a\u00f1o con a\u00f1o para ir trabajando\u201d, asegur\u00f3.<\/p>\n<p><img loading=\"lazy\" decoding=\"async\" data-attachment-id=\"109225\" data-permalink=\"https:\/\/www.noticiasperfil.com\/index\/2024\/10\/14\/el-campo-prioridad-en-mi-gobierno-garantiza-rocio-nahle\/rocio-nahle-02-70\/\" data-orig-file=\"https:\/\/i1.wp.com\/www.noticiasperfil.com\/index\/wp-content\/uploads\/2024\/10\/rocio-nahle-02.jpg?fit=1600%2C900&amp;ssl=1\" data-orig-size=\"1600,900\" data-comments-opened=\"1\" data-image-meta=\"{&quot;aperture&quot;:&quot;0&quot;,&quot;credit&quot;:&quot;&quot;,&quot;camera&quot;:&quot;&quot;,&quot;caption&quot;:&quot;&quot;,&quot;created_timestamp&quot;:&quot;0&quot;,&quot;copyright&quot;:&quot;&quot;,&quot;focal_length&quot;:&quot;0&quot;,&quot;iso&quot;:&quot;0&quot;,&quot;shutter_speed&quot;:&quot;0&quot;,&quot;title&quot;:&quot;&quot;,&quot;orientation&quot;:&quot;0&quot;}\" data-image-title=\"rocio-nahle-02\" data-image-description=\"\" data-medium-file=\"https:\/\/i1.wp.com\/www.noticiasperfil.com\/index\/wp-content\/uploads\/2024\/10\/rocio-nahle-02.jpg?fit=660%2C365&amp;ssl=1\" data-large-file=\"https:\/\/i1.wp.com\/www.noticiasperfil.com\/index\/wp-content\/uploads\/2024\/10\/rocio-nahle-02.jpg?fit=640%2C366&amp;ssl=1\" class=\"aligncenter size-full wp-image-109225\" src=\"https:\/\/i1.wp.com\/www.noticiasperfil.com\/index\/wp-content\/uploads\/2024\/10\/rocio-nahle-02.jpg?resize=640%2C360&#038;ssl=1\" alt=\"\" width=\"640\" height=\"360\" srcset=\"https:\/\/i1.wp.com\/www.noticiasperfil.com\/index\/wp-content\/uploads\/2024\/10\/rocio-nahle-02.jpg?w=1600&amp;ssl=1 1600w, https:\/\/i1.wp.com\/www.noticiasperfil.com\/index\/wp-content\/uploads\/2024\/10\/rocio-nahle-02.jpg?resize=500%2C280&amp;ssl=1 500w, https:\/\/i1.wp.com\/www.noticiasperfil.com\/index\/wp-content\/uploads\/2024\/10\/rocio-nahle-02.jpg?resize=1536%2C864&amp;ssl=1 1536w, https:\/\/i1.wp.com\/www.noticiasperfil.com\/index\/wp-content\/uploads\/2024\/10\/rocio-nahle-02.jpg?w=1280&amp;ssl=1 1280w\" sizes=\"auto, (max-width: 640px) 100vw, 640px\" data-recalc-dims=\"1\" \/><\/p>\n<p>En materia de infraestructura, record\u00f3 que tiene un compromiso con los martinenses en la gesti\u00f3n y construcci\u00f3n del puente Mart\u00ednez III y en lo que respecta al tramo carretera estatal, de norte a sur, recibir\u00e1 una fuerte inversi\u00f3n por parte de su gobierno, reiter\u00f3.<\/p>\n<p>En este rubro, existe el compromiso de la presidenta Claudia Sheinbaum de aplicar recursos en los tramos carreteros federales asentados en la entidad.<\/p>\n<p>De hecho, subray\u00f3, el programa carretero federal a nivel nacional comenzar\u00e1 en el mes de noviembre.<\/p>\n<p>\u201cSon seis a\u00f1os muy fuertes en que tenemos que trabajar, muy fuertes, me he centrado mucho ahorita en ver el tema de infraestructura carretera en todo el estado ya la presidenta anunci\u00f3 que ahora en noviembre inician todas las carreteras federales del pa\u00eds lo que ser\u00e1 un mantenimiento porque est\u00e1n un poco desgastadas y en las carreteras estatales pues ah\u00ed yo me voy a meter y aqu\u00ed en Mart\u00ednez yo tengo una promesa de hacer un puente pero ese puente lo vamos a hacer con recursos estatales, entonces vamos caminando\u201d, asegur\u00f3.<\/p>\n","protected":false},"excerpt":{"rendered":"<p>Desde la tierra del pr\u00f3ximo Secretario de Desarrollo Agropecuario, Rural y Pesca (SEDARPA) y presidente municipal, Rodrigo Calder\u00f3n Salas. A la infraestructura carretera estatal tambi\u00e9n le inyectar\u00e1 presupuesto sumado a la inversi\u00f3n que realizar\u00e1 la Federaci\u00f3n. Mart\u00ednez de la Torre, Ver.- Durante la \u2018Gira del Agradecimiento\u2019 por esta regi\u00f3n, la gobernadora de Veracruz, Roc\u00edo Nahle Garc\u00eda, anunci\u00f3 que el campo ser\u00e1 prioridad en su administraci\u00f3n por lo que la dependencia a la que asignar\u00e1 m\u00e1s recursos ser\u00e1 la Secretar\u00eda de Desarrollo Agropecuario, Rural y Pesca (SEDARPA), en el primer a\u00f1o&hellip;<\/p>\n","protected":false},"author":1,"featured_media":109224,"comment_status":"open","ping_status":"closed","sticky":false,"template":"","format":"standard","meta":{"footnotes":""},"categories":[3,4],"tags":[3387],"class_list":["post-109223","post","type-post","status-publish","format-standard","has-post-thumbnail","hentry","category-destacadas","category-estatal","tag-rocio-nahle-garcia"],"jetpack-related-posts":[],"_links":{"self":[{"href":"https:\/\/www.noticiasperfil.com\/index\/wp-json\/wp\/v2\/posts\/109223","targetHints":{"allow":["GET"]}}],"collection":[{"href":"https:\/\/www.noticiasperfil.com\/index\/wp-json\/wp\/v2\/posts"}],"about":[{"href":"https:\/\/www.noticiasperfil.com\/index\/wp-json\/wp\/v2\/types\/post"}],"author":[{"embeddable":true,"href":"https:\/\/www.noticiasperfil.com\/index\/wp-json\/wp\/v2\/users\/1"}],"replies":[{"embeddable":true,"href":"https:\/\/www.noticiasperfil.com\/index\/wp-json\/wp\/v2\/comments?post=109223"}],"version-history":[{"count":1,"href":"https:\/\/www.noticiasperfil.com\/index\/wp-json\/wp\/v2\/posts\/109223\/revisions"}],"predecessor-version":[{"id":109226,"href":"https:\/\/www.noticiasperfil.com\/index\/wp-json\/wp\/v2\/posts\/109223\/revisions\/109226"}],"wp:featuredmedia":[{"embeddable":true,"href":"https:\/\/www.noticiasperfil.com\/index\/wp-json\/wp\/v2\/media\/109224"}],"wp:attachment":[{"href":"https:\/\/www.noticiasperfil.com\/index\/wp-json\/wp\/v2\/media?parent=109223"}],"wp:term":[{"taxonomy":"category","embeddable":true,"href":"https:\/\/www.noticiasperfil.com\/index\/wp-json\/wp\/v2\/categories?post=109223"},{"taxonomy":"post_tag","embeddable":true,"href":"https:\/\/www.noticiasperfil.com\/index\/wp-json\/wp\/v2\/tags?post=109223"}],"curies":[{"name":"wp","href":"https:\/\/api.w.org\/{rel}","templated":true}]}}