{"id":109227,"date":"2024-10-14T12:29:38","date_gmt":"2024-10-14T17:29:38","guid":{"rendered":"https:\/\/www.noticiasperfil.com\/index\/?p=109227"},"modified":"2024-10-14T12:29:38","modified_gmt":"2024-10-14T17:29:38","slug":"han-kang-una-mujer-premio-nobel-de-literatura-excepcional","status":"publish","type":"post","link":"https:\/\/www.noticiasperfil.com\/index\/2024\/10\/14\/han-kang-una-mujer-premio-nobel-de-literatura-excepcional\/","title":{"rendered":"Han Kang, una mujer, Premio Nobel de Literatura, excepcional"},"content":{"rendered":"<p><img loading=\"lazy\" decoding=\"async\" class=\"aligncenter size-full wp-image-93555\" src=\"https:\/\/i0.wp.com\/www.noticiasperfil.com\/index\/wp-content\/uploads\/2022\/10\/prosa-aprisa.jpg?resize=480%2C270&#038;ssl=1\" alt=\"\" width=\"480\" height=\"270\" data-recalc-dims=\"1\" \/><\/p>\n<p><strong>Prosa Aprisa\/Por Arturo Reyes Isidoro.<\/strong><\/p>\n<p>No he le\u00eddo ninguna obra de la escritora surcoreana Han Kang (busqu\u00e9 algo de ella en alguna librer\u00eda de Xalapa, pero no lo encontr\u00e9), a quien el jueves pasado la Academia Sueca le otorg\u00f3 el Premio Nobel de Literatura, pero me gust\u00f3 su primera reacci\u00f3n personal: no har\u00e1 ni participar\u00e1 en alguna celebraci\u00f3n mientras haya guerra. \u201cMe gustar\u00eda tomarme un t\u00e9 con mi hijo. Lo celebrar\u00e9 de manera tranquila\u201d, se limit\u00f3 a decir en su cuenta de X.<\/p>\n<p>En realidad, eso equivale a que nunca lo har\u00e1, porque guerra alguna no faltar\u00e1, pero es de reconocerse su dolor y su preocupaci\u00f3n por lo que ella calific\u00f3 de \u201ceventos tr\u00e1gicos\u201d, o sea, las guerras. Ella tiene apenas 53 a\u00f1os<\/p>\n<p>Su padre, Han Seung-won, de 85 a\u00f1os, tambi\u00e9n escritor, sali\u00f3 a explicar que Han Kang hab\u00eda decidido, inicialmente, salir a dar una declaraci\u00f3n ante los medios, pero que finalmente cambi\u00f3 de opini\u00f3n. \u00abMe dijo que con las guerras intensific\u00e1ndose y tanta gente muriendo cada d\u00eda, \u00bfc\u00f3mo pod\u00edamos hacer una celebraci\u00f3n o una rueda de prensa?\u00bb.<\/p>\n<p>Coment\u00f3 que \u00e9l estaba planeando organizar una fiesta con la gente de su localidad, Janheung, donde reside, pero ella le pidi\u00f3 que no lo hiciera. \u201cPor favor no celebres nada mientras estamos viendo esos eventos tr\u00e1gicos (en alusi\u00f3n a las guerras). La Academia Sueca no me ha dado este premio para que lo disfrutemos, sino para que mantengamos la mente m\u00e1s clara\u00bb.<\/p>\n<p>Buscar\u00e9 leer de ella al menos La vegetariana y La clase de griego, pero mientras tanto seguir\u00e9 su recomendaci\u00f3n: tratar\u00e9 de mantener la mente m\u00e1s clara para, por ejemplo, no cansarme de condenar la matanza de 40 mil civiles, hasta ahora, en Medio Oriente, tras la ofensiva de Israel a los ataques terroristas de Hamas en octubre de 2023 (libaneses y jud\u00edos en M\u00e9xico acordaron un pronunciamiento conjunto donde urgen a la paz, public\u00f3 este domingo el diario Reforma). Me duele el sufrimiento de los ni\u00f1os y de los adultos mayores, miles, que han huido desplazados de lo que alguna vez fue su hogar.<\/p>\n<p><strong>Garc\u00eda M\u00e1rquez tambi\u00e9n se rebel\u00f3, contra Pinochet<\/strong><\/p>\n<p>La escritora galardonada surcoreana me record\u00f3 a Gabriel Garc\u00eda M\u00e1rquez, quien en 1973 conden\u00f3 el golpe de Estado de Augusto Pinochet en Chile y la muerte del presidente Salvador Allende, y en 1975 prometi\u00f3 no volver a escribir hasta que el dictador cayera.<\/p>\n<p>Gabo se dio por vencido. En una gran exclusiva del semanario xalape\u00f1o Punto y Aparte, que dirig\u00eda ese gran periodista que fue Froyl\u00e1n Flores Cancela, en una visita a Xalapa, Garc\u00eda M\u00e1rquez declar\u00f3 a la reportera Azucena Valderr\u00e1bano (luego emigrar\u00eda a la CDMX y ser\u00eda una de las fundadoras de La Jornada); \u201cComo Pinochet no cae, volver\u00e9 a publicar\u201d. La entrevista, realizada en la oficina de Froy, se public\u00f3 en la edici\u00f3n del 12 de junio de 1980.<\/p>\n<p>A\u00f1os despu\u00e9s, el tambi\u00e9n Premio N\u00f3bel declarar\u00eda en 1997 a The Washington Post que Pinochet hab\u00eda ganado. Admiti\u00f3 que el tiempo y la tenacidad del dictador lo hab\u00edan vencido. Nunca cre\u00ed que iba a durar tanto tiempo, dijo. \u201cAunque no lo crea, yo soy un realista. El tiempo me convenci\u00f3 que yo estaba equivocado. Hab\u00eda dejado que Pinochet me impidiera de escribir, o sea me hab\u00eda sometido a una autocensura\u201d.<\/p>\n<p>Volvi\u00f3 a publicar, pero con su rebeld\u00eda contribuy\u00f3 a aumentar y endurecer la condena contra uno de los tantos s\u00e1trapas que ha conocido la humanidad.<\/p>\n<p>El recuerdo de Garc\u00eda M\u00e1rquez y la actualidad de Han Kang nos sirven y nos deben de servir para mantener nuestra actitud cr\u00edtica, de inconformidad, contra todo aquello que atente contra los derechos humanos y lastime a la humanidad.<\/p>\n<p><strong>Pep\u00edn Ruiz y Polo Deschamps ponen nerviosos a algunos<\/strong><\/p>\n<p>En la zona conurbada Veracruz-Boca del R\u00edo-Alvarado (Riviera Veracruzana) causaron jiribilla fotograf\u00edas donde se ven juntos, podr\u00eda pensarse que ya en campa\u00f1a de cara a la elecci\u00f3n municipal del pr\u00f3ximo a\u00f1o, Polo Deschamps y Pep\u00edn Ruiz.<\/p>\n<p>Las im\u00e1genes las subi\u00f3 a las redes sociales Deschamps, excandidato de Movimiento Ciudadano (MC) a la gubernatura del estado, quien llev\u00f3 a su familia al tradicional \u201cencierro de burros\u201d en Alvarado. \u201c\u2026 me llev\u00e9 a mi compadre Pep\u00edn Ruiz, que es padrino de mis hijos y nos echamos unas cheves\u201d.<\/p>\n<p>Todo hubiera quedado hasta ah\u00ed si no fuera porque Polo es aspirante y casi seguro candidato de MC a la alcald\u00eda de Alvarado, municipio en el que tiene su residencia, y Pep\u00edn es nuevo diputado local, ahora de Morena, por el distrito XV de Veracruz.<\/p>\n<p>Por lo que se ve en las im\u00e1genes, tomadas el s\u00e1bado, los dos alegres compadres (Deschamps fue panista y Ruiz priista) recorrieron calles de La Generosa, convivieron con los siempre alegres y bullangueros alvarade\u00f1os y posaron para cuantas selfies les solicitaron, pues de eso se trataba, de hacerse notar. Polo incluso bail\u00f3 con la alcaldesa Lizzette \u00c1lvarez Vera, del PVEM, o sea, ya la est\u00e1 poniendo ritmo al asunto.<\/p>\n<p>En la pasada campa\u00f1a a la gubernatura, en los debates Polo se mostr\u00f3 respetuoso de la entonces candidata Roc\u00edo Nahle y algunas veces cuestion\u00f3 a Pepe Yunes, lo que algunos interpretaron como que la estaba apoyando. Incluso el 13 de mayo, durante un mitin en Tepatlaxco, Roc\u00edo expres\u00f3 p\u00fablicamente: \u201c\u2026 ayer el tercer candidato (o sea Deschamps) evidenci\u00f3 que lo fueron a buscar (los Yunes de El Estero) para que se uniera al descr\u00e9dito, aqu\u00ed tengo que reconocer que el se\u00f1or Deschamps es un caballero y no se prest\u00f3 a ser parte de la violencia pol\u00edtica de g\u00e9nero de esos mafiosos\u201d.<\/p>\n<p>O sea, cabe pensar que el tambi\u00e9n exalcalde de Medell\u00edn no ser\u00e1 obstaculizado en su nueva aspiraci\u00f3n (se supone que amor con amor se paga) y que Nahle preferir\u00e1 tener un aliado, aunque sea de otro partido.<\/p>\n<p>De Pep\u00edn todos saben que es un reconocido influencer, de modo que ser\u00e1 de una gran ayuda para su compadre, a menos que la se\u00f1ora le pida que no se meta. Por de pronto, ya hicieron ruido y pusieron nerviosos a otros aspirantes a la alcald\u00eda de Alvarado.<\/p>\n<p><strong>Nahle ser\u00e1 una gobernadora fuerte<\/strong><\/p>\n<p>Si se reconfirma el nombramiento de Juan Javier G\u00f3mez Cazar\u00edn como nuevo delegado de Bienestar en el estado, entonces Roc\u00edo Nahle ser\u00e1 una gobernadora con mucho poder pol\u00edtico, como pocos antecesores suyos lo han tenido.<\/p>\n<p>Tiene el control de la mayor\u00eda de los presidentes municipales, incluidos los de sus aliados y de casi el resto de los partidos, de las diputaciones local y federal, de una senadur\u00eda (la de Claudia Tello) y ahora tendr\u00e1 bajo su batuta la delegaci\u00f3n que es una f\u00e1brica de votos.<\/p>\n<p>Al ahora senador Manuel Huerta lo nombr\u00f3 en forma directa el entonces presidente Andr\u00e9s Manuel L\u00f3pez Obrador; Roc\u00edo habr\u00eda reclamado la posici\u00f3n para ella y la obtuvo y ah\u00ed pondr\u00e1 a operar a Juan Javier, a trav\u00e9s de quien se har\u00e1 del control de los padrones de beneficiarios de los programas sociales, muchos de ellos potenciales votos para Morena y sus candidatos.<\/p>\n<p>En sexenios pasados, los gobernadores ten\u00edan el control solo sobre los alcaldes y los diputados locales, y desde la c\u00fapula nacional manejaban la diputaci\u00f3n federal, las senadur\u00edas y las delegaciones federales. Nahle, pues, no tendr\u00e1 pretexto alguno para fallar, lo que dijo ayer en Perote que no har\u00e1, porque, adem\u00e1s, ser\u00e1 \u201cuna empleada del pueblo\u201d.<\/p>\n","protected":false},"excerpt":{"rendered":"<p>Prosa Aprisa\/Por Arturo Reyes Isidoro. No he le\u00eddo ninguna obra de la escritora surcoreana Han Kang (busqu\u00e9 algo de ella en alguna librer\u00eda de Xalapa, pero no lo encontr\u00e9), a quien el jueves pasado la Academia Sueca le otorg\u00f3 el Premio Nobel de Literatura, pero me gust\u00f3 su primera reacci\u00f3n personal: no har\u00e1 ni participar\u00e1 en alguna celebraci\u00f3n mientras haya guerra. \u201cMe gustar\u00eda tomarme un t\u00e9 con mi hijo. Lo celebrar\u00e9 de manera tranquila\u201d, se limit\u00f3 a decir en su cuenta de X. En realidad, eso equivale a que nunca&hellip;<\/p>\n","protected":false},"author":1,"featured_media":0,"comment_status":"open","ping_status":"closed","sticky":false,"template":"","format":"standard","meta":{"footnotes":""},"categories":[8,10],"tags":[112],"class_list":["post-109227","post","type-post","status-publish","format-standard","hentry","category-opinion","category-prosa-aprisa","tag-arturo-reyes-isidoro"],"jetpack-related-posts":[],"_links":{"self":[{"href":"https:\/\/www.noticiasperfil.com\/index\/wp-json\/wp\/v2\/posts\/109227","targetHints":{"allow":["GET"]}}],"collection":[{"href":"https:\/\/www.noticiasperfil.com\/index\/wp-json\/wp\/v2\/posts"}],"about":[{"href":"https:\/\/www.noticiasperfil.com\/index\/wp-json\/wp\/v2\/types\/post"}],"author":[{"embeddable":true,"href":"https:\/\/www.noticiasperfil.com\/index\/wp-json\/wp\/v2\/users\/1"}],"replies":[{"embeddable":true,"href":"https:\/\/www.noticiasperfil.com\/index\/wp-json\/wp\/v2\/comments?post=109227"}],"version-history":[{"count":1,"href":"https:\/\/www.noticiasperfil.com\/index\/wp-json\/wp\/v2\/posts\/109227\/revisions"}],"predecessor-version":[{"id":109228,"href":"https:\/\/www.noticiasperfil.com\/index\/wp-json\/wp\/v2\/posts\/109227\/revisions\/109228"}],"wp:attachment":[{"href":"https:\/\/www.noticiasperfil.com\/index\/wp-json\/wp\/v2\/media?parent=109227"}],"wp:term":[{"taxonomy":"category","embeddable":true,"href":"https:\/\/www.noticiasperfil.com\/index\/wp-json\/wp\/v2\/categories?post=109227"},{"taxonomy":"post_tag","embeddable":true,"href":"https:\/\/www.noticiasperfil.com\/index\/wp-json\/wp\/v2\/tags?post=109227"}],"curies":[{"name":"wp","href":"https:\/\/api.w.org\/{rel}","templated":true}]}}