{"id":109229,"date":"2024-10-14T12:33:48","date_gmt":"2024-10-14T17:33:48","guid":{"rendered":"https:\/\/www.noticiasperfil.com\/index\/?p=109229"},"modified":"2024-10-14T12:33:48","modified_gmt":"2024-10-14T17:33:48","slug":"y-la-sedena-la-semar-y-la-gn-obedeceran-a-harfuch","status":"publish","type":"post","link":"https:\/\/www.noticiasperfil.com\/index\/2024\/10\/14\/y-la-sedena-la-semar-y-la-gn-obedeceran-a-harfuch\/","title":{"rendered":"\u00bfY la SEDENA, la SEMAR y la GN obedecer\u00e1n a Harfuch?"},"content":{"rendered":"<p dir=\"&quot;ltr&quot;\"><img loading=\"lazy\" decoding=\"async\" class=\"aligncenter size-full wp-image-93945\" src=\"https:\/\/i2.wp.com\/www.noticiasperfil.com\/index\/wp-content\/uploads\/2022\/11\/repechaje.jpg?resize=517%2C300&#038;ssl=1\" alt=\"\" width=\"517\" height=\"300\" data-recalc-dims=\"1\" \/><\/p>\n<p dir=\"&quot;ltr&quot;\"><strong>Repechaje\/Por Quirino Moreno Quiza.<\/strong><\/p>\n<p dir=\"&quot;ltr&quot;\"><em><strong>*\u00bfY la SEDENA, la SEMAR y la GN obedecer\u00e1n a Harfuch?<\/strong><\/em><\/p>\n<p dir=\"&quot;ltr&quot;\"><em><strong>*Con el Colectivo por M\u00e9xico se topar\u00e1 Sheinbaum\u2026no ser\u00e1 f\u00e1cil<\/strong><\/em><\/p>\n<p dir=\"&quot;ltr&quot;\"><em><strong>*Contra un gobierno unipersonal a base de mentiras<\/strong><\/em><\/p>\n<p dir=\"&quot;ltr&quot;\"><em><strong>*G\u00f3mez Cazar\u00edn a la delegaci\u00f3n Bienestar\u2026 \u00bfEsa es la buena?<\/strong><\/em><\/p>\n<p dir=\"&quot;ltr&quot;\"><em><strong>*Pr\u00f3ximo titular de la SIOP requerir\u00e1 de una dispensa<\/strong><\/em><\/p>\n<p dir=\"&quot;ltr&quot;\"><em><strong>*Cuitl\u00e1huac sigue regando el tepache en sus conferencias<\/strong><\/em><\/p>\n<p dir=\"&quot;ltr&quot;\"><em><strong>*Ha sido capaz de inventarse cualquier mentira para salvarse \u00e9l<\/strong><\/em><\/p>\n<p dir=\"&quot;ltr&quot;\"><em><strong>*\u00bfAtanasio es el \u00fanico contento?&#8230; hay varios m\u00e1s\u2026 y se les nota<\/strong><\/em><\/p>\n<p dir=\"&quot;ltr&quot;\"><em><strong>*Reconocimiento en Poza Rica al escritor Rafael Mart\u00ednez Zaleta<\/strong><\/em><\/p>\n<p dir=\"&quot;ltr&quot;\"><em><strong>*** \u00bfLo ten\u00edan previsto?\u00a0<\/strong><\/em>A nosotros tambi\u00e9n nos parece bien la designaci\u00f3n de Omar Garc\u00eda Harfuch como Secretario de Seguridad Ciudadana\u2026 lo que hay que ver es si la SEDENA, la SEMAR y la Guardia Nacional ser\u00edan dependencias muy empoderadas, estar\u00edan dispuestas a obedecer al hombre de confianza de la presidente Claudia Sehinbaum Pardo\u2026 De hecho, nos aseguran que ahora mismo, a menos de 15 d\u00edas de haber iniciado esta administraci\u00f3n, ya existen diferencias notables\u2026<\/p>\n<p dir=\"&quot;ltr&quot;\"><em><strong>*** \u00a1Nadie le dijo que no ser\u00eda igual ni f\u00e1cil!\u00a0<\/strong><\/em>Por cierto que a do\u00f1a Claudia Sheinbaum no ser\u00e1 Harfuch su \u00fanica preocupaci\u00f3n ya que\u00a0 organizaciones ciudadanas relevantes\u00a0 como el denominado Colectivo por M\u00e9xico en el que participa gente como Cuauht\u00e9c C\u00e1rdenas Sol\u00f3rzado, Dante Alfonso Delgado, Francisco Labastida,, do\u00f1a Clara Jusidman, Patricia Mercado, Diego Valad\u00e9s o Salom\u00f3n Chertorivski, entre otros, que est\u00e1n comenzando por exigir que que se deje de de debilitar la democracia en M\u00e9xico y que se deje de comunicar y construir con mentiras, negando los problemas en un intento por establecer un r\u00e9gimen unipersonal que someta a los ciudadanos mexicanos\u2026 Y seguramente comenzar\u00e1n por cuestionar 18 mil 600 millones de d\u00f3lares que la presidente solicit\u00f3 durante los primeros d\u00edas de su administraci\u00f3n y que incrementan de manera preocupante la ya de por s\u00ed preocupante deuda que dej\u00f3 su antecesor L\u00f3pez Obrador\u2026<\/p>\n<p dir=\"&quot;ltr&quot;\"><em><strong>*** \u00bfC\u00f3mo la ven desde ah\u00ed eh?\u00a0<\/strong><\/em>Por lo que se ve, el Juan Javier G\u00f3mez Cazarin ser\u00e1 el pr\u00f3ximo s\u00faper delegado de Bienestar en Veracruz y no ser\u00e1, como se hab\u00eda especulado el delegado de Gobernaci\u00f3n\u2026<\/p>\n<p dir=\"&quot;ltr&quot;\"><em><strong>*** \u00a1Una dispensa a la vista!\u00a0<\/strong><\/em>Por cierto que el presuntamente pr\u00f3ximo secretario de Infraestructura y Obras P\u00fablicas (SIOP) en Veracruz ser\u00e1 Leonardo Cornejo Serrano, quien antes estuvo inmerso en las obras de construcci\u00f3n de la refiner\u00eda de Dos Bocas, quien no obstante no haber culminado esta obra es reconocido por su labor en ese gran proyecto, pero le vale a\u00fan m\u00e1s su estrecha relaci\u00f3n profesional con la virtual pr\u00f3xima gobernadora Roc\u00edo Nahle Garc\u00eda\u2026 Aunque hay que apuntar que Cornejo no es veracruzano sino de Salvatierra, Guanajuato, por lo que deber\u00e1 pasar por el Congreso Local para que el se\u00f1or sea sea excusado por no cumplir con el requisito de ser veracruzano\u2026Una dispensa, es como se conoce a ese tr\u00e1mite\u2026<\/p>\n<p dir=\"&quot;ltr&quot;\"><em><strong>*** \u00bfSolo dos?\u00a0<\/strong><\/em>Los alcaldes que han sido seleccionados por Roc\u00edo Nahle para que ocupen cargos en el gobierno estatal a partir del primer d\u00eda de diciembre pr\u00f3ximo, tiene la oportunidad de dejar muchos proyecto positivo en curso para que los respectivos suplentes los culminen y nosotros sabemos que dos de esos alcaldes s\u00ed est\u00e1n haciendo esos esfuerzos a unas semanas de hacer v\u00e1lidas sus licencias para ausentarse de de sus encargos municipales\u2026 Pero esas cosas se ver\u00e1n m\u00e1s temprano que tarde\u2026 Veremos\u2026<\/p>\n<p dir=\"&quot;ltr&quot;\"><em><strong>*** \u00a1Ya d\u00edganle algo!\u00a0<\/strong><\/em>Y a prop\u00f3sito de ma\u00f1aneras sin sentido y con m\u00e1s mentiras que minutos por hora, la virtual pr\u00f3xima gobernadora deber\u00eda de encontrar la manera de que el todav\u00eda gobernador Cuitl\u00e1huac Garc\u00eda Jim\u00e9nez deje de hacer declaraciones mentirosas con el af\u00e1n de deslindarse de sus responsabilidades, que durante 6 a\u00f1os han dejado mal para a la 4T\u2026 Y hemos visto c\u00f3mo, Garc\u00eda Jim\u00e9nez ha sido capaz de inventarse lo que sea con tal de intentar salvarse \u00e9l \u2026Y esa \u201cestrategia\u201d no es ni honesta ni muy inteligente\u2026<\/p>\n<p dir=\"&quot;ltr&quot;\"><em><strong>*** \u00a1Son varios m\u00e1s!\u00a0<\/strong><\/em>\u00bfPor qu\u00e9 se insiste tanto en que el principal personaje contento con el sexenio de Cuitl\u00e1huac Garc\u00eda Jim\u00e9nez es Atanasio Garc\u00eda Dur\u00e1n, cuando desde ac\u00e1 podr\u00edamos mencionar muchos otros que ya se van locos de contentos?..<\/p>\n<p dir=\"&quot;ltr&quot;\"><em><strong>.*** \u00a1Felicidades!\u00a0<\/strong><\/em>Desde este humilde espacio nos sumamos al reconocimiento que diversas autoridades y organizaciones le hicieron este fin de semana en Poza Rica al escritor Rafael Mer\u00ednez Zaleta\u2026<\/p>\n<p dir=\"&quot;ltr&quot;\">columnarepechaje@gmail.com<\/p>\n<p dir=\"&quot;ltr&quot;\">X: quirinomq<\/p>\n<p dir=\"&quot;ltr&quot;\"><a href=\"https:\/\/www.entornopolitico.com\/%22http:\/www.entornopolitico.com%22\">www.entornopolitico.co<\/a>m<\/p>\n","protected":false},"excerpt":{"rendered":"<p>Repechaje\/Por Quirino Moreno Quiza. *\u00bfY la SEDENA, la SEMAR y la GN obedecer\u00e1n a Harfuch? *Con el Colectivo por M\u00e9xico se topar\u00e1 Sheinbaum\u2026no ser\u00e1 f\u00e1cil *Contra un gobierno unipersonal a base de mentiras *G\u00f3mez Cazar\u00edn a la delegaci\u00f3n Bienestar\u2026 \u00bfEsa es la buena? *Pr\u00f3ximo titular de la SIOP requerir\u00e1 de una dispensa *Cuitl\u00e1huac sigue regando el tepache en sus conferencias *Ha sido capaz de inventarse cualquier mentira para salvarse \u00e9l *\u00bfAtanasio es el \u00fanico contento?&#8230; hay varios m\u00e1s\u2026 y se les nota *Reconocimiento en Poza Rica al escritor Rafael Mart\u00ednez&hellip;<\/p>\n","protected":false},"author":1,"featured_media":0,"comment_status":"open","ping_status":"closed","sticky":false,"template":"","format":"standard","meta":{"footnotes":""},"categories":[8,11],"tags":[1155],"class_list":["post-109229","post","type-post","status-publish","format-standard","hentry","category-opinion","category-repechaje","tag-quirino-moreno-quiza"],"jetpack-related-posts":[],"_links":{"self":[{"href":"https:\/\/www.noticiasperfil.com\/index\/wp-json\/wp\/v2\/posts\/109229","targetHints":{"allow":["GET"]}}],"collection":[{"href":"https:\/\/www.noticiasperfil.com\/index\/wp-json\/wp\/v2\/posts"}],"about":[{"href":"https:\/\/www.noticiasperfil.com\/index\/wp-json\/wp\/v2\/types\/post"}],"author":[{"embeddable":true,"href":"https:\/\/www.noticiasperfil.com\/index\/wp-json\/wp\/v2\/users\/1"}],"replies":[{"embeddable":true,"href":"https:\/\/www.noticiasperfil.com\/index\/wp-json\/wp\/v2\/comments?post=109229"}],"version-history":[{"count":1,"href":"https:\/\/www.noticiasperfil.com\/index\/wp-json\/wp\/v2\/posts\/109229\/revisions"}],"predecessor-version":[{"id":109230,"href":"https:\/\/www.noticiasperfil.com\/index\/wp-json\/wp\/v2\/posts\/109229\/revisions\/109230"}],"wp:attachment":[{"href":"https:\/\/www.noticiasperfil.com\/index\/wp-json\/wp\/v2\/media?parent=109229"}],"wp:term":[{"taxonomy":"category","embeddable":true,"href":"https:\/\/www.noticiasperfil.com\/index\/wp-json\/wp\/v2\/categories?post=109229"},{"taxonomy":"post_tag","embeddable":true,"href":"https:\/\/www.noticiasperfil.com\/index\/wp-json\/wp\/v2\/tags?post=109229"}],"curies":[{"name":"wp","href":"https:\/\/api.w.org\/{rel}","templated":true}]}}