{"id":109233,"date":"2024-10-14T12:52:49","date_gmt":"2024-10-14T17:52:49","guid":{"rendered":"https:\/\/www.noticiasperfil.com\/index\/?p=109233"},"modified":"2026-02-06T21:14:10","modified_gmt":"2026-02-07T03:14:10","slug":"danan-baches-exito-turistico-de-oaxaca-a-nivel-nacional-e-internacional","status":"publish","type":"post","link":"https:\/\/www.noticiasperfil.com\/index\/2024\/10\/14\/danan-baches-exito-turistico-de-oaxaca-a-nivel-nacional-e-internacional\/","title":{"rendered":"Da\u00f1an baches \u00e9xito tur\u00edstico de Oaxaca a nivel nacional e internacional"},"content":{"rendered":"<p><img loading=\"lazy\" decoding=\"async\" data-attachment-id=\"109234\" data-permalink=\"https:\/\/www.noticiasperfil.com\/index\/2024\/10\/14\/danan-baches-exito-turistico-de-oaxaca-a-nivel-nacional-e-internacional\/baches-3\/\" data-orig-file=\"https:\/\/i0.wp.com\/www.noticiasperfil.com\/index\/wp-content\/uploads\/2024\/10\/baches.jpg?fit=650%2C325&amp;ssl=1\" data-orig-size=\"650,325\" data-comments-opened=\"1\" data-image-meta=\"{&quot;aperture&quot;:&quot;0&quot;,&quot;credit&quot;:&quot;&quot;,&quot;camera&quot;:&quot;&quot;,&quot;caption&quot;:&quot;&quot;,&quot;created_timestamp&quot;:&quot;0&quot;,&quot;copyright&quot;:&quot;&quot;,&quot;focal_length&quot;:&quot;0&quot;,&quot;iso&quot;:&quot;0&quot;,&quot;shutter_speed&quot;:&quot;0&quot;,&quot;title&quot;:&quot;&quot;,&quot;orientation&quot;:&quot;0&quot;}\" data-image-title=\"baches\" data-image-description=\"\" data-medium-file=\"https:\/\/i0.wp.com\/www.noticiasperfil.com\/index\/wp-content\/uploads\/2024\/10\/baches.jpg?fit=650%2C325&amp;ssl=1\" data-large-file=\"https:\/\/i0.wp.com\/www.noticiasperfil.com\/index\/wp-content\/uploads\/2024\/10\/baches.jpg?fit=640%2C320&amp;ssl=1\" class=\"aligncenter size-full wp-image-109234\" src=\"https:\/\/i0.wp.com\/www.noticiasperfil.com\/index\/wp-content\/uploads\/2024\/10\/baches.jpg?resize=640%2C320&#038;ssl=1\" alt=\"\" width=\"640\" height=\"320\" data-recalc-dims=\"1\" \/><\/p>\n<p><strong>Detr\u00e1s de la Noticia\/Por Alfredo Mart\u00ednez de Aguilar.<\/strong><\/p>\n<p><em><strong>* Al no respetar las especificaciones t\u00e9cnicas y la mala calidad de los materiales utilizados, los baches se agigantan y proliferan por las intensas lluvias, da\u00f1ando el estado f\u00edsico y mec\u00e1nico de los veh\u00edculos.<\/strong><\/em><br \/>\n<em><strong>* Por tal motivo, los oaxaque\u00f1os demandan con urgencia la puesta en marcha del programa federal \u201cBachet\u00f3n\u201d en calles y carreteras, anunciado recientemente por la presidente Claudia Sheinbaum.<\/strong><\/em><\/p>\n<p>Es un hecho la exitosa actividad tur\u00edstica de Oaxaca a nivel nacional e internacional. Los esfuerzos del Gobierno de Salom\u00f3n Jara fortalecen y consolidan a la industria sin chimeneas en el estado y en M\u00e9xico.<\/p>\n<p>Ello es resultado de la positiva suma de esfuerzos y conjunci\u00f3n de voluntades en materia tur\u00edstica de las dependencias de los sectores, p\u00fablico, federal y local, y de las c\u00e1maras y organismos empresariales.<\/p>\n<p>El turismo es un detonador econ\u00f3mico natural en la construcci\u00f3n de infraestructura, el transporte y las telecomunicaciones, y en los bienes y servicios que demandan los turistas durante su viaje y estad\u00eda.<\/p>\n<p>Genera una sinergia \u00fanica entre la inversi\u00f3n p\u00fablica y privada e incide directamente en el dinamismo de otros sectores. Uno de cada 11 pesos generados en la econom\u00eda nacional, es aportado por el turismo.<\/p>\n<p>Al invertir en infraestructura tur\u00edstica, el gobierno genera un c\u00edrculo virtuoso al potenciar la inversi\u00f3n privada y su rentabilidad econ\u00f3mica y, a su vez, esta maximiza el beneficio social de la inversi\u00f3n p\u00fablica.<\/p>\n<p>Con el proyecto \u201cTurismo con Huella\u201d COPARMEX promover\u00e1 experiencias culturales, naturales, gastron\u00f3micas y de aventura, adem\u00e1s de las festividades tradicionales de la Guelaguetza y D\u00eda de Muertos.<\/p>\n<p>El objetivo de la Comisi\u00f3n de Turismo de COPARMEX es incidir en una nueva forma de hacer turismo desde lo local y resaltar las oportunidades tur\u00edsticas sostenibles e innovadoras que Oaxaca ofrece.<\/p>\n<p>Es de lamentar, que el \u00e9xito tur\u00edstico de Oaxaca se vea empa\u00f1ado por la p\u00e9sima imagen provocada por la proliferaci\u00f3n de baches en el Municipio capitalino, la zona metropolitana y las regiones del estado.<\/p>\n<p>Se cuestiona cu\u00e1ntas calles se reparar\u00edan con los 30 millones que el gobierno pag\u00f3 por la participaci\u00f3n de Oaxaca en el Festival Cervantino sin reparar en los beneficios de la promoci\u00f3n tur\u00edstica y cultural.<\/p>\n<p>Es p\u00fablica y notoria la omisi\u00f3n, negligencia y complicidad de los tres \u00f3rdenes de gobierno en el mantenimiento preventivo y correctivo, y los trabajos fraudulento en calles, carreteras y Caminos Bienestar.<\/p>\n<p>El abandono de Oaxaca capital es m\u00e1s que evidente. Aumenta de manera cotidiana la inconformidad de los diversos sectores sociales del Municipio. Su Programa de Bacheo tiene un impacto social m\u00ednimo.<\/p>\n<p>Al no respetar las especificaciones t\u00e9cnicas y la mala calidad de los materiales utilizados, los baches se agigantan y proliferan por las intensas lluvias, da\u00f1ando el estado f\u00edsico y mec\u00e1nico de los veh\u00edculos.<\/p>\n<p>Las insistentes denuncias y demandas de atenci\u00f3n de los baches que crecen con el paso de los d\u00edas son deso\u00eddas por los funcionarios y colaboradores del Presidente Municipal Francisco Mart\u00ednez Neri.<\/p>\n<p>Mensajes y videos de severa cr\u00edtica, especialmente contra las autoridades municipales capitalinas, dan cuenta en las benditas redes sociales del creciente malestar de conductores de veh\u00edculos y transe\u00fantes.<\/p>\n<p>Los reels en TikTok de @DimePetri, @ChuchoLodadero y de Mafer y Ali Guadarrama sobre Los Baches M\u00e1s Grandes de Oaxaca, son fiel reflejo del creciente descontento popular de los oaxaque\u00f1os.<\/p>\n<p>Lo mismo ocurre con las cuatro carreteras de acceso al Municipio de Oaxaca de Ju\u00e1rez, Puebla-Ciudad de M\u00e9xico, y a las regiones de la Costa por Miahuatl\u00e1n y Sola de Vega, y al Istmo de Tehuantepec.<\/p>\n<p>Bajo la responsabilidad de la Secretar\u00eda de Infraestructura, Comunicaciones y Transportes (SICT) est\u00e1n particularmente la supercarretera Cuacnopalan y Barranca Larga, y algunos tramos interiores.<\/p>\n<p>Es tal la inconformidad en las diversas regiones del estado que esta ma\u00f1ana habitantes de Santa Mar\u00eda Huamelula bloquear\u00e1n la Carretera federal 200 a la Costa Salina Cruz-Huatulco, por los enormes baches.<\/p>\n<p>Por tal motivo, los oaxaque\u00f1os demandan con urgencia la puesta en marcha del programa federal \u201cBachet\u00f3n\u201d en calles y carreteras, anunciado recientemente por la presidente Claudia Sheinbaum.<\/p>\n<p>alfredo_daguilar@hotmail.com<br \/>\ndirector@revista-mujeres.com<br \/>\n@efektoaguila<\/p>\n","protected":false},"excerpt":{"rendered":"<p>Detr\u00e1s de la Noticia\/Por Alfredo Mart\u00ednez de Aguilar. * Al no respetar las especificaciones t\u00e9cnicas y la mala calidad de los materiales utilizados, los baches se agigantan y proliferan por las intensas lluvias, da\u00f1ando el estado f\u00edsico y mec\u00e1nico de los veh\u00edculos. * Por tal motivo, los oaxaque\u00f1os demandan con urgencia la puesta en marcha del programa federal \u201cBachet\u00f3n\u201d en calles y carreteras, anunciado recientemente por la presidente Claudia Sheinbaum. Es un hecho la exitosa actividad tur\u00edstica de Oaxaca a nivel nacional e internacional. Los esfuerzos del Gobierno de Salom\u00f3n&hellip;<\/p>\n","protected":false},"author":1,"featured_media":109234,"comment_status":"open","ping_status":"closed","sticky":false,"template":"","format":"standard","meta":{"footnotes":""},"categories":[8],"tags":[6939],"class_list":["post-109233","post","type-post","status-publish","format-standard","has-post-thumbnail","hentry","category-opinion","tag-alfredo-martinez-de-aguilar"],"jetpack-related-posts":[],"_links":{"self":[{"href":"https:\/\/www.noticiasperfil.com\/index\/wp-json\/wp\/v2\/posts\/109233","targetHints":{"allow":["GET"]}}],"collection":[{"href":"https:\/\/www.noticiasperfil.com\/index\/wp-json\/wp\/v2\/posts"}],"about":[{"href":"https:\/\/www.noticiasperfil.com\/index\/wp-json\/wp\/v2\/types\/post"}],"author":[{"embeddable":true,"href":"https:\/\/www.noticiasperfil.com\/index\/wp-json\/wp\/v2\/users\/1"}],"replies":[{"embeddable":true,"href":"https:\/\/www.noticiasperfil.com\/index\/wp-json\/wp\/v2\/comments?post=109233"}],"version-history":[{"count":1,"href":"https:\/\/www.noticiasperfil.com\/index\/wp-json\/wp\/v2\/posts\/109233\/revisions"}],"predecessor-version":[{"id":109235,"href":"https:\/\/www.noticiasperfil.com\/index\/wp-json\/wp\/v2\/posts\/109233\/revisions\/109235"}],"wp:featuredmedia":[{"embeddable":true,"href":"https:\/\/www.noticiasperfil.com\/index\/wp-json\/wp\/v2\/media\/109234"}],"wp:attachment":[{"href":"https:\/\/www.noticiasperfil.com\/index\/wp-json\/wp\/v2\/media?parent=109233"}],"wp:term":[{"taxonomy":"category","embeddable":true,"href":"https:\/\/www.noticiasperfil.com\/index\/wp-json\/wp\/v2\/categories?post=109233"},{"taxonomy":"post_tag","embeddable":true,"href":"https:\/\/www.noticiasperfil.com\/index\/wp-json\/wp\/v2\/tags?post=109233"}],"curies":[{"name":"wp","href":"https:\/\/api.w.org\/{rel}","templated":true}]}}