{"id":109255,"date":"2024-10-15T11:36:52","date_gmt":"2024-10-15T16:36:52","guid":{"rendered":"https:\/\/www.noticiasperfil.com\/index\/?p=109255"},"modified":"2024-10-15T11:36:52","modified_gmt":"2024-10-15T16:36:52","slug":"aprueba-ople-asignacion-de-diputaciones-plurinominales-locales","status":"publish","type":"post","link":"https:\/\/www.noticiasperfil.com\/index\/2024\/10\/15\/aprueba-ople-asignacion-de-diputaciones-plurinominales-locales\/","title":{"rendered":"Aprueba OPLE asignaci\u00f3n de diputaciones plurinominales locales"},"content":{"rendered":"<p><img loading=\"lazy\" decoding=\"async\" data-attachment-id=\"109256\" data-permalink=\"https:\/\/www.noticiasperfil.com\/index\/2024\/10\/15\/aprueba-ople-asignacion-de-diputaciones-plurinominales-locales\/ople-veracruz-25\/\" data-orig-file=\"https:\/\/i2.wp.com\/www.noticiasperfil.com\/index\/wp-content\/uploads\/2024\/10\/ople-veracruz.jpeg?fit=720%2C480&amp;ssl=1\" data-orig-size=\"720,480\" data-comments-opened=\"1\" data-image-meta=\"{&quot;aperture&quot;:&quot;0&quot;,&quot;credit&quot;:&quot;&quot;,&quot;camera&quot;:&quot;&quot;,&quot;caption&quot;:&quot;&quot;,&quot;created_timestamp&quot;:&quot;0&quot;,&quot;copyright&quot;:&quot;&quot;,&quot;focal_length&quot;:&quot;0&quot;,&quot;iso&quot;:&quot;0&quot;,&quot;shutter_speed&quot;:&quot;0&quot;,&quot;title&quot;:&quot;&quot;,&quot;orientation&quot;:&quot;0&quot;}\" data-image-title=\"ople-veracruz\" data-image-description=\"\" data-medium-file=\"https:\/\/i2.wp.com\/www.noticiasperfil.com\/index\/wp-content\/uploads\/2024\/10\/ople-veracruz.jpeg?fit=660%2C365&amp;ssl=1\" data-large-file=\"https:\/\/i2.wp.com\/www.noticiasperfil.com\/index\/wp-content\/uploads\/2024\/10\/ople-veracruz.jpeg?fit=640%2C427&amp;ssl=1\" class=\"aligncenter size-full wp-image-109256\" src=\"https:\/\/i2.wp.com\/www.noticiasperfil.com\/index\/wp-content\/uploads\/2024\/10\/ople-veracruz.jpeg?resize=640%2C427&#038;ssl=1\" alt=\"\" width=\"640\" height=\"427\" data-recalc-dims=\"1\" \/><\/p>\n<p>Xalapa, Ver.- El Consejo General del Organismo P\u00fablico Local Electoral del Estado de Veracruz (OPLE Veracruz) aprob\u00f3 el c\u00f3mputo de la circunscripci\u00f3n plurinominal, la declaraci\u00f3n de validez de la elecci\u00f3n de diputaciones locales por el principio de Representaci\u00f3n Proporcional y la asignaci\u00f3n de las veinte<br \/>\ndiputaciones por este principio en el Proceso Electoral Local Ordinario 2023-2024.<\/p>\n<p>En sesi\u00f3n especial, la Consejera Presidenta del OPLE Veracruz, Marisol Alicia Delgadillo Morales asegur\u00f3 que para la asignaci\u00f3n de esca\u00f1os se atiene al marco constitucional y legal establecido, as\u00ed como al acatamiento de la sentencia SX-JDC653\/2024 de la Sala Regional Xalapa del Tribunal Electoral del Poder Judicial de la Federaci\u00f3n (TEPJF) para la aplicaci\u00f3n de alternancia por periodo electivo en las diputaciones por el principio de Representaci\u00f3n Proporcional, \u201cestamos haciendo el cumplimiento liso y llano\u201d.<\/p>\n<p>La Consejera Presidenta del OPLE Veracruz destac\u00f3 que en la asignaci\u00f3n de diputaciones por el principio de Representaci\u00f3n Proporcional atendi\u00f3 a las acciones afirmativas con la inclusi\u00f3n de grupos vulnerables, al asignar dos f\u00f3rmulas de j\u00f3venes, dos f\u00f3rmulas de la diversidad sexual y una f\u00f3rmula para personas con discapacidad.<\/p>\n<p>\u201cLa asignaci\u00f3n de las diputaciones tienen sustento en la voluntad popular, puesta de manifiesto en las urnas el pasado 2 de junio, el proyecto atiende a dicho mandato y se deja a salvo sus derechos\u201d, puntualiz\u00f3.<\/p>\n<p>El Consejero Electoral, Roberto L\u00f3pez P\u00e9rez indic\u00f3 que se ve materializado el voto de quienes asistieron a las urnas; sin embargo, se apart\u00f3 de la propuesta de asignaci\u00f3n que se hizo de la f\u00f3rmula del Partido del Trabajo, por razones t\u00e9cnicas y jur\u00eddicas.<\/p>\n<p>\u201cSi nosotros revisamos el Proyecto de Acuerdo, en \u00e9l se refiere como \u00fanica v\u00eda para dar cumplimiento a la sentencia de la Sala Regional Xalapa reca\u00edda al juicio ciudadano 653, el que se cambie la primera f\u00f3rmula de candidatos registrados por el Partido del Trabajo para hacer sustituida por quienes fueron registrados por la segunda f\u00f3rmula, no obstante un servidor considera que no es la \u00fanica v\u00eda para dar cumplimiento a dicha<br \/>\nsentencia, sino que la misma debe verse de manera integral frente a las cuestiones f\u00e1cticas del caso concreto, considero que el cumplimiento de dicha sentencia no puede verse aislado al principio de certeza que debe imperar en todo proceso electoral\u201d, dijo.<\/p>\n<p>Al respecto, la Consejera Electoral, Mar\u00eda de Lourdes Fern\u00e1ndez Mart\u00ednez subray\u00f3 que la asignaci\u00f3n de las diputaciones por el principio de Representaci\u00f3n Proporcional es un instrumento que garantiza que todas las voces de la sociedad veracruzana se encuentren representadas en el Congreso.<\/p>\n<p>\u201cLos votos emitidos a favor de las distintas fuerzas pol\u00edticas se traducen en curules de representaci\u00f3n, lo que implica que las decisiones legislativas reflejar\u00e1n la diversidad de nuestra poblaci\u00f3n, asegurando que ning\u00fan grupo sea excluido, permite fortalecer nuestra democracia\u201d, manifest\u00f3.<\/p>\n<p>Cabe destacar que, la Consejera Electoral, Mabel Aseret Hern\u00e1ndez Meneses expres\u00f3 que convendr\u00eda analizar sobre c\u00f3mo armonizar el principio de alternancia por periodo electivo con otros mecanismos para alcanzar la paridad.<\/p>\n<p>\u201cQueda demostrado con un simple an\u00e1lisis que las acciones afirmativas solamente llegan a ser efectivas cuando las posiciones de ubicaci\u00f3n son libres para los partidos pol\u00edticos\u201d, a\u00f1adi\u00f3.<\/p>\n<p>En el mismo tenor, el Consejero Electoral, Quint\u00edn Antar Dovarganes Escand\u00f3n se\u00f1al\u00f3 que se aparta de algunos se\u00f1alamientos en el principio de alternancia por periodo electivo.<\/p>\n<p>\u201cHay ciertos principios y circunstancias f\u00e1cticas que tambi\u00e9n estaban incluidos en la sentencia de la Sala Regional Xalapa para que fuesen considerados por este \u00d3rgano Colegiado, principios como el de certeza, seguridad jur\u00eddica, el del principio democr\u00e1tico, el del principio de igualdad y no discriminaci\u00f3n, el de m\u00ednima intervenci\u00f3n y el de objetividad\u201d, subray\u00f3.<\/p>\n<p>Adem\u00e1s, la Consejera Electoral, Maty Lezama Mart\u00ednez mencion\u00f3 que con la asignaci\u00f3n de las diputaciones se transita a una representatividad m\u00e1s igualitaria, al integrar la siguiente legislatura por 27 mujeres y 23 hombres, conformada por segunda ocasi\u00f3n con mayor\u00eda por mujeres.<\/p>\n<p>\u201cCabe resaltar que el estado de Veracruz ha sido vanguardista y precursor en conformar congresos paritarios desde el Proceso Electoral Local Ordinario 2017-2018.<\/p>\n<p>con 25 mujeres y 25 hombres, posteriormente en 2020-2021 traspasando un tamiz de diversidad por 25 mujeres, 24 hombres y una persona no binaria\u201d, record\u00f3.<\/p>\n<p>Asimismo, el Consejero Electoral, Fernando Garc\u00eda Ramos expres\u00f3 que se traduce en m\u00e1s mujeres en el Congreso del Estado y su lucha ha sido hist\u00f3rica, por lo que en reconocimiento a la deuda hist\u00f3rica es necesario acompa\u00f1ar, celebrar y congratularse por la asignaci\u00f3n mediante la alternancia por periodo electivo.<\/p>\n<p>\u201cNosotros tenemos que cumplir con las sentencias que nos ordenan a actuar por un principio de legalidad en donde todas las autoridades no hacemos otra cosa m\u00e1s que aquello que las normas nos prescriben hacer\u201d, resalt\u00f3.<\/p>\n<p>Los Partidos Pol\u00edticos que tuvieron derecho a la asignaci\u00f3n de esca\u00f1os en la nueva legislatura son: Partido Acci\u00f3n Nacional, cuatro curules; Partido Revolucionario Institucional, dos curules; Partido del Trabajo una curul; Partido Verde Ecologista de M\u00e9xico, dos curules; Movimiento Ciudadano, dos curules; y Morena, nueve curules. Cabe destacar que, el OPLE Veracruz garantiza la aplicaci\u00f3n de las acciones afirmativas y del principio de paridad.<\/p>\n<p>Esca\u00f1os de representaci\u00f3n proporcional que corresponden a los partidos pol\u00edticos con derecho a su asignaci\u00f3n.<br \/>\nPAN 4, PRI 2, PVEM 2, PT 1, MC 2, MORENA 9.<\/p>\n<p><strong>PARTIDO ACCI\u00d3N NACIONAL:<\/strong><br \/>\nLuz Alicia Delf\u00edn Rodr\u00edguez (Propietario)<br \/>\nNubia Padr\u00f3n Lara (Suplente)<br \/>\nFernando Yunes M\u00e1rquez (Propietario)<br \/>\nMario Gerardo Delf\u00edn V\u00e1zquez (Suplente)<br \/>\nMontserrat Ortega Ruiz (Propietario)<br \/>\nEutiquia Reyes Santiago (Suplente)<br \/>\nEnrique Cambranis Torres (Propietario)<br \/>\nOscar Sa\u00fal Castillo Andrade (Suplente)<\/p>\n<p><strong>PARTIDO REVOLUCIONARIO INSTITUCIONAL<\/strong><br \/>\nAna Rosa Vald\u00e9s Salazar (Propietario)<br \/>\nMar\u00eda Esther Ter\u00e1n Vel\u00e1zquez (Suplente)<br \/>\nH\u00e9ctor Yunes Landa (Propietario)<br \/>\nEdgar D\u00edaz Fuentes (Suplente)<\/p>\n<p><strong>PARTIDO VERDE ECOLOGISTA DE M\u00c9XICO<\/strong><br \/>\nEstefan\u00eda Bastida Cuevas (Propietario)<br \/>\nGuadalupe Torres Navarro (Suplente)<br \/>\nCarlos Marcelo Ruiz S\u00e1nchez (Propietario)<br \/>\nMarcos Isle\u00f1o Andrade (Suplente)<\/p>\n<p><strong>PARTIDO DEL TRABAJO<\/strong><br \/>\nElizabeth Morales Garc\u00eda (Propietario)<br \/>\nKarla Edith S\u00e1nchez P\u00e9rez (Suplente)<\/p>\n<p><strong>MOVIMIENTO CIUDADANO<\/strong><br \/>\nAdri\u00e1n Sigfrido \u00c1vila Estrada (Propietario)<br \/>\nLuis Roberto Carbonell de la Hoz Garcializardi (Suplente)<br \/>\nMar\u00eda Elena C\u00f3rdova Molina (Propietario)<br \/>\nMayra Ang\u00e9lica Amador P\u00e9rez (Suplente)<\/p>\n<p><strong>MORENA<\/strong><br \/>\nIvonne Selene Duran L\u00f3pez (Propietario)<br \/>\nKinary Yamilet Huesca Marcelo (Suplente)<br \/>\nDiego Casta\u00f1eda Aburto (Propietario)<br \/>\nEsteban Ram\u00edrez Zepeta (Suplente)<br \/>\nDaniela Flores Barnils (Propietario)<br \/>\nAlejandro Porras Mar\u00edn (Propietario)<br \/>\nLuis Fernando Cervantes Cruz (Suplente)<br \/>\nVictoria Guti\u00e9rrez P\u00e9rez (Propietario)<br \/>\nCitlali Sarahi Escobedo Segura (Suplente)<br \/>\nJos\u00e9 Reveriano Mar\u00edn Hern\u00e1ndez (Propietario)<br \/>\nJuan Carlos Torres Ram\u00edrez (Suplente)<br \/>\nAstrid S\u00e1nchez Moguel (Propietario)<br \/>\nZayra Rossali Fern\u00e1ndez Barrag\u00e1n (Suplente)<br \/>\nOmar Edmundo Blanco Mart\u00ednez (Propietario)<br \/>\nIv\u00e1n Osvaldo Montiel Taxilaga (Suplente)<br \/>\nValeria M\u00e9ndez Moctezuma (Propietario)<br \/>\nSara In\u00e9s Palomino Salinas (Suplente)<\/p>\n<p>Por \u00faltimo, cabe destacar que, previamente en sesi\u00f3n urgente, el Consejo General del OPLE Veracruz aprob\u00f3 las respuestas de las consultas formuladas por los ciudadanos, Alejandro Gaona Hern\u00e1ndez y Jos\u00e9 Luis Tehuintle Xocua.<\/p>\n<p>&nbsp;<\/p>\n","protected":false},"excerpt":{"rendered":"<p>Xalapa, Ver.- El Consejo General del Organismo P\u00fablico Local Electoral del Estado de Veracruz (OPLE Veracruz) aprob\u00f3 el c\u00f3mputo de la circunscripci\u00f3n plurinominal, la declaraci\u00f3n de validez de la elecci\u00f3n de diputaciones locales por el principio de Representaci\u00f3n Proporcional y la asignaci\u00f3n de las veinte diputaciones por este principio en el Proceso Electoral Local Ordinario 2023-2024. En sesi\u00f3n especial, la Consejera Presidenta del OPLE Veracruz, Marisol Alicia Delgadillo Morales asegur\u00f3 que para la asignaci\u00f3n de esca\u00f1os se atiene al marco constitucional y legal establecido, as\u00ed como al acatamiento de la&hellip;<\/p>\n","protected":false},"author":1,"featured_media":109256,"comment_status":"open","ping_status":"closed","sticky":false,"template":"","format":"standard","meta":{"footnotes":""},"categories":[3,4],"tags":[980],"class_list":["post-109255","post","type-post","status-publish","format-standard","has-post-thumbnail","hentry","category-destacadas","category-estatal","tag-ople-veracruz"],"jetpack-related-posts":[],"_links":{"self":[{"href":"https:\/\/www.noticiasperfil.com\/index\/wp-json\/wp\/v2\/posts\/109255","targetHints":{"allow":["GET"]}}],"collection":[{"href":"https:\/\/www.noticiasperfil.com\/index\/wp-json\/wp\/v2\/posts"}],"about":[{"href":"https:\/\/www.noticiasperfil.com\/index\/wp-json\/wp\/v2\/types\/post"}],"author":[{"embeddable":true,"href":"https:\/\/www.noticiasperfil.com\/index\/wp-json\/wp\/v2\/users\/1"}],"replies":[{"embeddable":true,"href":"https:\/\/www.noticiasperfil.com\/index\/wp-json\/wp\/v2\/comments?post=109255"}],"version-history":[{"count":1,"href":"https:\/\/www.noticiasperfil.com\/index\/wp-json\/wp\/v2\/posts\/109255\/revisions"}],"predecessor-version":[{"id":109257,"href":"https:\/\/www.noticiasperfil.com\/index\/wp-json\/wp\/v2\/posts\/109255\/revisions\/109257"}],"wp:featuredmedia":[{"embeddable":true,"href":"https:\/\/www.noticiasperfil.com\/index\/wp-json\/wp\/v2\/media\/109256"}],"wp:attachment":[{"href":"https:\/\/www.noticiasperfil.com\/index\/wp-json\/wp\/v2\/media?parent=109255"}],"wp:term":[{"taxonomy":"category","embeddable":true,"href":"https:\/\/www.noticiasperfil.com\/index\/wp-json\/wp\/v2\/categories?post=109255"},{"taxonomy":"post_tag","embeddable":true,"href":"https:\/\/www.noticiasperfil.com\/index\/wp-json\/wp\/v2\/tags?post=109255"}],"curies":[{"name":"wp","href":"https:\/\/api.w.org\/{rel}","templated":true}]}}