{"id":109446,"date":"2024-10-29T20:05:35","date_gmt":"2024-10-30T02:05:35","guid":{"rendered":"https:\/\/www.noticiasperfil.com\/index\/?p=109446"},"modified":"2024-10-29T20:05:35","modified_gmt":"2024-10-30T02:05:35","slug":"angel-r-cabada-realiza-emotivo-desfile-en-conmemoracion-del-dia-internacional-de-la-lucha-contra-el-cancer-de-mama","status":"publish","type":"post","link":"https:\/\/www.noticiasperfil.com\/index\/2024\/10\/29\/angel-r-cabada-realiza-emotivo-desfile-en-conmemoracion-del-dia-internacional-de-la-lucha-contra-el-cancer-de-mama\/","title":{"rendered":"\u00c1ngel R. Cabada realiza emotivo desfile en conmemoraci\u00f3n del D\u00eda Internacional de la Lucha contra el C\u00e1ncer de Mama"},"content":{"rendered":"<p><img loading=\"lazy\" decoding=\"async\" data-attachment-id=\"109447\" data-permalink=\"https:\/\/www.noticiasperfil.com\/index\/2024\/10\/29\/angel-r-cabada-realiza-emotivo-desfile-en-conmemoracion-del-dia-internacional-de-la-lucha-contra-el-cancer-de-mama\/desfile-rosa-cabada-01\/\" data-orig-file=\"https:\/\/i1.wp.com\/www.noticiasperfil.com\/index\/wp-content\/uploads\/2024\/10\/desfile-rosa-cabada-01.jpg?fit=900%2C600&amp;ssl=1\" data-orig-size=\"900,600\" data-comments-opened=\"1\" data-image-meta=\"{&quot;aperture&quot;:&quot;0&quot;,&quot;credit&quot;:&quot;&quot;,&quot;camera&quot;:&quot;&quot;,&quot;caption&quot;:&quot;&quot;,&quot;created_timestamp&quot;:&quot;0&quot;,&quot;copyright&quot;:&quot;&quot;,&quot;focal_length&quot;:&quot;0&quot;,&quot;iso&quot;:&quot;0&quot;,&quot;shutter_speed&quot;:&quot;0&quot;,&quot;title&quot;:&quot;&quot;,&quot;orientation&quot;:&quot;0&quot;}\" data-image-title=\"desfile-rosa-cabada-01\" data-image-description=\"\" data-medium-file=\"https:\/\/i1.wp.com\/www.noticiasperfil.com\/index\/wp-content\/uploads\/2024\/10\/desfile-rosa-cabada-01.jpg?fit=660%2C365&amp;ssl=1\" data-large-file=\"https:\/\/i1.wp.com\/www.noticiasperfil.com\/index\/wp-content\/uploads\/2024\/10\/desfile-rosa-cabada-01.jpg?fit=640%2C366&amp;ssl=1\" class=\"aligncenter size-full wp-image-109447\" src=\"https:\/\/i1.wp.com\/www.noticiasperfil.com\/index\/wp-content\/uploads\/2024\/10\/desfile-rosa-cabada-01.jpg?resize=640%2C427&#038;ssl=1\" alt=\"\" width=\"640\" height=\"427\" data-recalc-dims=\"1\" \/><\/p>\n<p>\u00c1ngel R. Cabada, Ver., 19 de octubre de 2024\u2014 En el marco del Mes Rosa, el Ayuntamiento de Cabada 2022 &#8211; 2025, bajo la direcci\u00f3n del alcalde Julio Cesar Garcia Machucho, organiz\u00f3 un emotivo desfile por las principales calles de la localidad, en honor al D\u00eda Internacional de la Lucha contra el C\u00e1ncer de Mama, celebrado cada 19 de octubre por iniciativa de la Organizaci\u00f3n Mundial de la Salud (OMS).<\/p>\n<p><img loading=\"lazy\" decoding=\"async\" data-attachment-id=\"109448\" data-permalink=\"https:\/\/www.noticiasperfil.com\/index\/2024\/10\/29\/angel-r-cabada-realiza-emotivo-desfile-en-conmemoracion-del-dia-internacional-de-la-lucha-contra-el-cancer-de-mama\/desfile-rosa-cabada-02\/\" data-orig-file=\"https:\/\/i0.wp.com\/www.noticiasperfil.com\/index\/wp-content\/uploads\/2024\/10\/desfile-rosa-cabada-02.jpg?fit=900%2C600&amp;ssl=1\" data-orig-size=\"900,600\" data-comments-opened=\"1\" data-image-meta=\"{&quot;aperture&quot;:&quot;0&quot;,&quot;credit&quot;:&quot;&quot;,&quot;camera&quot;:&quot;&quot;,&quot;caption&quot;:&quot;&quot;,&quot;created_timestamp&quot;:&quot;0&quot;,&quot;copyright&quot;:&quot;&quot;,&quot;focal_length&quot;:&quot;0&quot;,&quot;iso&quot;:&quot;0&quot;,&quot;shutter_speed&quot;:&quot;0&quot;,&quot;title&quot;:&quot;&quot;,&quot;orientation&quot;:&quot;0&quot;}\" data-image-title=\"desfile-rosa-cabada-02\" data-image-description=\"\" data-medium-file=\"https:\/\/i0.wp.com\/www.noticiasperfil.com\/index\/wp-content\/uploads\/2024\/10\/desfile-rosa-cabada-02.jpg?fit=660%2C365&amp;ssl=1\" data-large-file=\"https:\/\/i0.wp.com\/www.noticiasperfil.com\/index\/wp-content\/uploads\/2024\/10\/desfile-rosa-cabada-02.jpg?fit=640%2C366&amp;ssl=1\" class=\"aligncenter size-full wp-image-109448\" src=\"https:\/\/i0.wp.com\/www.noticiasperfil.com\/index\/wp-content\/uploads\/2024\/10\/desfile-rosa-cabada-02.jpg?resize=640%2C427&#038;ssl=1\" alt=\"\" width=\"640\" height=\"427\" data-recalc-dims=\"1\" \/><\/p>\n<p>El evento cont\u00f3 con una gran participaci\u00f3n de la comunidad y estuvo encabezado por autoridades municipales, representantes del Instituto de la Mujer, la presidenta del Sistema Municipal DIF, personal del organismo, agentes municipales, estudiantes y maestros de diversas instituciones educativas. Todos marcharon juntos, unidos en un solo prop\u00f3sito: concientizar sobre la importancia de la detecci\u00f3n temprana del c\u00e1ncer de mama y ofrecer un mensaje de apoyo y solidaridad a quienes enfrentan esta enfermedad.<\/p>\n<p><img loading=\"lazy\" decoding=\"async\" data-attachment-id=\"109449\" data-permalink=\"https:\/\/www.noticiasperfil.com\/index\/2024\/10\/29\/angel-r-cabada-realiza-emotivo-desfile-en-conmemoracion-del-dia-internacional-de-la-lucha-contra-el-cancer-de-mama\/desfile-rosa-cabada-03\/\" data-orig-file=\"https:\/\/i2.wp.com\/www.noticiasperfil.com\/index\/wp-content\/uploads\/2024\/10\/desfile-rosa-cabada-03.jpg?fit=900%2C600&amp;ssl=1\" data-orig-size=\"900,600\" data-comments-opened=\"1\" data-image-meta=\"{&quot;aperture&quot;:&quot;0&quot;,&quot;credit&quot;:&quot;&quot;,&quot;camera&quot;:&quot;&quot;,&quot;caption&quot;:&quot;&quot;,&quot;created_timestamp&quot;:&quot;0&quot;,&quot;copyright&quot;:&quot;&quot;,&quot;focal_length&quot;:&quot;0&quot;,&quot;iso&quot;:&quot;0&quot;,&quot;shutter_speed&quot;:&quot;0&quot;,&quot;title&quot;:&quot;&quot;,&quot;orientation&quot;:&quot;0&quot;}\" data-image-title=\"desfile-rosa-cabada-03\" data-image-description=\"\" data-medium-file=\"https:\/\/i2.wp.com\/www.noticiasperfil.com\/index\/wp-content\/uploads\/2024\/10\/desfile-rosa-cabada-03.jpg?fit=660%2C365&amp;ssl=1\" data-large-file=\"https:\/\/i2.wp.com\/www.noticiasperfil.com\/index\/wp-content\/uploads\/2024\/10\/desfile-rosa-cabada-03.jpg?fit=640%2C366&amp;ssl=1\" class=\"aligncenter size-full wp-image-109449\" src=\"https:\/\/i2.wp.com\/www.noticiasperfil.com\/index\/wp-content\/uploads\/2024\/10\/desfile-rosa-cabada-03.jpg?resize=640%2C427&#038;ssl=1\" alt=\"\" width=\"640\" height=\"427\" data-recalc-dims=\"1\" \/><\/p>\n<p>Al concluir el desfile, se realiz\u00f3 una pl\u00e1tica en la que se compartieron testimonios de personas que han vivido de cerca esta batalla. Estos relatos conmovedores recordaron a los asistentes la importancia de un diagn\u00f3stico temprano, ya que, como se enfatiz\u00f3 durante la jornada, \u00ab\u00a1Un diagn\u00f3stico a tiempo puede salvar tu vida!\u00bb<\/p>\n<p><img loading=\"lazy\" decoding=\"async\" data-attachment-id=\"109450\" data-permalink=\"https:\/\/www.noticiasperfil.com\/index\/2024\/10\/29\/angel-r-cabada-realiza-emotivo-desfile-en-conmemoracion-del-dia-internacional-de-la-lucha-contra-el-cancer-de-mama\/desfile-rosa-cabada-04\/\" data-orig-file=\"https:\/\/i1.wp.com\/www.noticiasperfil.com\/index\/wp-content\/uploads\/2024\/10\/desfile-rosa-cabada-04.jpg?fit=900%2C600&amp;ssl=1\" data-orig-size=\"900,600\" data-comments-opened=\"1\" data-image-meta=\"{&quot;aperture&quot;:&quot;0&quot;,&quot;credit&quot;:&quot;&quot;,&quot;camera&quot;:&quot;&quot;,&quot;caption&quot;:&quot;&quot;,&quot;created_timestamp&quot;:&quot;0&quot;,&quot;copyright&quot;:&quot;&quot;,&quot;focal_length&quot;:&quot;0&quot;,&quot;iso&quot;:&quot;0&quot;,&quot;shutter_speed&quot;:&quot;0&quot;,&quot;title&quot;:&quot;&quot;,&quot;orientation&quot;:&quot;0&quot;}\" data-image-title=\"desfile-rosa-cabada-04\" data-image-description=\"\" data-medium-file=\"https:\/\/i1.wp.com\/www.noticiasperfil.com\/index\/wp-content\/uploads\/2024\/10\/desfile-rosa-cabada-04.jpg?fit=660%2C365&amp;ssl=1\" data-large-file=\"https:\/\/i1.wp.com\/www.noticiasperfil.com\/index\/wp-content\/uploads\/2024\/10\/desfile-rosa-cabada-04.jpg?fit=640%2C366&amp;ssl=1\" class=\"aligncenter size-full wp-image-109450\" src=\"https:\/\/i1.wp.com\/www.noticiasperfil.com\/index\/wp-content\/uploads\/2024\/10\/desfile-rosa-cabada-04.jpg?resize=640%2C427&#038;ssl=1\" alt=\"\" width=\"640\" height=\"427\" data-recalc-dims=\"1\" \/><\/p>\n<p>El mensaje principal de la campa\u00f1a, \u00abTOCATE PARA QUE NO TE TOQUE\u00bb, reson\u00f3 entre los asistentes como un recordatorio crucial de que el autocuidado es el primer paso para reducir el impacto del c\u00e1ncer de mama.<\/p>\n<p><img loading=\"lazy\" decoding=\"async\" data-attachment-id=\"109451\" data-permalink=\"https:\/\/www.noticiasperfil.com\/index\/2024\/10\/29\/angel-r-cabada-realiza-emotivo-desfile-en-conmemoracion-del-dia-internacional-de-la-lucha-contra-el-cancer-de-mama\/desfile-rosa-cabada-05\/\" data-orig-file=\"https:\/\/i1.wp.com\/www.noticiasperfil.com\/index\/wp-content\/uploads\/2024\/10\/desfile-rosa-cabada-05.jpg?fit=900%2C600&amp;ssl=1\" data-orig-size=\"900,600\" data-comments-opened=\"1\" data-image-meta=\"{&quot;aperture&quot;:&quot;0&quot;,&quot;credit&quot;:&quot;&quot;,&quot;camera&quot;:&quot;&quot;,&quot;caption&quot;:&quot;&quot;,&quot;created_timestamp&quot;:&quot;0&quot;,&quot;copyright&quot;:&quot;&quot;,&quot;focal_length&quot;:&quot;0&quot;,&quot;iso&quot;:&quot;0&quot;,&quot;shutter_speed&quot;:&quot;0&quot;,&quot;title&quot;:&quot;&quot;,&quot;orientation&quot;:&quot;0&quot;}\" data-image-title=\"desfile-rosa-cabada-05\" data-image-description=\"\" data-medium-file=\"https:\/\/i1.wp.com\/www.noticiasperfil.com\/index\/wp-content\/uploads\/2024\/10\/desfile-rosa-cabada-05.jpg?fit=660%2C365&amp;ssl=1\" data-large-file=\"https:\/\/i1.wp.com\/www.noticiasperfil.com\/index\/wp-content\/uploads\/2024\/10\/desfile-rosa-cabada-05.jpg?fit=640%2C366&amp;ssl=1\" class=\"aligncenter size-full wp-image-109451\" src=\"https:\/\/i1.wp.com\/www.noticiasperfil.com\/index\/wp-content\/uploads\/2024\/10\/desfile-rosa-cabada-05.jpg?resize=640%2C427&#038;ssl=1\" alt=\"\" width=\"640\" height=\"427\" data-recalc-dims=\"1\" \/><\/p>\n","protected":false},"excerpt":{"rendered":"<p>\u00c1ngel R. Cabada, Ver., 19 de octubre de 2024\u2014 En el marco del Mes Rosa, el Ayuntamiento de Cabada 2022 &#8211; 2025, bajo la direcci\u00f3n del alcalde Julio Cesar Garcia Machucho, organiz\u00f3 un emotivo desfile por las principales calles de la localidad, en honor al D\u00eda Internacional de la Lucha contra el C\u00e1ncer de Mama, celebrado cada 19 de octubre por iniciativa de la Organizaci\u00f3n Mundial de la Salud (OMS). El evento cont\u00f3 con una gran participaci\u00f3n de la comunidad y estuvo encabezado por autoridades municipales, representantes del Instituto de&hellip;<\/p>\n","protected":false},"author":1,"featured_media":109447,"comment_status":"open","ping_status":"closed","sticky":false,"template":"","format":"standard","meta":{"footnotes":""},"categories":[3,16],"tags":[7082,9036],"class_list":["post-109446","post","type-post","status-publish","format-standard","has-post-thumbnail","hentry","category-destacadas","category-zona-canera","tag-cancer-de-mama","tag-julio-cesar-garcia-machucho"],"jetpack-related-posts":[],"_links":{"self":[{"href":"https:\/\/www.noticiasperfil.com\/index\/wp-json\/wp\/v2\/posts\/109446","targetHints":{"allow":["GET"]}}],"collection":[{"href":"https:\/\/www.noticiasperfil.com\/index\/wp-json\/wp\/v2\/posts"}],"about":[{"href":"https:\/\/www.noticiasperfil.com\/index\/wp-json\/wp\/v2\/types\/post"}],"author":[{"embeddable":true,"href":"https:\/\/www.noticiasperfil.com\/index\/wp-json\/wp\/v2\/users\/1"}],"replies":[{"embeddable":true,"href":"https:\/\/www.noticiasperfil.com\/index\/wp-json\/wp\/v2\/comments?post=109446"}],"version-history":[{"count":1,"href":"https:\/\/www.noticiasperfil.com\/index\/wp-json\/wp\/v2\/posts\/109446\/revisions"}],"predecessor-version":[{"id":109452,"href":"https:\/\/www.noticiasperfil.com\/index\/wp-json\/wp\/v2\/posts\/109446\/revisions\/109452"}],"wp:featuredmedia":[{"embeddable":true,"href":"https:\/\/www.noticiasperfil.com\/index\/wp-json\/wp\/v2\/media\/109447"}],"wp:attachment":[{"href":"https:\/\/www.noticiasperfil.com\/index\/wp-json\/wp\/v2\/media?parent=109446"}],"wp:term":[{"taxonomy":"category","embeddable":true,"href":"https:\/\/www.noticiasperfil.com\/index\/wp-json\/wp\/v2\/categories?post=109446"},{"taxonomy":"post_tag","embeddable":true,"href":"https:\/\/www.noticiasperfil.com\/index\/wp-json\/wp\/v2\/tags?post=109446"}],"curies":[{"name":"wp","href":"https:\/\/api.w.org\/{rel}","templated":true}]}}