{"id":109453,"date":"2024-10-29T20:12:07","date_gmt":"2024-10-30T02:12:07","guid":{"rendered":"https:\/\/www.noticiasperfil.com\/index\/?p=109453"},"modified":"2024-10-29T20:12:07","modified_gmt":"2024-10-30T02:12:07","slug":"continua-entrega-de-apoyos-a-damnificados-por-nadine-en-cabada","status":"publish","type":"post","link":"https:\/\/www.noticiasperfil.com\/index\/2024\/10\/29\/continua-entrega-de-apoyos-a-damnificados-por-nadine-en-cabada\/","title":{"rendered":"Contin\u00faa entrega de apoyos a damnificados por &#8216;Nadine&#8217;, en Cabada"},"content":{"rendered":"<p><img loading=\"lazy\" decoding=\"async\" data-attachment-id=\"109454\" data-permalink=\"https:\/\/www.noticiasperfil.com\/index\/2024\/10\/29\/continua-entrega-de-apoyos-a-damnificados-por-nadine-en-cabada\/cabada-apoyos-01\/\" data-orig-file=\"https:\/\/i0.wp.com\/www.noticiasperfil.com\/index\/wp-content\/uploads\/2024\/10\/cabada-apoyos-01.jpg?fit=900%2C506&amp;ssl=1\" data-orig-size=\"900,506\" data-comments-opened=\"1\" data-image-meta=\"{&quot;aperture&quot;:&quot;0&quot;,&quot;credit&quot;:&quot;&quot;,&quot;camera&quot;:&quot;&quot;,&quot;caption&quot;:&quot;&quot;,&quot;created_timestamp&quot;:&quot;0&quot;,&quot;copyright&quot;:&quot;&quot;,&quot;focal_length&quot;:&quot;0&quot;,&quot;iso&quot;:&quot;0&quot;,&quot;shutter_speed&quot;:&quot;0&quot;,&quot;title&quot;:&quot;&quot;,&quot;orientation&quot;:&quot;0&quot;}\" data-image-title=\"cabada-apoyos-01\" data-image-description=\"\" data-medium-file=\"https:\/\/i0.wp.com\/www.noticiasperfil.com\/index\/wp-content\/uploads\/2024\/10\/cabada-apoyos-01.jpg?fit=660%2C365&amp;ssl=1\" data-large-file=\"https:\/\/i0.wp.com\/www.noticiasperfil.com\/index\/wp-content\/uploads\/2024\/10\/cabada-apoyos-01.jpg?fit=640%2C366&amp;ssl=1\" class=\"aligncenter size-full wp-image-109454\" src=\"https:\/\/i0.wp.com\/www.noticiasperfil.com\/index\/wp-content\/uploads\/2024\/10\/cabada-apoyos-01.jpg?resize=640%2C360&#038;ssl=1\" alt=\"\" width=\"640\" height=\"360\" srcset=\"https:\/\/i0.wp.com\/www.noticiasperfil.com\/index\/wp-content\/uploads\/2024\/10\/cabada-apoyos-01.jpg?w=900&amp;ssl=1 900w, https:\/\/i0.wp.com\/www.noticiasperfil.com\/index\/wp-content\/uploads\/2024\/10\/cabada-apoyos-01.jpg?resize=500%2C280&amp;ssl=1 500w\" sizes=\"auto, (max-width: 640px) 100vw, 640px\" data-recalc-dims=\"1\" \/><\/p>\n<p>\u00c1ngel R. Cabada.- Las brigadas de apoyo y rescate del Ayuntamiento encabezadas por el alcalde Julio C\u00e9sar Garc\u00eda Machucho continuaron con el recorrido por las localidades afectadas por la depresi\u00f3n tropical Nadine.<\/p>\n<div data-carousel-extra='{\"blog_id\":1,\"permalink\":\"https:\\\/\\\/www.noticiasperfil.com\\\/index\\\/2024\\\/10\\\/29\\\/continua-entrega-de-apoyos-a-damnificados-por-nadine-en-cabada\\\/\"}' id='gallery-1' class='gallery galleryid-109453 gallery-columns-2 gallery-size-medium'><figure class='gallery-item'>\n\t\t\t<div class='gallery-icon landscape'>\n\t\t\t\t<a href='https:\/\/www.noticiasperfil.com\/index\/2024\/10\/29\/continua-entrega-de-apoyos-a-damnificados-por-nadine-en-cabada\/cabada-apoyos-02\/'><img loading=\"lazy\" decoding=\"async\" width=\"660\" height=\"365\" src=\"https:\/\/i0.wp.com\/www.noticiasperfil.com\/index\/wp-content\/uploads\/2024\/10\/cabada-apoyos-02.jpg?fit=660%2C365&amp;ssl=1\" class=\"attachment-medium size-medium\" alt=\"\" data-attachment-id=\"109455\" data-permalink=\"https:\/\/www.noticiasperfil.com\/index\/2024\/10\/29\/continua-entrega-de-apoyos-a-damnificados-por-nadine-en-cabada\/cabada-apoyos-02\/\" data-orig-file=\"https:\/\/i0.wp.com\/www.noticiasperfil.com\/index\/wp-content\/uploads\/2024\/10\/cabada-apoyos-02.jpg?fit=900%2C675&amp;ssl=1\" data-orig-size=\"900,675\" data-comments-opened=\"1\" data-image-meta=\"{&quot;aperture&quot;:&quot;0&quot;,&quot;credit&quot;:&quot;&quot;,&quot;camera&quot;:&quot;&quot;,&quot;caption&quot;:&quot;&quot;,&quot;created_timestamp&quot;:&quot;0&quot;,&quot;copyright&quot;:&quot;&quot;,&quot;focal_length&quot;:&quot;0&quot;,&quot;iso&quot;:&quot;0&quot;,&quot;shutter_speed&quot;:&quot;0&quot;,&quot;title&quot;:&quot;&quot;,&quot;orientation&quot;:&quot;0&quot;}\" data-image-title=\"cabada-apoyos-02\" data-image-description=\"\" data-medium-file=\"https:\/\/i0.wp.com\/www.noticiasperfil.com\/index\/wp-content\/uploads\/2024\/10\/cabada-apoyos-02.jpg?fit=660%2C365&amp;ssl=1\" data-large-file=\"https:\/\/i0.wp.com\/www.noticiasperfil.com\/index\/wp-content\/uploads\/2024\/10\/cabada-apoyos-02.jpg?fit=640%2C366&amp;ssl=1\" \/><\/a>\n\t\t\t<\/div><\/figure><figure class='gallery-item'>\n\t\t\t<div class='gallery-icon landscape'>\n\t\t\t\t<a href='https:\/\/www.noticiasperfil.com\/index\/2024\/10\/29\/continua-entrega-de-apoyos-a-damnificados-por-nadine-en-cabada\/cabada-apoyos-03\/'><img loading=\"lazy\" decoding=\"async\" width=\"660\" height=\"365\" src=\"https:\/\/i0.wp.com\/www.noticiasperfil.com\/index\/wp-content\/uploads\/2024\/10\/cabada-apoyos-03.jpg?fit=660%2C365&amp;ssl=1\" class=\"attachment-medium size-medium\" alt=\"\" data-attachment-id=\"109456\" data-permalink=\"https:\/\/www.noticiasperfil.com\/index\/2024\/10\/29\/continua-entrega-de-apoyos-a-damnificados-por-nadine-en-cabada\/cabada-apoyos-03\/\" data-orig-file=\"https:\/\/i0.wp.com\/www.noticiasperfil.com\/index\/wp-content\/uploads\/2024\/10\/cabada-apoyos-03.jpg?fit=900%2C675&amp;ssl=1\" data-orig-size=\"900,675\" data-comments-opened=\"1\" data-image-meta=\"{&quot;aperture&quot;:&quot;0&quot;,&quot;credit&quot;:&quot;&quot;,&quot;camera&quot;:&quot;&quot;,&quot;caption&quot;:&quot;&quot;,&quot;created_timestamp&quot;:&quot;0&quot;,&quot;copyright&quot;:&quot;&quot;,&quot;focal_length&quot;:&quot;0&quot;,&quot;iso&quot;:&quot;0&quot;,&quot;shutter_speed&quot;:&quot;0&quot;,&quot;title&quot;:&quot;&quot;,&quot;orientation&quot;:&quot;0&quot;}\" data-image-title=\"cabada-apoyos-03\" data-image-description=\"\" data-medium-file=\"https:\/\/i0.wp.com\/www.noticiasperfil.com\/index\/wp-content\/uploads\/2024\/10\/cabada-apoyos-03.jpg?fit=660%2C365&amp;ssl=1\" data-large-file=\"https:\/\/i0.wp.com\/www.noticiasperfil.com\/index\/wp-content\/uploads\/2024\/10\/cabada-apoyos-03.jpg?fit=640%2C366&amp;ssl=1\" \/><\/a>\n\t\t\t<\/div><\/figure>\n\t\t<\/div>\n\n<p>La sindica Samanta S\u00e1nchez del Hoyo, los regidores Paola Ramos Palagot y Jorge Ruiz Cardozo, la Presidenta del DIF Esmeralda Guti\u00e9rrez Machucho as\u00ed como cuerpos de rescate, seguridad y protecci\u00f3n civil recorrieron las comunidades, Providencia.<\/p>\n<div data-carousel-extra='{\"blog_id\":1,\"permalink\":\"https:\\\/\\\/www.noticiasperfil.com\\\/index\\\/2024\\\/10\\\/29\\\/continua-entrega-de-apoyos-a-damnificados-por-nadine-en-cabada\\\/\"}' id='gallery-2' class='gallery galleryid-109453 gallery-columns-2 gallery-size-medium'><figure class='gallery-item'>\n\t\t\t<div class='gallery-icon landscape'>\n\t\t\t\t<a href='https:\/\/www.noticiasperfil.com\/index\/2024\/10\/29\/continua-entrega-de-apoyos-a-damnificados-por-nadine-en-cabada\/cabada-apoyos-04\/'><img loading=\"lazy\" decoding=\"async\" width=\"660\" height=\"365\" src=\"https:\/\/i1.wp.com\/www.noticiasperfil.com\/index\/wp-content\/uploads\/2024\/10\/cabada-apoyos-04.jpg?fit=660%2C365&amp;ssl=1\" class=\"attachment-medium size-medium\" alt=\"\" data-attachment-id=\"109457\" data-permalink=\"https:\/\/www.noticiasperfil.com\/index\/2024\/10\/29\/continua-entrega-de-apoyos-a-damnificados-por-nadine-en-cabada\/cabada-apoyos-04\/\" data-orig-file=\"https:\/\/i1.wp.com\/www.noticiasperfil.com\/index\/wp-content\/uploads\/2024\/10\/cabada-apoyos-04.jpg?fit=900%2C675&amp;ssl=1\" data-orig-size=\"900,675\" data-comments-opened=\"1\" data-image-meta=\"{&quot;aperture&quot;:&quot;0&quot;,&quot;credit&quot;:&quot;&quot;,&quot;camera&quot;:&quot;&quot;,&quot;caption&quot;:&quot;&quot;,&quot;created_timestamp&quot;:&quot;0&quot;,&quot;copyright&quot;:&quot;&quot;,&quot;focal_length&quot;:&quot;0&quot;,&quot;iso&quot;:&quot;0&quot;,&quot;shutter_speed&quot;:&quot;0&quot;,&quot;title&quot;:&quot;&quot;,&quot;orientation&quot;:&quot;0&quot;}\" data-image-title=\"cabada-apoyos-04\" data-image-description=\"\" data-medium-file=\"https:\/\/i1.wp.com\/www.noticiasperfil.com\/index\/wp-content\/uploads\/2024\/10\/cabada-apoyos-04.jpg?fit=660%2C365&amp;ssl=1\" data-large-file=\"https:\/\/i1.wp.com\/www.noticiasperfil.com\/index\/wp-content\/uploads\/2024\/10\/cabada-apoyos-04.jpg?fit=640%2C366&amp;ssl=1\" \/><\/a>\n\t\t\t<\/div><\/figure><figure class='gallery-item'>\n\t\t\t<div class='gallery-icon landscape'>\n\t\t\t\t<a href='https:\/\/www.noticiasperfil.com\/index\/2024\/10\/29\/continua-entrega-de-apoyos-a-damnificados-por-nadine-en-cabada\/cabada-apoyos-05\/'><img loading=\"lazy\" decoding=\"async\" width=\"660\" height=\"365\" src=\"https:\/\/i2.wp.com\/www.noticiasperfil.com\/index\/wp-content\/uploads\/2024\/10\/cabada-apoyos-05.jpg?fit=660%2C365&amp;ssl=1\" class=\"attachment-medium size-medium\" alt=\"\" data-attachment-id=\"109458\" data-permalink=\"https:\/\/www.noticiasperfil.com\/index\/2024\/10\/29\/continua-entrega-de-apoyos-a-damnificados-por-nadine-en-cabada\/cabada-apoyos-05\/\" data-orig-file=\"https:\/\/i2.wp.com\/www.noticiasperfil.com\/index\/wp-content\/uploads\/2024\/10\/cabada-apoyos-05.jpg?fit=900%2C675&amp;ssl=1\" data-orig-size=\"900,675\" data-comments-opened=\"1\" data-image-meta=\"{&quot;aperture&quot;:&quot;0&quot;,&quot;credit&quot;:&quot;&quot;,&quot;camera&quot;:&quot;&quot;,&quot;caption&quot;:&quot;&quot;,&quot;created_timestamp&quot;:&quot;0&quot;,&quot;copyright&quot;:&quot;&quot;,&quot;focal_length&quot;:&quot;0&quot;,&quot;iso&quot;:&quot;0&quot;,&quot;shutter_speed&quot;:&quot;0&quot;,&quot;title&quot;:&quot;&quot;,&quot;orientation&quot;:&quot;0&quot;}\" data-image-title=\"cabada-apoyos-05\" data-image-description=\"\" data-medium-file=\"https:\/\/i2.wp.com\/www.noticiasperfil.com\/index\/wp-content\/uploads\/2024\/10\/cabada-apoyos-05.jpg?fit=660%2C365&amp;ssl=1\" data-large-file=\"https:\/\/i2.wp.com\/www.noticiasperfil.com\/index\/wp-content\/uploads\/2024\/10\/cabada-apoyos-05.jpg?fit=640%2C366&amp;ssl=1\" \/><\/a>\n\t\t\t<\/div><\/figure>\n\t\t<\/div>\n\n<p>El Jobo, Ixhuapan, Suchapan , La perla de michapan, Santa Ana, La sardina y Laguna de Majahual, llevando paquetes alimentarios, colchonetas, agua y cobertores a las familias afectadas.<\/p>\n","protected":false},"excerpt":{"rendered":"<p>\u00c1ngel R. Cabada.- Las brigadas de apoyo y rescate del Ayuntamiento encabezadas por el alcalde Julio C\u00e9sar Garc\u00eda Machucho continuaron con el recorrido por las localidades afectadas por la depresi\u00f3n tropical Nadine. La sindica Samanta S\u00e1nchez del Hoyo, los regidores Paola Ramos Palagot y Jorge Ruiz Cardozo, la Presidenta del DIF Esmeralda Guti\u00e9rrez Machucho as\u00ed como cuerpos de rescate, seguridad y protecci\u00f3n civil recorrieron las comunidades, Providencia. El Jobo, Ixhuapan, Suchapan , La perla de michapan, Santa Ana, La sardina y Laguna de Majahual, llevando paquetes alimentarios, colchonetas, agua y&hellip;<\/p>\n","protected":false},"author":1,"featured_media":109454,"comment_status":"open","ping_status":"closed","sticky":false,"template":"","format":"standard","meta":{"footnotes":""},"categories":[3,16],"tags":[9036],"class_list":["post-109453","post","type-post","status-publish","format-standard","has-post-thumbnail","hentry","category-destacadas","category-zona-canera","tag-julio-cesar-garcia-machucho"],"jetpack-related-posts":[],"_links":{"self":[{"href":"https:\/\/www.noticiasperfil.com\/index\/wp-json\/wp\/v2\/posts\/109453","targetHints":{"allow":["GET"]}}],"collection":[{"href":"https:\/\/www.noticiasperfil.com\/index\/wp-json\/wp\/v2\/posts"}],"about":[{"href":"https:\/\/www.noticiasperfil.com\/index\/wp-json\/wp\/v2\/types\/post"}],"author":[{"embeddable":true,"href":"https:\/\/www.noticiasperfil.com\/index\/wp-json\/wp\/v2\/users\/1"}],"replies":[{"embeddable":true,"href":"https:\/\/www.noticiasperfil.com\/index\/wp-json\/wp\/v2\/comments?post=109453"}],"version-history":[{"count":1,"href":"https:\/\/www.noticiasperfil.com\/index\/wp-json\/wp\/v2\/posts\/109453\/revisions"}],"predecessor-version":[{"id":109459,"href":"https:\/\/www.noticiasperfil.com\/index\/wp-json\/wp\/v2\/posts\/109453\/revisions\/109459"}],"wp:featuredmedia":[{"embeddable":true,"href":"https:\/\/www.noticiasperfil.com\/index\/wp-json\/wp\/v2\/media\/109454"}],"wp:attachment":[{"href":"https:\/\/www.noticiasperfil.com\/index\/wp-json\/wp\/v2\/media?parent=109453"}],"wp:term":[{"taxonomy":"category","embeddable":true,"href":"https:\/\/www.noticiasperfil.com\/index\/wp-json\/wp\/v2\/categories?post=109453"},{"taxonomy":"post_tag","embeddable":true,"href":"https:\/\/www.noticiasperfil.com\/index\/wp-json\/wp\/v2\/tags?post=109453"}],"curies":[{"name":"wp","href":"https:\/\/api.w.org\/{rel}","templated":true}]}}