{"id":109693,"date":"2024-11-18T09:10:49","date_gmt":"2024-11-18T15:10:49","guid":{"rendered":"https:\/\/www.noticiasperfil.com\/index\/?p=109693"},"modified":"2024-11-18T09:10:49","modified_gmt":"2024-11-18T15:10:49","slug":"arriba-claudia-sheinbaum-a-cumbre-del-g20-en-brasil","status":"publish","type":"post","link":"https:\/\/www.noticiasperfil.com\/index\/2024\/11\/18\/arriba-claudia-sheinbaum-a-cumbre-del-g20-en-brasil\/","title":{"rendered":"Arriba Claudia Sheinbaum a cumbre del G20 en Brasil"},"content":{"rendered":"<p><img loading=\"lazy\" decoding=\"async\" data-attachment-id=\"109694\" data-permalink=\"https:\/\/www.noticiasperfil.com\/index\/2024\/11\/18\/arriba-claudia-sheinbaum-a-cumbre-del-g20-en-brasil\/lula-sheinbaum\/\" data-orig-file=\"https:\/\/i0.wp.com\/www.noticiasperfil.com\/index\/wp-content\/uploads\/2024\/11\/lula-sheinbaum.jpg?fit=900%2C601&amp;ssl=1\" data-orig-size=\"900,601\" data-comments-opened=\"1\" data-image-meta=\"{&quot;aperture&quot;:&quot;0&quot;,&quot;credit&quot;:&quot;&quot;,&quot;camera&quot;:&quot;&quot;,&quot;caption&quot;:&quot;&quot;,&quot;created_timestamp&quot;:&quot;0&quot;,&quot;copyright&quot;:&quot;&quot;,&quot;focal_length&quot;:&quot;0&quot;,&quot;iso&quot;:&quot;0&quot;,&quot;shutter_speed&quot;:&quot;0&quot;,&quot;title&quot;:&quot;&quot;,&quot;orientation&quot;:&quot;0&quot;}\" data-image-title=\"lula-sheinbaum\" data-image-description=\"\" data-medium-file=\"https:\/\/i0.wp.com\/www.noticiasperfil.com\/index\/wp-content\/uploads\/2024\/11\/lula-sheinbaum.jpg?fit=660%2C365&amp;ssl=1\" data-large-file=\"https:\/\/i0.wp.com\/www.noticiasperfil.com\/index\/wp-content\/uploads\/2024\/11\/lula-sheinbaum.jpg?fit=640%2C366&amp;ssl=1\" class=\"aligncenter size-full wp-image-109694\" src=\"https:\/\/i0.wp.com\/www.noticiasperfil.com\/index\/wp-content\/uploads\/2024\/11\/lula-sheinbaum.jpg?resize=640%2C427&#038;ssl=1\" alt=\"\" width=\"640\" height=\"427\" data-recalc-dims=\"1\" \/><\/p>\n<p>Ciudad de M\u00e9xico.- La presidenta Claudia Sheinbaum lleg\u00f3 a la sede de la Cumbre del G20 que se celebra este lunes, en R\u00edo de Janeiro, Brasil, donde fue recibida por el anfitri\u00f3n, su hom\u00f3logo de ese pa\u00eds, Luis In\u00e1cio Lula Da Silva.<\/p>\n<p>Por la ma\u00f1ana de este lunes, Sheinbaum Pardo lleg\u00f3 al Museo de Arte Moderno de R\u00edo de Janeiro, donde se realizar\u00e1n las actividades de esta cumbre, donde fue recibida por Da Silva y su esposa Rosangela Da Silva.<\/p>\n<p>La presidenta Claudia Sheinbaum lleg\u00f3 a la sede de la Cumbre del G20 que se celebra este lunes, en R\u00edo de Janeiro, Brasil, donde fue recibida por el anfitri\u00f3n, su hom\u00f3logo de ese pa\u00eds, Luis In\u00e1cio Lula Da Silva.<\/p>\n<p>Por la ma\u00f1ana de este lunes, Sheinbaum Pardo lleg\u00f3 al Museo de Arte Moderno de R\u00edo de Janeiro, donde se realizar\u00e1n las actividades de esta cumbre, donde fue recibida por Da Silva y su esposa Rosangela Da Silva.<\/p>\n<p>La presidenta Claudia Sheinbaum lleg\u00f3 a la sede de la Cumbre del G20 que se celebra este lunes, en R\u00edo de Janeiro, Brasil, donde fue recibida por el anfitri\u00f3n, su hom\u00f3logo de ese pa\u00eds, Luis In\u00e1cio Lula Da Silva.<\/p>\n<p>Por la ma\u00f1ana de este lunes, Sheinbaum Pardo lleg\u00f3 al Museo de Arte Moderno de R\u00edo de Janeiro, donde se realizar\u00e1n las actividades de esta cumbre, donde fue recibida por Da Silva y su esposa Rosangela Da Silva.<\/p>\n<p>&nbsp;<\/p>\n<p><em>Con informaci\u00f3n de La Raz\u00f3n.<\/em><\/p>\n","protected":false},"excerpt":{"rendered":"<p>Ciudad de M\u00e9xico.- La presidenta Claudia Sheinbaum lleg\u00f3 a la sede de la Cumbre del G20 que se celebra este lunes, en R\u00edo de Janeiro, Brasil, donde fue recibida por el anfitri\u00f3n, su hom\u00f3logo de ese pa\u00eds, Luis In\u00e1cio Lula Da Silva. Por la ma\u00f1ana de este lunes, Sheinbaum Pardo lleg\u00f3 al Museo de Arte Moderno de R\u00edo de Janeiro, donde se realizar\u00e1n las actividades de esta cumbre, donde fue recibida por Da Silva y su esposa Rosangela Da Silva. La presidenta Claudia Sheinbaum lleg\u00f3 a la sede de la&hellip;<\/p>\n","protected":false},"author":1,"featured_media":109694,"comment_status":"open","ping_status":"closed","sticky":false,"template":"","format":"standard","meta":{"footnotes":""},"categories":[3,7],"tags":[10172],"class_list":["post-109693","post","type-post","status-publish","format-standard","has-post-thumbnail","hentry","category-destacadas","category-nacional","tag-claudia-sheinbaum-pardo"],"jetpack-related-posts":[],"_links":{"self":[{"href":"https:\/\/www.noticiasperfil.com\/index\/wp-json\/wp\/v2\/posts\/109693","targetHints":{"allow":["GET"]}}],"collection":[{"href":"https:\/\/www.noticiasperfil.com\/index\/wp-json\/wp\/v2\/posts"}],"about":[{"href":"https:\/\/www.noticiasperfil.com\/index\/wp-json\/wp\/v2\/types\/post"}],"author":[{"embeddable":true,"href":"https:\/\/www.noticiasperfil.com\/index\/wp-json\/wp\/v2\/users\/1"}],"replies":[{"embeddable":true,"href":"https:\/\/www.noticiasperfil.com\/index\/wp-json\/wp\/v2\/comments?post=109693"}],"version-history":[{"count":1,"href":"https:\/\/www.noticiasperfil.com\/index\/wp-json\/wp\/v2\/posts\/109693\/revisions"}],"predecessor-version":[{"id":109695,"href":"https:\/\/www.noticiasperfil.com\/index\/wp-json\/wp\/v2\/posts\/109693\/revisions\/109695"}],"wp:featuredmedia":[{"embeddable":true,"href":"https:\/\/www.noticiasperfil.com\/index\/wp-json\/wp\/v2\/media\/109694"}],"wp:attachment":[{"href":"https:\/\/www.noticiasperfil.com\/index\/wp-json\/wp\/v2\/media?parent=109693"}],"wp:term":[{"taxonomy":"category","embeddable":true,"href":"https:\/\/www.noticiasperfil.com\/index\/wp-json\/wp\/v2\/categories?post=109693"},{"taxonomy":"post_tag","embeddable":true,"href":"https:\/\/www.noticiasperfil.com\/index\/wp-json\/wp\/v2\/tags?post=109693"}],"curies":[{"name":"wp","href":"https:\/\/api.w.org\/{rel}","templated":true}]}}