{"id":109696,"date":"2024-11-18T09:16:49","date_gmt":"2024-11-18T15:16:49","guid":{"rendered":"https:\/\/www.noticiasperfil.com\/index\/?p=109696"},"modified":"2024-11-18T09:16:49","modified_gmt":"2024-11-18T15:16:49","slug":"inaugura-cuitlahuac-garcia-y-sergio-rodriguez-el-aquarium-de-veracruz-el-mejor-de-latinoamerica","status":"publish","type":"post","link":"https:\/\/www.noticiasperfil.com\/index\/2024\/11\/18\/inaugura-cuitlahuac-garcia-y-sergio-rodriguez-el-aquarium-de-veracruz-el-mejor-de-latinoamerica\/","title":{"rendered":"Inaugura Cuitl\u00e1huac Garc\u00eda y Sergio Rodr\u00edguez, el Aquarium de Veracruz: el mejor de Latinoam\u00e9rica"},"content":{"rendered":"<p><img loading=\"lazy\" decoding=\"async\" data-attachment-id=\"109697\" data-permalink=\"https:\/\/www.noticiasperfil.com\/index\/2024\/11\/18\/inaugura-cuitlahuac-garcia-y-sergio-rodriguez-el-aquarium-de-veracruz-el-mejor-de-latinoamerica\/aquarium-veracruz-8\/\" data-orig-file=\"https:\/\/i1.wp.com\/www.noticiasperfil.com\/index\/wp-content\/uploads\/2024\/11\/aquarium-veracruz.jpg?fit=2000%2C1611&amp;ssl=1\" data-orig-size=\"2000,1611\" data-comments-opened=\"1\" data-image-meta=\"{&quot;aperture&quot;:&quot;0&quot;,&quot;credit&quot;:&quot;&quot;,&quot;camera&quot;:&quot;&quot;,&quot;caption&quot;:&quot;&quot;,&quot;created_timestamp&quot;:&quot;1731897062&quot;,&quot;copyright&quot;:&quot;&quot;,&quot;focal_length&quot;:&quot;0&quot;,&quot;iso&quot;:&quot;0&quot;,&quot;shutter_speed&quot;:&quot;0&quot;,&quot;title&quot;:&quot;&quot;,&quot;orientation&quot;:&quot;1&quot;}\" data-image-title=\"aquarium-veracruz\" data-image-description=\"\" data-medium-file=\"https:\/\/i1.wp.com\/www.noticiasperfil.com\/index\/wp-content\/uploads\/2024\/11\/aquarium-veracruz.jpg?fit=660%2C365&amp;ssl=1\" data-large-file=\"https:\/\/i1.wp.com\/www.noticiasperfil.com\/index\/wp-content\/uploads\/2024\/11\/aquarium-veracruz.jpg?fit=640%2C366&amp;ssl=1\" class=\"aligncenter size-full wp-image-109697\" src=\"https:\/\/i1.wp.com\/www.noticiasperfil.com\/index\/wp-content\/uploads\/2024\/11\/aquarium-veracruz.jpg?resize=640%2C516&#038;ssl=1\" alt=\"\" width=\"640\" height=\"516\" srcset=\"https:\/\/i1.wp.com\/www.noticiasperfil.com\/index\/wp-content\/uploads\/2024\/11\/aquarium-veracruz.jpg?w=2000&amp;ssl=1 2000w, https:\/\/i1.wp.com\/www.noticiasperfil.com\/index\/wp-content\/uploads\/2024\/11\/aquarium-veracruz.jpg?resize=1536%2C1237&amp;ssl=1 1536w, https:\/\/i1.wp.com\/www.noticiasperfil.com\/index\/wp-content\/uploads\/2024\/11\/aquarium-veracruz.jpg?w=1280&amp;ssl=1 1280w, https:\/\/i1.wp.com\/www.noticiasperfil.com\/index\/wp-content\/uploads\/2024\/11\/aquarium-veracruz.jpg?w=1920&amp;ssl=1 1920w\" sizes=\"auto, (max-width: 640px) 100vw, 640px\" data-recalc-dims=\"1\" \/><\/p>\n<p>Veracruz, Ver.- Un total de 487 millones 232 mil 889 pesos fue la inversi\u00f3n destinada a la construcci\u00f3n y rehabilitaci\u00f3n del Aquarium del Puerto de Veracruz que, despu\u00e9s de a\u00f1os en el abandono, hoy es el mejor y m\u00e1s completo de Latinoam\u00e9rica.<\/p>\n<p>Este domingo, el gobernador Cuitl\u00e1huac Garc\u00eda Jim\u00e9nez junto con el procurador de Medio Ambiente, Sergio Rodr\u00edguez Cort\u00e9s, inaugur\u00f3 el recinto de 6 mil 800 metros cuadrados recuperado por el Gobierno del Estado, que no s\u00f3lo ser\u00e1 un centro de observaci\u00f3n, conservaci\u00f3n e investigaci\u00f3n de especies marinas, sino tambi\u00e9n un punto de atracci\u00f3n tur\u00edstica sin precedentes en la entidad.<\/p>\n<p>Entre los trabajos realizados, destaca la instalaci\u00f3n de una mega pantalla 8k de 130 metros cuadrados que proyecta im\u00e1genes de especies end\u00e9micas en 3D y la expansi\u00f3n y construcci\u00f3n del Delfinario y el Lobario, ambos con la presencia inigualable de delfines nariz de botella y lobos marinos de California, cuya m\u00e1s reciente atracci\u00f3n es el peque\u00f1o lobo marino nacido en Veracruz: \u201cEl Bigotes\u201d.<\/p>\n<p>La reconstrucci\u00f3n se llev\u00f3 a cabo en distintas etapas, enfocadas en el mantenimiento de las instalaciones, la modernizaci\u00f3n tecnol\u00f3gica, y la creaci\u00f3n de nuevas \u00e1reas para garantizar el bienestar de las 3 mil 20 especies que lo habitan y que, en la gran reapertura, 6 mil 932 personas conocieron.<\/p>\n<p>Adem\u00e1s, fue renovada el \u00e1rea exterior y la fachada del recinto, incluyendo instalaci\u00f3n el\u00e9ctrica, pluvial, mobiliario, pisos, guarniciones, escaleras, rampas, \u00e1reas verdes y, por instrucci\u00f3n del Ejecutivo, la instalaci\u00f3n de la cabeza de tibur\u00f3n del Estadio Luis Pirata Fuente en la entrada. Asimismo, fue habilitada un \u00e1rea de nuevas especies con iluminaci\u00f3n, decoraci\u00f3n y soporte de vida.<\/p>\n<p>Por otra parte, se digitalizaron algunas \u00e1reas con tres videowalls compuestos por pantallas digitales de alta calidad, 18 pantallas digitales audiovisuales, 32 tabletas de aprendizaje interactivo, 400 m\u00f3dulos de LEDs de alta definici\u00f3n, un sistema profesional de audio y una proyecci\u00f3n inmersiva en el \u00c1rea Arrecifal. Todo esto hace del Aquarium del Puerto de Veracruz el \u00fanico en su tipo y dimensi\u00f3n.<\/p>\n","protected":false},"excerpt":{"rendered":"<p>Veracruz, Ver.- Un total de 487 millones 232 mil 889 pesos fue la inversi\u00f3n destinada a la construcci\u00f3n y rehabilitaci\u00f3n del Aquarium del Puerto de Veracruz que, despu\u00e9s de a\u00f1os en el abandono, hoy es el mejor y m\u00e1s completo de Latinoam\u00e9rica. Este domingo, el gobernador Cuitl\u00e1huac Garc\u00eda Jim\u00e9nez junto con el procurador de Medio Ambiente, Sergio Rodr\u00edguez Cort\u00e9s, inaugur\u00f3 el recinto de 6 mil 800 metros cuadrados recuperado por el Gobierno del Estado, que no s\u00f3lo ser\u00e1 un centro de observaci\u00f3n, conservaci\u00f3n e investigaci\u00f3n de especies marinas, sino tambi\u00e9n&hellip;<\/p>\n","protected":false},"author":1,"featured_media":109697,"comment_status":"open","ping_status":"closed","sticky":false,"template":"","format":"standard","meta":{"footnotes":""},"categories":[3,4],"tags":[10532,339,1335],"class_list":["post-109696","post","type-post","status-publish","format-standard","has-post-thumbnail","hentry","category-destacadas","category-estatal","tag-aquairum-veracruz","tag-cuitlahuac-garcia-jimenez","tag-sergio-rodriguez-cortes"],"jetpack-related-posts":[],"_links":{"self":[{"href":"https:\/\/www.noticiasperfil.com\/index\/wp-json\/wp\/v2\/posts\/109696","targetHints":{"allow":["GET"]}}],"collection":[{"href":"https:\/\/www.noticiasperfil.com\/index\/wp-json\/wp\/v2\/posts"}],"about":[{"href":"https:\/\/www.noticiasperfil.com\/index\/wp-json\/wp\/v2\/types\/post"}],"author":[{"embeddable":true,"href":"https:\/\/www.noticiasperfil.com\/index\/wp-json\/wp\/v2\/users\/1"}],"replies":[{"embeddable":true,"href":"https:\/\/www.noticiasperfil.com\/index\/wp-json\/wp\/v2\/comments?post=109696"}],"version-history":[{"count":1,"href":"https:\/\/www.noticiasperfil.com\/index\/wp-json\/wp\/v2\/posts\/109696\/revisions"}],"predecessor-version":[{"id":109698,"href":"https:\/\/www.noticiasperfil.com\/index\/wp-json\/wp\/v2\/posts\/109696\/revisions\/109698"}],"wp:featuredmedia":[{"embeddable":true,"href":"https:\/\/www.noticiasperfil.com\/index\/wp-json\/wp\/v2\/media\/109697"}],"wp:attachment":[{"href":"https:\/\/www.noticiasperfil.com\/index\/wp-json\/wp\/v2\/media?parent=109696"}],"wp:term":[{"taxonomy":"category","embeddable":true,"href":"https:\/\/www.noticiasperfil.com\/index\/wp-json\/wp\/v2\/categories?post=109696"},{"taxonomy":"post_tag","embeddable":true,"href":"https:\/\/www.noticiasperfil.com\/index\/wp-json\/wp\/v2\/tags?post=109696"}],"curies":[{"name":"wp","href":"https:\/\/api.w.org\/{rel}","templated":true}]}}