{"id":109699,"date":"2024-11-18T09:22:58","date_gmt":"2024-11-18T15:22:58","guid":{"rendered":"https:\/\/www.noticiasperfil.com\/index\/?p=109699"},"modified":"2024-11-18T09:22:58","modified_gmt":"2024-11-18T15:22:58","slug":"alfonso-reyes-antes-que-nada-que-le-vaya-muy-bien-en-sp","status":"publish","type":"post","link":"https:\/\/www.noticiasperfil.com\/index\/2024\/11\/18\/alfonso-reyes-antes-que-nada-que-le-vaya-muy-bien-en-sp\/","title":{"rendered":"Alfonso Reyes\u2026 antes que nada\u2026 que le vaya muy bien en SP"},"content":{"rendered":"<p><img loading=\"lazy\" decoding=\"async\" class=\"aligncenter size-full wp-image-93945\" src=\"https:\/\/i2.wp.com\/www.noticiasperfil.com\/index\/wp-content\/uploads\/2022\/11\/repechaje.jpg?resize=517%2C300&#038;ssl=1\" alt=\"\" width=\"517\" height=\"300\" data-recalc-dims=\"1\" \/><\/p>\n<p><strong>Repechaje\/por Quirino Moreno Quiza.<\/strong><\/p>\n<p><em><strong>*El combate a la inseguridad y la corrupci\u00f3n ya es impostergable<\/strong><br \/>\n<strong>*Caso JDO\u2026 El error (si lo hay) podr\u00eda estar desde las fiscal\u00edas\u2026<\/strong><br \/>\n<strong>*Pero Cuitl\u00e1huac, sin ver, culpa a los jueces\u2026 sin tener pruebas<\/strong><br \/>\n<strong>*Cuitl\u00e1huac y rector de la UV hacen interpretaciones tramposas<\/strong><br \/>\n<strong>*Mientras que Sheinbaum incrementa un 3.5 por ciento<\/strong><br \/>\n<strong>*UV; Urge un rector que trabaje para\u00a0 la comunidad universitaria<\/strong><br \/>\n<strong>*CONTU insta a legisladores para que gobiernos apoyen m\u00e1s<\/strong><br \/>\n<strong>*Universidades p\u00fablicas necesitan crecer su matr\u00edcula<\/strong><\/em><\/p>\n<p>***\u00a0<strong><em>\u00a1Que le vaya muy bien!\u00a0<\/em><\/strong><strong><em>\u00a0<\/em><\/strong>El contralmirante de Infanter\u00eda Marina Fuerzas Especiales, Diplomado de Estado Mayor, Alfonso Reyes Garc\u00e9s ser\u00e1 el pr\u00f3ximo titular de la Secreter\u00e7ia de Seguridad P\u00fablica (SSP) en el estado de Veracruz y lo present\u00f3 la propia gobernadora electa, Roc\u00edo Nahle\u2026 Es egresado de la Heroica Escuela Naval Militar y Y ACREDITA una formaci\u00f3n profesional testimonios de varios cursos y diplomados nacionales e internacionales entre los que se encuentra el Curso B\u00e1sico de Paracaidismo del Batall\u00f3n de Infanter\u00eda de Marina Fusileros Paracaidistas; Capacitaci\u00f3n en T\u00e9cnicas de Intervenci\u00f3n Especial impartido por el Cuerpo Nacional de Polic\u00eda en Espa\u00f1a; Diplomado en Seguridad Nacional del Instituto Nacional de Administraci\u00f3n P\u00fablica; y entrenamiento en T\u00e1cticas de Contraterrorismo con los U.S. Navy SEALs en Isla Socorro\u2026 En manos de \u00e9l estar\u00e1 la complicada y muy delicada seguridad de los veracruzanos y esperamos que lo haga muy bien y que cumpla con las expectativas de acabar no solo con la delincuencia que carcome, sino con la corrupci\u00f3n al interior y exterior de esa dependencia\u2026 Ante la inacci\u00f3n ya a\u00f1eja en el combate a la inseguridad y la corrupci\u00f3n policiaca, ahora ya todo en ese rubro es impostergable\u2026<\/p>\n<p>***\u00a0<strong><em>\u00a1A darle duro\u00a0 a la chamba pues!\u00a0<\/em><\/strong>Aunque no han revelado a\u00fan el lugar y fecha de nacimiento del Reyes Garc\u00e9s, podr\u00eda comentar que el pr\u00f3ximo secretario de Seguridad de Veracruz es Maestro en An\u00e1lisis de Defensa con la especialidad en Guerra Irregular, efectuada en el Naval Postgraduate School en Monterey California, Estados Unidos; Maestro en Administraci\u00f3n Naval, por el Centro de Estudios Superiores Navales y Maestro en Seguridad Nacional efectuada en el Centro de Estudios Superiores Navales\u2026<\/p>\n<p>***<strong><em>\u00a0\u00bfLos jueces tienen la culpa\u2026?<\/em><\/strong>\u00a0Con atenci\u00f3n hemos observado las reacciones del gobernador de Veracruz, Cuitl\u00e1huac Garc\u00ed respecto a la posibilidad de que su hom\u00f3logo antecesor Javier Duarte de Ochoa recobre su libertad luego de un juez lo encontr\u00f3 inocente de algunos delitos que le imputan\u2026 De inmediato, Cuitl\u00e1huac\u00a0 procedi\u00f3 a satanizar al juez, sin revisar siquiera si la carpeta desde la fiscal\u00eda est\u00e1 bien conformada con las pruebas del delito acreditadas o no\u2026 no pens\u00f3 en la posibilidad de que el error, si es que existe, proviene de su equipo que durante a\u00f1os ha sido notorio que arman carpetas sobre las rodillas para acatar instrucciones\u2026Y ese tipo de barbaridades, entre las que se podr\u00edan tipificar hasta abusos de autoridad de la presente administraci\u00f3n, hacen que ya nadie tenga la certeza de que los culpables sean tan culpables o los inocentes tan inocentes\u2026 eso pasa cuando\u00a0 se quiere politizar la justicia\u2026eso politizar la justicia deber\u00eda de ser un delito grave\u2026<\/p>\n<p>***\u00a0<strong><em>\u00a1Un des-rector a la vista!\u00a0<\/em><\/strong>Nos es gratuito que mientras que el rector de la Universidad Veracruzana se ha convertido en una empleado del gobierno estatal y ha dejado de luchar por el presupuesto que legalmente le corresponde a esa casa e estudios y que los colaboradores del gobernador, con argucias legaloides e interpretaciones convenencieras le ha mochado buena parte de ese presupuesto, por otra parte la Confederaci\u00f3n Nacional de Trabajadores Universitarios (CONTU) est\u00e1 solicitando a la C\u00e1mara de diputados federales que se incrementen los subsidios tanto estatales como federales a las universidades p\u00fablica de tal manera que les permita tener capacidad de incrementar la matr\u00edcula de alumnos y que los salarios de los trabajadores administrativos y docentes catedr\u00e1ticos\u2026<\/p>\n<p><strong>\u00a0columnarepechaje@gmail.com<\/strong><\/p>\n<p><strong>X: quirinomq<\/strong><\/p>\n<p><a href=\"http:\/\/www.entornopolitico.com\/\"><strong>www.entornopolitico.co<\/strong><\/a><strong>m<\/strong><\/p>\n<p>&nbsp;<\/p>\n","protected":false},"excerpt":{"rendered":"<p>Repechaje\/por Quirino Moreno Quiza. *El combate a la inseguridad y la corrupci\u00f3n ya es impostergable *Caso JDO\u2026 El error (si lo hay) podr\u00eda estar desde las fiscal\u00edas\u2026 *Pero Cuitl\u00e1huac, sin ver, culpa a los jueces\u2026 sin tener pruebas *Cuitl\u00e1huac y rector de la UV hacen interpretaciones tramposas *Mientras que Sheinbaum incrementa un 3.5 por ciento *UV; Urge un rector que trabaje para\u00a0 la comunidad universitaria *CONTU insta a legisladores para que gobiernos apoyen m\u00e1s *Universidades p\u00fablicas necesitan crecer su matr\u00edcula ***\u00a0\u00a1Que le vaya muy bien!\u00a0\u00a0El contralmirante de Infanter\u00eda Marina Fuerzas&hellip;<\/p>\n","protected":false},"author":1,"featured_media":0,"comment_status":"open","ping_status":"closed","sticky":false,"template":"","format":"standard","meta":{"footnotes":""},"categories":[8,11],"tags":[1155],"class_list":["post-109699","post","type-post","status-publish","format-standard","hentry","category-opinion","category-repechaje","tag-quirino-moreno-quiza"],"jetpack-related-posts":[],"_links":{"self":[{"href":"https:\/\/www.noticiasperfil.com\/index\/wp-json\/wp\/v2\/posts\/109699","targetHints":{"allow":["GET"]}}],"collection":[{"href":"https:\/\/www.noticiasperfil.com\/index\/wp-json\/wp\/v2\/posts"}],"about":[{"href":"https:\/\/www.noticiasperfil.com\/index\/wp-json\/wp\/v2\/types\/post"}],"author":[{"embeddable":true,"href":"https:\/\/www.noticiasperfil.com\/index\/wp-json\/wp\/v2\/users\/1"}],"replies":[{"embeddable":true,"href":"https:\/\/www.noticiasperfil.com\/index\/wp-json\/wp\/v2\/comments?post=109699"}],"version-history":[{"count":1,"href":"https:\/\/www.noticiasperfil.com\/index\/wp-json\/wp\/v2\/posts\/109699\/revisions"}],"predecessor-version":[{"id":109700,"href":"https:\/\/www.noticiasperfil.com\/index\/wp-json\/wp\/v2\/posts\/109699\/revisions\/109700"}],"wp:attachment":[{"href":"https:\/\/www.noticiasperfil.com\/index\/wp-json\/wp\/v2\/media?parent=109699"}],"wp:term":[{"taxonomy":"category","embeddable":true,"href":"https:\/\/www.noticiasperfil.com\/index\/wp-json\/wp\/v2\/categories?post=109699"},{"taxonomy":"post_tag","embeddable":true,"href":"https:\/\/www.noticiasperfil.com\/index\/wp-json\/wp\/v2\/tags?post=109699"}],"curies":[{"name":"wp","href":"https:\/\/api.w.org\/{rel}","templated":true}]}}