{"id":110322,"date":"2025-03-05T18:36:53","date_gmt":"2025-03-06T00:36:53","guid":{"rendered":"https:\/\/www.noticiasperfil.com\/index\/?p=110322"},"modified":"2025-03-05T18:36:53","modified_gmt":"2025-03-06T00:36:53","slug":"con-manejo-honesto-del-fais-combatimos-la-marginacion-social-gomez-cazarin","status":"publish","type":"post","link":"https:\/\/www.noticiasperfil.com\/index\/2025\/03\/05\/con-manejo-honesto-del-fais-combatimos-la-marginacion-social-gomez-cazarin\/","title":{"rendered":"Con manejo honesto del FAIS combatimos la marginaci\u00f3n social: G\u00f3mez Cazar\u00edn"},"content":{"rendered":"<p><img loading=\"lazy\" decoding=\"async\" data-attachment-id=\"110323\" data-permalink=\"https:\/\/www.noticiasperfil.com\/index\/2025\/03\/05\/con-manejo-honesto-del-fais-combatimos-la-marginacion-social-gomez-cazarin\/gomez-cazarin-01-10\/\" data-orig-file=\"https:\/\/i0.wp.com\/www.noticiasperfil.com\/index\/wp-content\/uploads\/2025\/03\/gomez-cazarin-01.jpg?fit=960%2C701&amp;ssl=1\" data-orig-size=\"960,701\" data-comments-opened=\"1\" data-image-meta=\"{&quot;aperture&quot;:&quot;0&quot;,&quot;credit&quot;:&quot;&quot;,&quot;camera&quot;:&quot;&quot;,&quot;caption&quot;:&quot;&quot;,&quot;created_timestamp&quot;:&quot;0&quot;,&quot;copyright&quot;:&quot;&quot;,&quot;focal_length&quot;:&quot;0&quot;,&quot;iso&quot;:&quot;0&quot;,&quot;shutter_speed&quot;:&quot;0&quot;,&quot;title&quot;:&quot;&quot;,&quot;orientation&quot;:&quot;0&quot;}\" data-image-title=\"gomez-cazarin-01\" data-image-description=\"\" data-medium-file=\"https:\/\/i0.wp.com\/www.noticiasperfil.com\/index\/wp-content\/uploads\/2025\/03\/gomez-cazarin-01.jpg?fit=660%2C365&amp;ssl=1\" data-large-file=\"https:\/\/i0.wp.com\/www.noticiasperfil.com\/index\/wp-content\/uploads\/2025\/03\/gomez-cazarin-01.jpg?fit=640%2C366&amp;ssl=1\" class=\"aligncenter size-full wp-image-110323\" src=\"https:\/\/i0.wp.com\/www.noticiasperfil.com\/index\/wp-content\/uploads\/2025\/03\/gomez-cazarin-01.jpg?resize=640%2C467&#038;ssl=1\" alt=\"\" width=\"640\" height=\"467\" data-recalc-dims=\"1\" \/><\/p>\n<ul>\n<li><em><strong>Autoridades municipales tienen una gran oportunidad de incidir en la calidad de vida de sus pueblos, dijo el Delegado.<\/strong><\/em><\/li>\n<\/ul>\n<p>Catemaco, Veracruz, 5 de marzo de 2025.- A trav\u00e9s del Fondo de Aportaciones para la Infraestructura Social (FAIS) las autoridades municipales coadyuvan a superar la marginaci\u00f3n y la carencia de servicios que afectan el bienestar de la poblaci\u00f3n, por lo que el manejo de estos recursos debe ser pulcro y transparente, afirm\u00f3 Juan Javier G\u00f3mez Cazar\u00edn, delegado de los Programas para el Desarrollo de Veracruz.<\/p>\n<p>El Funcionario federal destac\u00f3 que este Fondo es muy importante porque atiende las necesidades b\u00e1sicas del pueblo, como agua, electrificaci\u00f3n de localidades y el mejoramiento de la vivienda, que inciden en el nivel de vida de las y los veracruzanos.<\/p>\n<p><img loading=\"lazy\" decoding=\"async\" data-attachment-id=\"110324\" data-permalink=\"https:\/\/www.noticiasperfil.com\/index\/2025\/03\/05\/con-manejo-honesto-del-fais-combatimos-la-marginacion-social-gomez-cazarin\/gomez-cazarin-02-7\/\" data-orig-file=\"https:\/\/i1.wp.com\/www.noticiasperfil.com\/index\/wp-content\/uploads\/2025\/03\/gomez-cazarin-02.jpg?fit=960%2C865&amp;ssl=1\" data-orig-size=\"960,865\" data-comments-opened=\"1\" data-image-meta=\"{&quot;aperture&quot;:&quot;0&quot;,&quot;credit&quot;:&quot;&quot;,&quot;camera&quot;:&quot;&quot;,&quot;caption&quot;:&quot;&quot;,&quot;created_timestamp&quot;:&quot;0&quot;,&quot;copyright&quot;:&quot;&quot;,&quot;focal_length&quot;:&quot;0&quot;,&quot;iso&quot;:&quot;0&quot;,&quot;shutter_speed&quot;:&quot;0&quot;,&quot;title&quot;:&quot;&quot;,&quot;orientation&quot;:&quot;0&quot;}\" data-image-title=\"gomez-cazarin-02\" data-image-description=\"\" data-medium-file=\"https:\/\/i1.wp.com\/www.noticiasperfil.com\/index\/wp-content\/uploads\/2025\/03\/gomez-cazarin-02.jpg?fit=660%2C365&amp;ssl=1\" data-large-file=\"https:\/\/i1.wp.com\/www.noticiasperfil.com\/index\/wp-content\/uploads\/2025\/03\/gomez-cazarin-02.jpg?fit=640%2C366&amp;ssl=1\" class=\"aligncenter size-full wp-image-110324\" src=\"https:\/\/i1.wp.com\/www.noticiasperfil.com\/index\/wp-content\/uploads\/2025\/03\/gomez-cazarin-02.jpg?resize=640%2C577&#038;ssl=1\" alt=\"\" width=\"640\" height=\"577\" data-recalc-dims=\"1\" \/><\/p>\n<p>\u00abPara este a\u00f1o el FAIS contempla una partida para atender de manera directa a comunidades de los Pueblos Ind\u00edgenas y afromexicanas, a las que se les deber\u00e1 destinar al menos el 10 porciento del Fondo, con lo que se les har\u00e1 justicia a estas poblaciones hist\u00f3ricamente marginadas de las pol\u00edticas p\u00fablicas\u00bb, destac\u00f3.<\/p>\n<p>Juan Javier G\u00f3mez Cazar\u00edn agradeci\u00f3 el inter\u00e9s de los presidentes municipales de la regi\u00f3n al asistir a esta tercera Jornada de Capacitaci\u00f3n Municipal FAIS 2025, lo cual demuestra su compromiso por seguir transformando a sus pueblos e impulsar el bienestar de la gente.<\/p>\n","protected":false},"excerpt":{"rendered":"<p>Autoridades municipales tienen una gran oportunidad de incidir en la calidad de vida de sus pueblos, dijo el Delegado. Catemaco, Veracruz, 5 de marzo de 2025.- A trav\u00e9s del Fondo de Aportaciones para la Infraestructura Social (FAIS) las autoridades municipales coadyuvan a superar la marginaci\u00f3n y la carencia de servicios que afectan el bienestar de la poblaci\u00f3n, por lo que el manejo de estos recursos debe ser pulcro y transparente, afirm\u00f3 Juan Javier G\u00f3mez Cazar\u00edn, delegado de los Programas para el Desarrollo de Veracruz. El Funcionario federal destac\u00f3 que este&hellip;<\/p>\n","protected":false},"author":1,"featured_media":110323,"comment_status":"open","ping_status":"closed","sticky":false,"template":"","format":"standard","meta":{"footnotes":""},"categories":[3,4],"tags":[4842],"class_list":["post-110322","post","type-post","status-publish","format-standard","has-post-thumbnail","hentry","category-destacadas","category-estatal","tag-juan-javier-gomez-cazarin"],"jetpack-related-posts":[],"_links":{"self":[{"href":"https:\/\/www.noticiasperfil.com\/index\/wp-json\/wp\/v2\/posts\/110322","targetHints":{"allow":["GET"]}}],"collection":[{"href":"https:\/\/www.noticiasperfil.com\/index\/wp-json\/wp\/v2\/posts"}],"about":[{"href":"https:\/\/www.noticiasperfil.com\/index\/wp-json\/wp\/v2\/types\/post"}],"author":[{"embeddable":true,"href":"https:\/\/www.noticiasperfil.com\/index\/wp-json\/wp\/v2\/users\/1"}],"replies":[{"embeddable":true,"href":"https:\/\/www.noticiasperfil.com\/index\/wp-json\/wp\/v2\/comments?post=110322"}],"version-history":[{"count":1,"href":"https:\/\/www.noticiasperfil.com\/index\/wp-json\/wp\/v2\/posts\/110322\/revisions"}],"predecessor-version":[{"id":110325,"href":"https:\/\/www.noticiasperfil.com\/index\/wp-json\/wp\/v2\/posts\/110322\/revisions\/110325"}],"wp:featuredmedia":[{"embeddable":true,"href":"https:\/\/www.noticiasperfil.com\/index\/wp-json\/wp\/v2\/media\/110323"}],"wp:attachment":[{"href":"https:\/\/www.noticiasperfil.com\/index\/wp-json\/wp\/v2\/media?parent=110322"}],"wp:term":[{"taxonomy":"category","embeddable":true,"href":"https:\/\/www.noticiasperfil.com\/index\/wp-json\/wp\/v2\/categories?post=110322"},{"taxonomy":"post_tag","embeddable":true,"href":"https:\/\/www.noticiasperfil.com\/index\/wp-json\/wp\/v2\/tags?post=110322"}],"curies":[{"name":"wp","href":"https:\/\/api.w.org\/{rel}","templated":true}]}}