{"id":118341,"date":"2026-01-13T18:21:35","date_gmt":"2026-01-14T00:21:35","guid":{"rendered":"https:\/\/www.noticiasperfil.com\/index\/?p=118341"},"modified":"2026-02-06T21:18:13","modified_gmt":"2026-02-07T03:18:13","slug":"amplia-sefiplan-modulos-para-el-canje-de-placas-en-xalapa-y-veracruz","status":"publish","type":"post","link":"https:\/\/www.noticiasperfil.com\/index\/2026\/01\/13\/amplia-sefiplan-modulos-para-el-canje-de-placas-en-xalapa-y-veracruz\/","title":{"rendered":"Ampl\u00eda Sefiplan m\u00f3dulos para el canje de placas en Xalapa y Veracruz"},"content":{"rendered":"\n<figure class=\"wp-block-image size-full\"><img loading=\"lazy\" decoding=\"async\" width=\"1600\" height=\"1600\" data-attachment-id=\"114999\" data-permalink=\"https:\/\/www.noticiasperfil.com\/index\/2025\/09\/27\/pagos-al-personal-del-hospital-materno-infantil-se-completaran-a-mas-tardar-el-30-de-septiembre\/sefiplan\/\" data-orig-file=\"https:\/\/i0.wp.com\/www.noticiasperfil.com\/index\/wp-content\/uploads\/2025\/09\/sefiplan.jpg?fit=1600%2C1600&amp;ssl=1\" data-orig-size=\"1600,1600\" data-comments-opened=\"1\" data-image-meta=\"{&quot;aperture&quot;:&quot;0&quot;,&quot;credit&quot;:&quot;&quot;,&quot;camera&quot;:&quot;&quot;,&quot;caption&quot;:&quot;&quot;,&quot;created_timestamp&quot;:&quot;0&quot;,&quot;copyright&quot;:&quot;&quot;,&quot;focal_length&quot;:&quot;0&quot;,&quot;iso&quot;:&quot;0&quot;,&quot;shutter_speed&quot;:&quot;0&quot;,&quot;title&quot;:&quot;&quot;,&quot;orientation&quot;:&quot;0&quot;}\" data-image-title=\"sefiplan\" data-image-description=\"\" data-medium-file=\"https:\/\/i0.wp.com\/www.noticiasperfil.com\/index\/wp-content\/uploads\/2025\/09\/sefiplan.jpg?fit=660%2C365&amp;ssl=1\" data-large-file=\"https:\/\/i0.wp.com\/www.noticiasperfil.com\/index\/wp-content\/uploads\/2025\/09\/sefiplan.jpg?fit=640%2C366&amp;ssl=1\" src=\"https:\/\/i0.wp.com\/www.noticiasperfil.com\/index\/wp-content\/uploads\/2025\/09\/sefiplan.jpg?fit=1600%2C1600&amp;ssl=1\" alt=\"\" class=\"wp-image-114999\" srcset=\"https:\/\/i0.wp.com\/www.noticiasperfil.com\/index\/wp-content\/uploads\/2025\/09\/sefiplan.jpg?w=1600&amp;ssl=1 1600w, https:\/\/i0.wp.com\/www.noticiasperfil.com\/index\/wp-content\/uploads\/2025\/09\/sefiplan.jpg?resize=1536%2C1536&amp;ssl=1 1536w, https:\/\/i0.wp.com\/www.noticiasperfil.com\/index\/wp-content\/uploads\/2025\/09\/sefiplan.jpg?w=1280&amp;ssl=1 1280w\" sizes=\"auto, (max-width: 640px) 100vw, 640px\" \/><\/figure>\n\n\n\n<blockquote class=\"wp-block-quote is-layout-flow wp-block-quote-is-layout-flow\">\n<p>A partir de este martes entran en operaci\u00f3n cuatro nuevos m\u00f3dulos.<\/p>\n<\/blockquote>\n\n\n\n<blockquote class=\"wp-block-quote is-layout-flow wp-block-quote-is-layout-flow\">\n<p>Habilita m\u00e1s cajas de atenci\u00f3n en la Oficina de Hacienda de Boca del R\u00edo.<\/p>\n<\/blockquote>\n\n\n\n<p><strong>Xalapa, Ver.-<\/strong> Para eficientar la atenci\u00f3n a las y los contribuyentes dentro del Programa de ordenamiento vehicular para el servicio privado, la Secretar\u00eda de Finanzas y Planeaci\u00f3n (Sefiplan) pone en operaci\u00f3n, a partir de este martes, cuatro nuevos m\u00f3dulos de atenci\u00f3n en los municipios de Xalapa y Veracruz.<\/p>\n\n\n\n<p>Se atender\u00e1n los tr\u00e1mites de alta de veh\u00edculo nuevo, canje de placas expedidas antes de diciembre de 2018 y pagos de derechos de control vehicular de las modalidades de autom\u00f3vil, cami\u00f3n, \u00f3mnibus y remolque; el horario de atenci\u00f3n es de lunes a viernes de 08:00 a 15:00 horas.<\/p>\n\n\n\n<p><strong>Ubicaci\u00f3n de los m\u00f3dulos en Xalapa<\/strong><\/p>\n\n\n\n<ul class=\"wp-block-list\">\n<li>\u2060Centro Comercial Plaza Cristal, calle L\u00e1zaro C\u00e1rdenas, colonia Francisco Villa, local 39 H, entrada trasera, cerca de los cines.<\/li>\n\n\n\n<li>\u2060Explanada del Edificio Central de la Secretar\u00eda de Educaci\u00f3n de Veracruz, carretera Veracruz\u2013Xalapa, kil\u00f3metro 4.5, colonia Rub\u00ed \u00c1nimas.<\/li>\n\n\n\n<li>Oficina de Hacienda Xalapa Norte, planta baja del edificio de la Direcci\u00f3n General de Tr\u00e1nsito, calle Rub\u00e9n Bouchez s\/n, colonia Tamborrell.<\/li>\n<\/ul>\n\n\n\n<p><strong>Ubicaci\u00f3n del m\u00f3dulo en Veracruz<\/strong><\/p>\n\n\n\n<ul class=\"wp-block-list\">\n<li>Aquarium del Puerto de Veracruz, bulevar Manuel \u00c1vila Camacho s\/n, interior 25, colonia Ricardo Flores Mag\u00f3n.<\/li>\n<\/ul>\n\n\n\n<p>De manera complementaria, se habilitar\u00e1n de forma paulatina nuevas cajas de atenci\u00f3n en la Oficina de Hacienda de Boca del R\u00edo,&nbsp; ubicada en el estacionamiento del s\u00f3tano del World Trade Center, en el bulevar Adolfo Ruiz Cortines n\u00famero 3497, colonia Ylang Ylang.<\/p>\n\n\n\n<p>En una primera etapa, se abrir\u00e1n cuatro cajas de atenci\u00f3n, con el prop\u00f3sito de ampliar la capacidad operativa.<\/p>\n","protected":false},"excerpt":{"rendered":"<p>A partir de este martes entran en operaci\u00f3n cuatro nuevos m\u00f3dulos. Habilita m\u00e1s cajas de atenci\u00f3n en la Oficina de Hacienda de Boca del R\u00edo. Xalapa, Ver.- Para eficientar la atenci\u00f3n a las y los contribuyentes dentro del Programa de ordenamiento vehicular para el servicio privado, la Secretar\u00eda de Finanzas y Planeaci\u00f3n (Sefiplan) pone en operaci\u00f3n, a partir de este martes, cuatro nuevos m\u00f3dulos de atenci\u00f3n en los municipios de Xalapa y Veracruz. Se atender\u00e1n los tr\u00e1mites de alta de veh\u00edculo nuevo, canje de placas expedidas antes de diciembre de&hellip;<\/p>\n","protected":false},"author":1,"featured_media":114999,"comment_status":"open","ping_status":"closed","sticky":false,"template":"","format":"standard","meta":{"footnotes":""},"categories":[3,10647],"tags":[],"class_list":["post-118341","post","type-post","status-publish","format-standard","has-post-thumbnail","hentry","category-destacadas","category-zona-centro"],"jetpack-related-posts":[],"_links":{"self":[{"href":"https:\/\/www.noticiasperfil.com\/index\/wp-json\/wp\/v2\/posts\/118341","targetHints":{"allow":["GET"]}}],"collection":[{"href":"https:\/\/www.noticiasperfil.com\/index\/wp-json\/wp\/v2\/posts"}],"about":[{"href":"https:\/\/www.noticiasperfil.com\/index\/wp-json\/wp\/v2\/types\/post"}],"author":[{"embeddable":true,"href":"https:\/\/www.noticiasperfil.com\/index\/wp-json\/wp\/v2\/users\/1"}],"replies":[{"embeddable":true,"href":"https:\/\/www.noticiasperfil.com\/index\/wp-json\/wp\/v2\/comments?post=118341"}],"version-history":[{"count":1,"href":"https:\/\/www.noticiasperfil.com\/index\/wp-json\/wp\/v2\/posts\/118341\/revisions"}],"predecessor-version":[{"id":118342,"href":"https:\/\/www.noticiasperfil.com\/index\/wp-json\/wp\/v2\/posts\/118341\/revisions\/118342"}],"wp:featuredmedia":[{"embeddable":true,"href":"https:\/\/www.noticiasperfil.com\/index\/wp-json\/wp\/v2\/media\/114999"}],"wp:attachment":[{"href":"https:\/\/www.noticiasperfil.com\/index\/wp-json\/wp\/v2\/media?parent=118341"}],"wp:term":[{"taxonomy":"category","embeddable":true,"href":"https:\/\/www.noticiasperfil.com\/index\/wp-json\/wp\/v2\/categories?post=118341"},{"taxonomy":"post_tag","embeddable":true,"href":"https:\/\/www.noticiasperfil.com\/index\/wp-json\/wp\/v2\/tags?post=118341"}],"curies":[{"name":"wp","href":"https:\/\/api.w.org\/{rel}","templated":true}]}}