{"id":118352,"date":"2026-01-13T18:28:52","date_gmt":"2026-01-14T00:28:52","guid":{"rendered":"https:\/\/www.noticiasperfil.com\/index\/?p=118352"},"modified":"2026-01-13T18:28:57","modified_gmt":"2026-01-14T00:28:57","slug":"mas-de-650-docentes-veracruzanos-aspiran-a-la-medalla-maestro-altamirano","status":"publish","type":"post","link":"https:\/\/www.noticiasperfil.com\/index\/2026\/01\/13\/mas-de-650-docentes-veracruzanos-aspiran-a-la-medalla-maestro-altamirano\/","title":{"rendered":"M\u00e1s de 650 docentes veracruzanos aspiran a la Medalla Maestro Altamirano"},"content":{"rendered":"\n<figure class=\"wp-block-image alignwide size-full\"><img loading=\"lazy\" decoding=\"async\" width=\"1600\" height=\"1600\" data-attachment-id=\"114413\" data-permalink=\"https:\/\/www.noticiasperfil.com\/index\/2025\/09\/11\/gracias-rocio-nahle-avanza-veracruz-cuarto-lugar-nacional-mejores-resultados-alfabetizacion\/sev\/\" data-orig-file=\"https:\/\/i1.wp.com\/www.noticiasperfil.com\/index\/wp-content\/uploads\/2025\/09\/sev.jpeg?fit=1600%2C1600&amp;ssl=1\" data-orig-size=\"1600,1600\" data-comments-opened=\"1\" data-image-meta=\"{&quot;aperture&quot;:&quot;0&quot;,&quot;credit&quot;:&quot;&quot;,&quot;camera&quot;:&quot;&quot;,&quot;caption&quot;:&quot;&quot;,&quot;created_timestamp&quot;:&quot;0&quot;,&quot;copyright&quot;:&quot;&quot;,&quot;focal_length&quot;:&quot;0&quot;,&quot;iso&quot;:&quot;0&quot;,&quot;shutter_speed&quot;:&quot;0&quot;,&quot;title&quot;:&quot;&quot;,&quot;orientation&quot;:&quot;0&quot;}\" data-image-title=\"sev\" data-image-description=\"\" data-medium-file=\"https:\/\/i1.wp.com\/www.noticiasperfil.com\/index\/wp-content\/uploads\/2025\/09\/sev.jpeg?fit=660%2C365&amp;ssl=1\" data-large-file=\"https:\/\/i1.wp.com\/www.noticiasperfil.com\/index\/wp-content\/uploads\/2025\/09\/sev.jpeg?fit=640%2C366&amp;ssl=1\" src=\"https:\/\/i1.wp.com\/www.noticiasperfil.com\/index\/wp-content\/uploads\/2025\/09\/sev.jpeg?fit=1600%2C1600&amp;ssl=1\" alt=\"\" class=\"wp-image-114413\" srcset=\"https:\/\/i1.wp.com\/www.noticiasperfil.com\/index\/wp-content\/uploads\/2025\/09\/sev.jpeg?w=1600&amp;ssl=1 1600w, https:\/\/i1.wp.com\/www.noticiasperfil.com\/index\/wp-content\/uploads\/2025\/09\/sev.jpeg?resize=1536%2C1536&amp;ssl=1 1536w, https:\/\/i1.wp.com\/www.noticiasperfil.com\/index\/wp-content\/uploads\/2025\/09\/sev.jpeg?w=1280&amp;ssl=1 1280w\" sizes=\"auto, (max-width: 640px) 100vw, 640px\" \/><\/figure>\n\n\n\n<p><strong>Xalapa, Ver., martes 13 de enero de 2026.- <\/strong>La Secretar\u00eda de Educaci\u00f3n de Veracruz (SEV) recibi\u00f3 la documentaci\u00f3n correspondiente de 655 docentes que aspiran a obtener la Medalla Maestro Altamirano, reconocimiento otorgado por la Secretar\u00eda de Educaci\u00f3n P\u00fablica a quienes acreditan 40 a\u00f1os de servicio.<\/p>\n\n\n\n<p>Las y los aspirantes pertenecen a los \u00e1mbitos federal, estatal y particular, y cumplen con los requisitos establecidos para acceder a este reconocimiento, el cual destaca la trayectoria, vocaci\u00f3n y compromiso del magisterio con la formaci\u00f3n acad\u00e9mica del pa\u00eds.<\/p>\n\n\n\n<p>De manera paralela, la SEV inform\u00f3 que, entre el mi\u00e9rcoles y el viernes de la semana pasada, alrededor de mil docentes iniciaron su tr\u00e1mite de jubilaci\u00f3n ante las oficinas centrales de la dependencia, con efectos al 31 de diciembre de 2025.<\/p>\n\n\n\n<p>De esta forma, el Gobierno del Estado garantiza procesos transparentes y ordenados, con pleno respeto a los derechos laborales de quienes han dedicado su vida a la formaci\u00f3n de generaciones.<\/p>\n","protected":false},"excerpt":{"rendered":"<p>Xalapa, Ver., martes 13 de enero de 2026.- La Secretar\u00eda de Educaci\u00f3n de Veracruz (SEV) recibi\u00f3 la documentaci\u00f3n correspondiente de 655 docentes que aspiran a obtener la Medalla Maestro Altamirano, reconocimiento otorgado por la Secretar\u00eda de Educaci\u00f3n P\u00fablica a quienes acreditan 40 a\u00f1os de servicio. Las y los aspirantes pertenecen a los \u00e1mbitos federal, estatal y particular, y cumplen con los requisitos establecidos para acceder a este reconocimiento, el cual destaca la trayectoria, vocaci\u00f3n y compromiso del magisterio con la formaci\u00f3n acad\u00e9mica del pa\u00eds. De manera paralela, la SEV inform\u00f3&hellip;<\/p>\n","protected":false},"author":1,"featured_media":114413,"comment_status":"open","ping_status":"closed","sticky":false,"template":"","format":"standard","meta":{"footnotes":""},"categories":[3,10617],"tags":[],"class_list":["post-118352","post","type-post","status-publish","format-standard","has-post-thumbnail","hentry","category-destacadas","category-sev"],"jetpack-related-posts":[],"_links":{"self":[{"href":"https:\/\/www.noticiasperfil.com\/index\/wp-json\/wp\/v2\/posts\/118352","targetHints":{"allow":["GET"]}}],"collection":[{"href":"https:\/\/www.noticiasperfil.com\/index\/wp-json\/wp\/v2\/posts"}],"about":[{"href":"https:\/\/www.noticiasperfil.com\/index\/wp-json\/wp\/v2\/types\/post"}],"author":[{"embeddable":true,"href":"https:\/\/www.noticiasperfil.com\/index\/wp-json\/wp\/v2\/users\/1"}],"replies":[{"embeddable":true,"href":"https:\/\/www.noticiasperfil.com\/index\/wp-json\/wp\/v2\/comments?post=118352"}],"version-history":[{"count":1,"href":"https:\/\/www.noticiasperfil.com\/index\/wp-json\/wp\/v2\/posts\/118352\/revisions"}],"predecessor-version":[{"id":118353,"href":"https:\/\/www.noticiasperfil.com\/index\/wp-json\/wp\/v2\/posts\/118352\/revisions\/118353"}],"wp:featuredmedia":[{"embeddable":true,"href":"https:\/\/www.noticiasperfil.com\/index\/wp-json\/wp\/v2\/media\/114413"}],"wp:attachment":[{"href":"https:\/\/www.noticiasperfil.com\/index\/wp-json\/wp\/v2\/media?parent=118352"}],"wp:term":[{"taxonomy":"category","embeddable":true,"href":"https:\/\/www.noticiasperfil.com\/index\/wp-json\/wp\/v2\/categories?post=118352"},{"taxonomy":"post_tag","embeddable":true,"href":"https:\/\/www.noticiasperfil.com\/index\/wp-json\/wp\/v2\/tags?post=118352"}],"curies":[{"name":"wp","href":"https:\/\/api.w.org\/{rel}","templated":true}]}}