{"id":118358,"date":"2026-01-13T18:35:39","date_gmt":"2026-01-14T00:35:39","guid":{"rendered":"https:\/\/www.noticiasperfil.com\/index\/?p=118358"},"modified":"2026-02-06T21:18:13","modified_gmt":"2026-02-07T03:18:13","slug":"xvii-edicion-del-festival-internacional-de-la-orquidea-el-mas-grande-de-mexico","status":"publish","type":"post","link":"https:\/\/www.noticiasperfil.com\/index\/2026\/01\/13\/xvii-edicion-del-festival-internacional-de-la-orquidea-el-mas-grande-de-mexico\/","title":{"rendered":"XVII edici\u00f3n del Festival Internacional de la Orqu\u00eddea, el m\u00e1s grande de M\u00e9xico"},"content":{"rendered":"\n<figure class=\"wp-block-gallery has-nested-images columns-default is-cropped wp-block-gallery-1 is-layout-flex wp-block-gallery-is-layout-flex\">\n<figure class=\"wp-block-image size-large\"><img loading=\"lazy\" decoding=\"async\" width=\"1200\" height=\"1600\" data-attachment-id=\"118362\" data-permalink=\"https:\/\/www.noticiasperfil.com\/index\/2026\/01\/13\/xvii-edicion-del-festival-internacional-de-la-orquidea-el-mas-grande-de-mexico\/xvii-edicion-festival-internacional-orquidea1\/\" data-orig-file=\"https:\/\/i2.wp.com\/www.noticiasperfil.com\/index\/wp-content\/uploads\/2026\/01\/xvii-edicion-festival-internacional-orquidea1.jpeg?fit=1200%2C1600&amp;ssl=1\" data-orig-size=\"1200,1600\" data-comments-opened=\"1\" data-image-meta=\"{&quot;aperture&quot;:&quot;0&quot;,&quot;credit&quot;:&quot;&quot;,&quot;camera&quot;:&quot;&quot;,&quot;caption&quot;:&quot;&quot;,&quot;created_timestamp&quot;:&quot;0&quot;,&quot;copyright&quot;:&quot;&quot;,&quot;focal_length&quot;:&quot;0&quot;,&quot;iso&quot;:&quot;0&quot;,&quot;shutter_speed&quot;:&quot;0&quot;,&quot;title&quot;:&quot;&quot;,&quot;orientation&quot;:&quot;0&quot;}\" data-image-title=\"xvii-edicion-festival-internacional-orquidea1\" data-image-description=\"\" data-medium-file=\"https:\/\/i2.wp.com\/www.noticiasperfil.com\/index\/wp-content\/uploads\/2026\/01\/xvii-edicion-festival-internacional-orquidea1.jpeg?fit=660%2C365&amp;ssl=1\" data-large-file=\"https:\/\/i2.wp.com\/www.noticiasperfil.com\/index\/wp-content\/uploads\/2026\/01\/xvii-edicion-festival-internacional-orquidea1.jpeg?fit=640%2C366&amp;ssl=1\" data-id=\"118362\" src=\"https:\/\/i2.wp.com\/www.noticiasperfil.com\/index\/wp-content\/uploads\/2026\/01\/xvii-edicion-festival-internacional-orquidea1.jpeg?fit=640%2C366&amp;ssl=1\" alt=\"\" class=\"wp-image-118362\" srcset=\"https:\/\/i2.wp.com\/www.noticiasperfil.com\/index\/wp-content\/uploads\/2026\/01\/xvii-edicion-festival-internacional-orquidea1.jpeg?w=1200&amp;ssl=1 1200w, https:\/\/i2.wp.com\/www.noticiasperfil.com\/index\/wp-content\/uploads\/2026\/01\/xvii-edicion-festival-internacional-orquidea1.jpeg?resize=1152%2C1536&amp;ssl=1 1152w\" sizes=\"auto, (max-width: 640px) 100vw, 640px\" \/><\/figure>\n\n\n\n<figure class=\"wp-block-image size-large\"><img loading=\"lazy\" decoding=\"async\" width=\"1600\" height=\"1066\" data-attachment-id=\"118361\" data-permalink=\"https:\/\/www.noticiasperfil.com\/index\/2026\/01\/13\/xvii-edicion-del-festival-internacional-de-la-orquidea-el-mas-grande-de-mexico\/xvii-edicion-festival-internacional-orquidea2\/\" data-orig-file=\"https:\/\/i1.wp.com\/www.noticiasperfil.com\/index\/wp-content\/uploads\/2026\/01\/xvii-edicion-festival-internacional-orquidea2.jpeg?fit=1600%2C1066&amp;ssl=1\" data-orig-size=\"1600,1066\" data-comments-opened=\"1\" data-image-meta=\"{&quot;aperture&quot;:&quot;0&quot;,&quot;credit&quot;:&quot;&quot;,&quot;camera&quot;:&quot;&quot;,&quot;caption&quot;:&quot;&quot;,&quot;created_timestamp&quot;:&quot;0&quot;,&quot;copyright&quot;:&quot;&quot;,&quot;focal_length&quot;:&quot;0&quot;,&quot;iso&quot;:&quot;0&quot;,&quot;shutter_speed&quot;:&quot;0&quot;,&quot;title&quot;:&quot;&quot;,&quot;orientation&quot;:&quot;0&quot;}\" data-image-title=\"xvii-edicion-festival-internacional-orquidea2\" data-image-description=\"\" data-medium-file=\"https:\/\/i1.wp.com\/www.noticiasperfil.com\/index\/wp-content\/uploads\/2026\/01\/xvii-edicion-festival-internacional-orquidea2.jpeg?fit=660%2C365&amp;ssl=1\" data-large-file=\"https:\/\/i1.wp.com\/www.noticiasperfil.com\/index\/wp-content\/uploads\/2026\/01\/xvii-edicion-festival-internacional-orquidea2.jpeg?fit=640%2C366&amp;ssl=1\" data-id=\"118361\" src=\"https:\/\/i1.wp.com\/www.noticiasperfil.com\/index\/wp-content\/uploads\/2026\/01\/xvii-edicion-festival-internacional-orquidea2.jpeg?fit=640%2C366&amp;ssl=1\" alt=\"\" class=\"wp-image-118361\" srcset=\"https:\/\/i1.wp.com\/www.noticiasperfil.com\/index\/wp-content\/uploads\/2026\/01\/xvii-edicion-festival-internacional-orquidea2.jpeg?w=1600&amp;ssl=1 1600w, https:\/\/i1.wp.com\/www.noticiasperfil.com\/index\/wp-content\/uploads\/2026\/01\/xvii-edicion-festival-internacional-orquidea2.jpeg?resize=1536%2C1023&amp;ssl=1 1536w, https:\/\/i1.wp.com\/www.noticiasperfil.com\/index\/wp-content\/uploads\/2026\/01\/xvii-edicion-festival-internacional-orquidea2.jpeg?w=1280&amp;ssl=1 1280w\" sizes=\"auto, (max-width: 640px) 100vw, 640px\" \/><\/figure>\n\n\n\n<figure class=\"wp-block-image size-large\"><img loading=\"lazy\" decoding=\"async\" width=\"1080\" height=\"1080\" data-attachment-id=\"118359\" data-permalink=\"https:\/\/www.noticiasperfil.com\/index\/2026\/01\/13\/xvii-edicion-del-festival-internacional-de-la-orquidea-el-mas-grande-de-mexico\/xvii-edicion-festival-internacional-orquidea4\/\" data-orig-file=\"https:\/\/i0.wp.com\/www.noticiasperfil.com\/index\/wp-content\/uploads\/2026\/01\/xvii-edicion-festival-internacional-orquidea4.jpeg?fit=1080%2C1080&amp;ssl=1\" data-orig-size=\"1080,1080\" data-comments-opened=\"1\" data-image-meta=\"{&quot;aperture&quot;:&quot;0&quot;,&quot;credit&quot;:&quot;&quot;,&quot;camera&quot;:&quot;&quot;,&quot;caption&quot;:&quot;&quot;,&quot;created_timestamp&quot;:&quot;0&quot;,&quot;copyright&quot;:&quot;&quot;,&quot;focal_length&quot;:&quot;0&quot;,&quot;iso&quot;:&quot;0&quot;,&quot;shutter_speed&quot;:&quot;0&quot;,&quot;title&quot;:&quot;&quot;,&quot;orientation&quot;:&quot;0&quot;}\" data-image-title=\"xvii-edicion-festival-internacional-orquidea4\" data-image-description=\"\" data-medium-file=\"https:\/\/i0.wp.com\/www.noticiasperfil.com\/index\/wp-content\/uploads\/2026\/01\/xvii-edicion-festival-internacional-orquidea4.jpeg?fit=660%2C365&amp;ssl=1\" data-large-file=\"https:\/\/i0.wp.com\/www.noticiasperfil.com\/index\/wp-content\/uploads\/2026\/01\/xvii-edicion-festival-internacional-orquidea4.jpeg?fit=640%2C366&amp;ssl=1\" data-id=\"118359\" src=\"https:\/\/i0.wp.com\/www.noticiasperfil.com\/index\/wp-content\/uploads\/2026\/01\/xvii-edicion-festival-internacional-orquidea4.jpeg?fit=640%2C366&amp;ssl=1\" alt=\"\" class=\"wp-image-118359\"\/><\/figure>\n\n\n\n<figure class=\"wp-block-image size-large\"><img loading=\"lazy\" decoding=\"async\" width=\"1600\" height=\"1066\" data-attachment-id=\"118360\" data-permalink=\"https:\/\/www.noticiasperfil.com\/index\/2026\/01\/13\/xvii-edicion-del-festival-internacional-de-la-orquidea-el-mas-grande-de-mexico\/xvii-edicion-festival-internacional-orquidea3\/\" data-orig-file=\"https:\/\/i2.wp.com\/www.noticiasperfil.com\/index\/wp-content\/uploads\/2026\/01\/xvii-edicion-festival-internacional-orquidea3.jpeg?fit=1600%2C1066&amp;ssl=1\" data-orig-size=\"1600,1066\" data-comments-opened=\"1\" data-image-meta=\"{&quot;aperture&quot;:&quot;0&quot;,&quot;credit&quot;:&quot;&quot;,&quot;camera&quot;:&quot;&quot;,&quot;caption&quot;:&quot;&quot;,&quot;created_timestamp&quot;:&quot;0&quot;,&quot;copyright&quot;:&quot;&quot;,&quot;focal_length&quot;:&quot;0&quot;,&quot;iso&quot;:&quot;0&quot;,&quot;shutter_speed&quot;:&quot;0&quot;,&quot;title&quot;:&quot;&quot;,&quot;orientation&quot;:&quot;0&quot;}\" data-image-title=\"xvii-edicion-festival-internacional-orquidea3\" data-image-description=\"\" data-medium-file=\"https:\/\/i2.wp.com\/www.noticiasperfil.com\/index\/wp-content\/uploads\/2026\/01\/xvii-edicion-festival-internacional-orquidea3.jpeg?fit=660%2C365&amp;ssl=1\" data-large-file=\"https:\/\/i2.wp.com\/www.noticiasperfil.com\/index\/wp-content\/uploads\/2026\/01\/xvii-edicion-festival-internacional-orquidea3.jpeg?fit=640%2C366&amp;ssl=1\" data-id=\"118360\" src=\"https:\/\/i2.wp.com\/www.noticiasperfil.com\/index\/wp-content\/uploads\/2026\/01\/xvii-edicion-festival-internacional-orquidea3.jpeg?fit=640%2C366&amp;ssl=1\" alt=\"\" class=\"wp-image-118360\" srcset=\"https:\/\/i2.wp.com\/www.noticiasperfil.com\/index\/wp-content\/uploads\/2026\/01\/xvii-edicion-festival-internacional-orquidea3.jpeg?w=1600&amp;ssl=1 1600w, https:\/\/i2.wp.com\/www.noticiasperfil.com\/index\/wp-content\/uploads\/2026\/01\/xvii-edicion-festival-internacional-orquidea3.jpeg?resize=1536%2C1023&amp;ssl=1 1536w, https:\/\/i2.wp.com\/www.noticiasperfil.com\/index\/wp-content\/uploads\/2026\/01\/xvii-edicion-festival-internacional-orquidea3.jpeg?w=1280&amp;ssl=1 1280w\" sizes=\"auto, (max-width: 640px) 100vw, 640px\" \/><\/figure>\n<\/figure>\n\n\n\n<ul class=\"wp-block-list\">\n<li>En Coatepec<\/li>\n\n\n\n<li>Del 27 de marzo al 5 de abril<\/li>\n\n\n\n<li>Se celebrar\u00e1 la XVII edici\u00f3n del Festival Internacional de la Orqu\u00eddea, el m\u00e1s grande de M\u00e9xico.<\/li>\n\n\n\n<li>El pa\u00eds alberga alrededor de mil 200 especies, de las cuales cerca de 300 son end\u00e9micas, muchas presentes en el bosque mes\u00f3filo de monta\u00f1a que rodea a Coatepec.<\/li>\n<\/ul>\n\n\n\n<p>XALAPA, VER.+ Del 27 de marzo al 5 de Abril, se realizar\u00e1 en el municipio de Coatepec, el festival Internacional de la Orqu\u00eddea, el m\u00e1s grande de M\u00e9xico.<\/p>\n\n\n\n<p>La directora del evento, Sarah\u00ed Valdivia Espinoza, precis\u00f3 que el el objetivo de promover la conservaci\u00f3n, el conocimiento cient\u00edfico y el valor cultural de las orqu\u00eddeas.<\/p>\n\n\n\n<p>Esta edici\u00f3n 2026 estar\u00e1 dedicada a las orqu\u00eddeas mexicanas, un patrimonio natural de gran relevancia, ya que el pa\u00eds alberga alrededor de mil 200 especies, de las cuales cerca de 300 son end\u00e9micas, muchas presentes en el bosque mes\u00f3filo de monta\u00f1a que rodea a Coatepec.<\/p>\n\n\n\n<p>\u00abQueremos que el mundo conozca la riqueza de nuestras orqu\u00eddeas mexicanas y la pasi\u00f3n con la que los coatepecanos las cultivamos y protegemos\u201d, destac\u00f3 la directora del Museo de la Orqu\u00eddea, Sarah\u00ed Valdivia.<\/p>\n\n\n\n<p>Durante diez d\u00edas, el p\u00fablico podr\u00e1 apreciar una exhibici\u00f3n de m\u00e1s de 30 mil flores, adem\u00e1s de participar en talleres, conferencias especializadas, actividades gastron\u00f3micas, recorridos ecotur\u00edsticos y la tradicional Ruta de la Orqu\u00eddea, que permite conocer su h\u00e1bitat natural.<\/p>\n\n\n\n<p>El evento que se realizar\u00e1 en el sal\u00f3n Texin del pueblo m\u00e1gico, reunir\u00e1 a productores, coleccionistas y especialistas de diversos estados del pa\u00eds, adem\u00e1s, de invitados internacionales de Colombia, Per\u00fa, Guatemala, Puerto Rico y EUA, consolidando a Coatepec como un referente en la divulgaci\u00f3n y protecci\u00f3n de estas especies.<\/p>\n\n\n\n<p>Cabe mencionar que el pasado 21 de marzo, recientemente ha sido declarado como D\u00eda Nacional de la Orqu\u00eddea en M\u00e9xico, una iniciativa que promovi\u00f3 el Museo de la Orqu\u00eddea Dr. Isa\u00edas Contreras Ju\u00e1rez, con el objetivo de incentivar la transmisi\u00f3n del conocimiento de las especies mexicanas en la poblaci\u00f3n de nuestro pa\u00eds.<\/p>\n","protected":false},"excerpt":{"rendered":"<p>XALAPA, VER.+ Del 27 de marzo al 5 de Abril, se realizar\u00e1 en el municipio de Coatepec, el festival Internacional de la Orqu\u00eddea, el m\u00e1s grande de M\u00e9xico. La directora del evento, Sarah\u00ed Valdivia Espinoza, precis\u00f3 que el el objetivo de promover la conservaci\u00f3n, el conocimiento cient\u00edfico y el valor cultural de las orqu\u00eddeas. Esta edici\u00f3n 2026 estar\u00e1 dedicada a las orqu\u00eddeas mexicanas, un patrimonio natural de gran relevancia, ya que el pa\u00eds alberga alrededor de mil 200 especies, de las cuales cerca de 300 son end\u00e9micas, muchas presentes en&hellip;<\/p>\n","protected":false},"author":1,"featured_media":118361,"comment_status":"open","ping_status":"closed","sticky":false,"template":"","format":"standard","meta":{"footnotes":""},"categories":[3,10647],"tags":[],"class_list":["post-118358","post","type-post","status-publish","format-standard","has-post-thumbnail","hentry","category-destacadas","category-zona-centro"],"jetpack-related-posts":[],"_links":{"self":[{"href":"https:\/\/www.noticiasperfil.com\/index\/wp-json\/wp\/v2\/posts\/118358","targetHints":{"allow":["GET"]}}],"collection":[{"href":"https:\/\/www.noticiasperfil.com\/index\/wp-json\/wp\/v2\/posts"}],"about":[{"href":"https:\/\/www.noticiasperfil.com\/index\/wp-json\/wp\/v2\/types\/post"}],"author":[{"embeddable":true,"href":"https:\/\/www.noticiasperfil.com\/index\/wp-json\/wp\/v2\/users\/1"}],"replies":[{"embeddable":true,"href":"https:\/\/www.noticiasperfil.com\/index\/wp-json\/wp\/v2\/comments?post=118358"}],"version-history":[{"count":1,"href":"https:\/\/www.noticiasperfil.com\/index\/wp-json\/wp\/v2\/posts\/118358\/revisions"}],"predecessor-version":[{"id":118363,"href":"https:\/\/www.noticiasperfil.com\/index\/wp-json\/wp\/v2\/posts\/118358\/revisions\/118363"}],"wp:featuredmedia":[{"embeddable":true,"href":"https:\/\/www.noticiasperfil.com\/index\/wp-json\/wp\/v2\/media\/118361"}],"wp:attachment":[{"href":"https:\/\/www.noticiasperfil.com\/index\/wp-json\/wp\/v2\/media?parent=118358"}],"wp:term":[{"taxonomy":"category","embeddable":true,"href":"https:\/\/www.noticiasperfil.com\/index\/wp-json\/wp\/v2\/categories?post=118358"},{"taxonomy":"post_tag","embeddable":true,"href":"https:\/\/www.noticiasperfil.com\/index\/wp-json\/wp\/v2\/tags?post=118358"}],"curies":[{"name":"wp","href":"https:\/\/api.w.org\/{rel}","templated":true}]}}