{"id":118376,"date":"2026-01-14T17:48:05","date_gmt":"2026-01-14T23:48:05","guid":{"rendered":"https:\/\/www.noticiasperfil.com\/index\/?p=118376"},"modified":"2026-02-06T21:18:13","modified_gmt":"2026-02-07T03:18:13","slug":"ssp-realiza-recorridos-preventivos-en-el-parque-nacional-cofre-de-perote","status":"publish","type":"post","link":"https:\/\/www.noticiasperfil.com\/index\/2026\/01\/14\/ssp-realiza-recorridos-preventivos-en-el-parque-nacional-cofre-de-perote\/","title":{"rendered":"SSP realiza recorridos preventivos en el Parque Nacional Cofre de Perote"},"content":{"rendered":"\n<figure class=\"wp-block-gallery has-nested-images columns-default is-cropped wp-block-gallery-1 is-layout-flex wp-block-gallery-is-layout-flex\">\n<figure class=\"wp-block-image size-large\"><img loading=\"lazy\" decoding=\"async\" width=\"1599\" height=\"899\" data-attachment-id=\"118380\" data-permalink=\"https:\/\/www.noticiasperfil.com\/index\/2026\/01\/14\/ssp-realiza-recorridos-preventivos-en-el-parque-nacional-cofre-de-perote\/recorridos-preventivos-parque-nacional-cofre-perote1\/\" data-orig-file=\"https:\/\/i0.wp.com\/www.noticiasperfil.com\/index\/wp-content\/uploads\/2026\/01\/recorridos-preventivos-parque-nacional-cofre-perote1.jpeg?fit=1599%2C899&amp;ssl=1\" data-orig-size=\"1599,899\" data-comments-opened=\"1\" data-image-meta=\"{&quot;aperture&quot;:&quot;0&quot;,&quot;credit&quot;:&quot;&quot;,&quot;camera&quot;:&quot;&quot;,&quot;caption&quot;:&quot;&quot;,&quot;created_timestamp&quot;:&quot;0&quot;,&quot;copyright&quot;:&quot;&quot;,&quot;focal_length&quot;:&quot;0&quot;,&quot;iso&quot;:&quot;0&quot;,&quot;shutter_speed&quot;:&quot;0&quot;,&quot;title&quot;:&quot;&quot;,&quot;orientation&quot;:&quot;0&quot;}\" data-image-title=\"recorridos-preventivos-parque-nacional-cofre-perote1\" data-image-description=\"\" data-medium-file=\"https:\/\/i0.wp.com\/www.noticiasperfil.com\/index\/wp-content\/uploads\/2026\/01\/recorridos-preventivos-parque-nacional-cofre-perote1.jpeg?fit=660%2C365&amp;ssl=1\" data-large-file=\"https:\/\/i0.wp.com\/www.noticiasperfil.com\/index\/wp-content\/uploads\/2026\/01\/recorridos-preventivos-parque-nacional-cofre-perote1.jpeg?fit=640%2C366&amp;ssl=1\" data-id=\"118380\" src=\"https:\/\/i0.wp.com\/www.noticiasperfil.com\/index\/wp-content\/uploads\/2026\/01\/recorridos-preventivos-parque-nacional-cofre-perote1.jpeg?fit=640%2C366&amp;ssl=1\" alt=\"\" class=\"wp-image-118380\" srcset=\"https:\/\/i0.wp.com\/www.noticiasperfil.com\/index\/wp-content\/uploads\/2026\/01\/recorridos-preventivos-parque-nacional-cofre-perote1.jpeg?w=1599&amp;ssl=1 1599w, https:\/\/i0.wp.com\/www.noticiasperfil.com\/index\/wp-content\/uploads\/2026\/01\/recorridos-preventivos-parque-nacional-cofre-perote1.jpeg?resize=500%2C280&amp;ssl=1 500w, https:\/\/i0.wp.com\/www.noticiasperfil.com\/index\/wp-content\/uploads\/2026\/01\/recorridos-preventivos-parque-nacional-cofre-perote1.jpeg?resize=1536%2C864&amp;ssl=1 1536w, https:\/\/i0.wp.com\/www.noticiasperfil.com\/index\/wp-content\/uploads\/2026\/01\/recorridos-preventivos-parque-nacional-cofre-perote1.jpeg?w=1280&amp;ssl=1 1280w\" sizes=\"auto, (max-width: 640px) 100vw, 640px\" \/><\/figure>\n\n\n\n<figure class=\"wp-block-image size-large\"><img loading=\"lazy\" decoding=\"async\" width=\"1280\" height=\"561\" data-attachment-id=\"118379\" data-permalink=\"https:\/\/www.noticiasperfil.com\/index\/2026\/01\/14\/ssp-realiza-recorridos-preventivos-en-el-parque-nacional-cofre-de-perote\/recorridos-preventivos-parque-nacional-cofre-perote4\/\" data-orig-file=\"https:\/\/i2.wp.com\/www.noticiasperfil.com\/index\/wp-content\/uploads\/2026\/01\/recorridos-preventivos-parque-nacional-cofre-perote4.jpeg?fit=1280%2C561&amp;ssl=1\" data-orig-size=\"1280,561\" data-comments-opened=\"1\" data-image-meta=\"{&quot;aperture&quot;:&quot;0&quot;,&quot;credit&quot;:&quot;&quot;,&quot;camera&quot;:&quot;&quot;,&quot;caption&quot;:&quot;&quot;,&quot;created_timestamp&quot;:&quot;0&quot;,&quot;copyright&quot;:&quot;&quot;,&quot;focal_length&quot;:&quot;0&quot;,&quot;iso&quot;:&quot;0&quot;,&quot;shutter_speed&quot;:&quot;0&quot;,&quot;title&quot;:&quot;&quot;,&quot;orientation&quot;:&quot;0&quot;}\" data-image-title=\"recorridos-preventivos-parque-nacional-cofre-perote4\" data-image-description=\"\" data-medium-file=\"https:\/\/i2.wp.com\/www.noticiasperfil.com\/index\/wp-content\/uploads\/2026\/01\/recorridos-preventivos-parque-nacional-cofre-perote4.jpeg?fit=660%2C365&amp;ssl=1\" data-large-file=\"https:\/\/i2.wp.com\/www.noticiasperfil.com\/index\/wp-content\/uploads\/2026\/01\/recorridos-preventivos-parque-nacional-cofre-perote4.jpeg?fit=640%2C366&amp;ssl=1\" data-id=\"118379\" src=\"https:\/\/i2.wp.com\/www.noticiasperfil.com\/index\/wp-content\/uploads\/2026\/01\/recorridos-preventivos-parque-nacional-cofre-perote4.jpeg?fit=640%2C366&amp;ssl=1\" alt=\"\" class=\"wp-image-118379\"\/><\/figure>\n\n\n\n<figure class=\"wp-block-image size-large\"><img loading=\"lazy\" decoding=\"async\" width=\"720\" height=\"1280\" data-attachment-id=\"118378\" data-permalink=\"https:\/\/www.noticiasperfil.com\/index\/2026\/01\/14\/ssp-realiza-recorridos-preventivos-en-el-parque-nacional-cofre-de-perote\/recorridos-preventivos-parque-nacional-cofre-perote3\/\" data-orig-file=\"https:\/\/i0.wp.com\/www.noticiasperfil.com\/index\/wp-content\/uploads\/2026\/01\/recorridos-preventivos-parque-nacional-cofre-perote3.jpeg?fit=720%2C1280&amp;ssl=1\" data-orig-size=\"720,1280\" data-comments-opened=\"1\" data-image-meta=\"{&quot;aperture&quot;:&quot;0&quot;,&quot;credit&quot;:&quot;&quot;,&quot;camera&quot;:&quot;&quot;,&quot;caption&quot;:&quot;&quot;,&quot;created_timestamp&quot;:&quot;0&quot;,&quot;copyright&quot;:&quot;&quot;,&quot;focal_length&quot;:&quot;0&quot;,&quot;iso&quot;:&quot;0&quot;,&quot;shutter_speed&quot;:&quot;0&quot;,&quot;title&quot;:&quot;&quot;,&quot;orientation&quot;:&quot;0&quot;}\" data-image-title=\"recorridos-preventivos-parque-nacional-cofre-perote3\" data-image-description=\"\" data-medium-file=\"https:\/\/i0.wp.com\/www.noticiasperfil.com\/index\/wp-content\/uploads\/2026\/01\/recorridos-preventivos-parque-nacional-cofre-perote3.jpeg?fit=660%2C365&amp;ssl=1\" data-large-file=\"https:\/\/i0.wp.com\/www.noticiasperfil.com\/index\/wp-content\/uploads\/2026\/01\/recorridos-preventivos-parque-nacional-cofre-perote3.jpeg?fit=640%2C427&amp;ssl=1\" data-id=\"118378\" src=\"https:\/\/i0.wp.com\/www.noticiasperfil.com\/index\/wp-content\/uploads\/2026\/01\/recorridos-preventivos-parque-nacional-cofre-perote3.jpeg?fit=640%2C427&amp;ssl=1\" alt=\"\" class=\"wp-image-118378\"\/><\/figure>\n\n\n\n<figure class=\"wp-block-image size-large\"><img loading=\"lazy\" decoding=\"async\" width=\"1280\" height=\"960\" data-attachment-id=\"118377\" data-permalink=\"https:\/\/www.noticiasperfil.com\/index\/2026\/01\/14\/ssp-realiza-recorridos-preventivos-en-el-parque-nacional-cofre-de-perote\/recorridos-preventivos-parque-nacional-cofre-perote2\/\" data-orig-file=\"https:\/\/i0.wp.com\/www.noticiasperfil.com\/index\/wp-content\/uploads\/2026\/01\/recorridos-preventivos-parque-nacional-cofre-perote2.jpeg?fit=1280%2C960&amp;ssl=1\" data-orig-size=\"1280,960\" data-comments-opened=\"1\" data-image-meta=\"{&quot;aperture&quot;:&quot;0&quot;,&quot;credit&quot;:&quot;&quot;,&quot;camera&quot;:&quot;&quot;,&quot;caption&quot;:&quot;&quot;,&quot;created_timestamp&quot;:&quot;0&quot;,&quot;copyright&quot;:&quot;&quot;,&quot;focal_length&quot;:&quot;0&quot;,&quot;iso&quot;:&quot;0&quot;,&quot;shutter_speed&quot;:&quot;0&quot;,&quot;title&quot;:&quot;&quot;,&quot;orientation&quot;:&quot;0&quot;}\" data-image-title=\"recorridos-preventivos-parque-nacional-cofre-perote2\" data-image-description=\"\" data-medium-file=\"https:\/\/i0.wp.com\/www.noticiasperfil.com\/index\/wp-content\/uploads\/2026\/01\/recorridos-preventivos-parque-nacional-cofre-perote2.jpeg?fit=660%2C365&amp;ssl=1\" data-large-file=\"https:\/\/i0.wp.com\/www.noticiasperfil.com\/index\/wp-content\/uploads\/2026\/01\/recorridos-preventivos-parque-nacional-cofre-perote2.jpeg?fit=640%2C366&amp;ssl=1\" data-id=\"118377\" src=\"https:\/\/i0.wp.com\/www.noticiasperfil.com\/index\/wp-content\/uploads\/2026\/01\/recorridos-preventivos-parque-nacional-cofre-perote2.jpeg?fit=640%2C366&amp;ssl=1\" alt=\"\" class=\"wp-image-118377\"\/><\/figure>\n<\/figure>\n\n\n\n<p><strong>Xalapa, Ver., martes 13 de enero de 2026.- <\/strong>La Secretar\u00eda de Seguridad P\u00fablica de Veracruz (SSP), a trav\u00e9s de la Polic\u00eda Estatal, Unidad Montada, Grupo Panteras y la Direcci\u00f3n General de Tr\u00e1nsito y Seguridad Vial, mantiene de manera permanente vigilancia, prevenci\u00f3n y proximidad social, en el Parque Nacional Cofre de Perote.<\/p>\n\n\n\n<p>Desde el pasado mes de diciembre y hasta la fecha, operan recorridos de supervisi\u00f3n y vigilancia en la zona, con la misi\u00f3n de preservar la seguridad de quienes acuden a este destino tur\u00edstico durante la presente temporada invernal, as\u00ed como a habitantes de la regi\u00f3n.<\/p>\n\n\n\n<p>De manera coordinada con la Secretar\u00eda de Protecci\u00f3n Civil, param\u00e9dicos del Grupo Panteras han brindado atenci\u00f3n prehospitalaria a 42 personas en el parque nacional; 29 mujeres y 13 hombres que presentaron dificultades de adaptaci\u00f3n a la altura. La oportuna intervenci\u00f3n del personal operativo y de auxilio, permiti\u00f3 estabilizar a todas las personas sin presentarse complicaciones.<\/p>\n\n\n\n<p>Se exhorta a los visitantes seguir las recomendaciones en todo momento, a fin de evitar situaciones que puedan poner en riesgo su integridad.<\/p>\n\n\n\n<p><\/p>\n","protected":false},"excerpt":{"rendered":"<p>Xalapa, Ver., martes 13 de enero de 2026.- La Secretar\u00eda de Seguridad P\u00fablica de Veracruz (SSP), a trav\u00e9s de la Polic\u00eda Estatal, Unidad Montada, Grupo Panteras y la Direcci\u00f3n General de Tr\u00e1nsito y Seguridad Vial, mantiene de manera permanente vigilancia, prevenci\u00f3n y proximidad social, en el Parque Nacional Cofre de Perote. Desde el pasado mes de diciembre y hasta la fecha, operan recorridos de supervisi\u00f3n y vigilancia en la zona, con la misi\u00f3n de preservar la seguridad de quienes acuden a este destino tur\u00edstico durante la presente temporada invernal, as\u00ed&hellip;<\/p>\n","protected":false},"author":1,"featured_media":118378,"comment_status":"open","ping_status":"closed","sticky":false,"template":"","format":"standard","meta":{"footnotes":""},"categories":[3,10647],"tags":[],"class_list":["post-118376","post","type-post","status-publish","format-standard","has-post-thumbnail","hentry","category-destacadas","category-zona-centro"],"jetpack-related-posts":[],"_links":{"self":[{"href":"https:\/\/www.noticiasperfil.com\/index\/wp-json\/wp\/v2\/posts\/118376","targetHints":{"allow":["GET"]}}],"collection":[{"href":"https:\/\/www.noticiasperfil.com\/index\/wp-json\/wp\/v2\/posts"}],"about":[{"href":"https:\/\/www.noticiasperfil.com\/index\/wp-json\/wp\/v2\/types\/post"}],"author":[{"embeddable":true,"href":"https:\/\/www.noticiasperfil.com\/index\/wp-json\/wp\/v2\/users\/1"}],"replies":[{"embeddable":true,"href":"https:\/\/www.noticiasperfil.com\/index\/wp-json\/wp\/v2\/comments?post=118376"}],"version-history":[{"count":1,"href":"https:\/\/www.noticiasperfil.com\/index\/wp-json\/wp\/v2\/posts\/118376\/revisions"}],"predecessor-version":[{"id":118381,"href":"https:\/\/www.noticiasperfil.com\/index\/wp-json\/wp\/v2\/posts\/118376\/revisions\/118381"}],"wp:featuredmedia":[{"embeddable":true,"href":"https:\/\/www.noticiasperfil.com\/index\/wp-json\/wp\/v2\/media\/118378"}],"wp:attachment":[{"href":"https:\/\/www.noticiasperfil.com\/index\/wp-json\/wp\/v2\/media?parent=118376"}],"wp:term":[{"taxonomy":"category","embeddable":true,"href":"https:\/\/www.noticiasperfil.com\/index\/wp-json\/wp\/v2\/categories?post=118376"},{"taxonomy":"post_tag","embeddable":true,"href":"https:\/\/www.noticiasperfil.com\/index\/wp-json\/wp\/v2\/tags?post=118376"}],"curies":[{"name":"wp","href":"https:\/\/api.w.org\/{rel}","templated":true}]}}