{"id":118382,"date":"2026-01-14T17:54:37","date_gmt":"2026-01-14T23:54:37","guid":{"rendered":"https:\/\/www.noticiasperfil.com\/index\/?p=118382"},"modified":"2026-02-06T21:18:13","modified_gmt":"2026-02-07T03:18:13","slug":"mas-de-40-mil-familias-reciben-abrigo-y-alimentos-gracias-a-abrigando-corazones","status":"publish","type":"post","link":"https:\/\/www.noticiasperfil.com\/index\/2026\/01\/14\/mas-de-40-mil-familias-reciben-abrigo-y-alimentos-gracias-a-abrigando-corazones\/","title":{"rendered":"M\u00e1s de 40 mil familias reciben abrigo y alimentos gracias a Abrigando Corazones"},"content":{"rendered":"\n<figure class=\"wp-block-gallery has-nested-images columns-default is-cropped wp-block-gallery-1 is-layout-flex wp-block-gallery-is-layout-flex\">\n<figure class=\"wp-block-image size-large\"><img loading=\"lazy\" decoding=\"async\" width=\"1280\" height=\"858\" data-attachment-id=\"118385\" data-permalink=\"https:\/\/www.noticiasperfil.com\/index\/2026\/01\/14\/mas-de-40-mil-familias-reciben-abrigo-y-alimentos-gracias-a-abrigando-corazones\/abrigo-alimentos-gracias-abrigando-corazones3\/\" data-orig-file=\"https:\/\/i2.wp.com\/www.noticiasperfil.com\/index\/wp-content\/uploads\/2026\/01\/abrigo-alimentos-gracias-abrigando-corazones3.jpeg?fit=1280%2C858&amp;ssl=1\" data-orig-size=\"1280,858\" data-comments-opened=\"1\" data-image-meta=\"{&quot;aperture&quot;:&quot;0&quot;,&quot;credit&quot;:&quot;&quot;,&quot;camera&quot;:&quot;&quot;,&quot;caption&quot;:&quot;&quot;,&quot;created_timestamp&quot;:&quot;0&quot;,&quot;copyright&quot;:&quot;&quot;,&quot;focal_length&quot;:&quot;0&quot;,&quot;iso&quot;:&quot;0&quot;,&quot;shutter_speed&quot;:&quot;0&quot;,&quot;title&quot;:&quot;&quot;,&quot;orientation&quot;:&quot;0&quot;}\" data-image-title=\"abrigo-alimentos-gracias-abrigando-corazones3\" data-image-description=\"\" data-medium-file=\"https:\/\/i2.wp.com\/www.noticiasperfil.com\/index\/wp-content\/uploads\/2026\/01\/abrigo-alimentos-gracias-abrigando-corazones3.jpeg?fit=660%2C365&amp;ssl=1\" data-large-file=\"https:\/\/i2.wp.com\/www.noticiasperfil.com\/index\/wp-content\/uploads\/2026\/01\/abrigo-alimentos-gracias-abrigando-corazones3.jpeg?fit=640%2C366&amp;ssl=1\" data-id=\"118385\" src=\"https:\/\/i2.wp.com\/www.noticiasperfil.com\/index\/wp-content\/uploads\/2026\/01\/abrigo-alimentos-gracias-abrigando-corazones3.jpeg?fit=640%2C366&amp;ssl=1\" alt=\"\" class=\"wp-image-118385\"\/><\/figure>\n\n\n\n<figure class=\"wp-block-image size-large\"><img loading=\"lazy\" decoding=\"async\" width=\"966\" height=\"657\" data-attachment-id=\"118384\" data-permalink=\"https:\/\/www.noticiasperfil.com\/index\/2026\/01\/14\/mas-de-40-mil-familias-reciben-abrigo-y-alimentos-gracias-a-abrigando-corazones\/abrigo-alimentos-gracias-abrigando-corazones2\/\" data-orig-file=\"https:\/\/i2.wp.com\/www.noticiasperfil.com\/index\/wp-content\/uploads\/2026\/01\/abrigo-alimentos-gracias-abrigando-corazones2.jpeg?fit=966%2C657&amp;ssl=1\" data-orig-size=\"966,657\" data-comments-opened=\"1\" data-image-meta=\"{&quot;aperture&quot;:&quot;0&quot;,&quot;credit&quot;:&quot;&quot;,&quot;camera&quot;:&quot;&quot;,&quot;caption&quot;:&quot;&quot;,&quot;created_timestamp&quot;:&quot;0&quot;,&quot;copyright&quot;:&quot;&quot;,&quot;focal_length&quot;:&quot;0&quot;,&quot;iso&quot;:&quot;0&quot;,&quot;shutter_speed&quot;:&quot;0&quot;,&quot;title&quot;:&quot;&quot;,&quot;orientation&quot;:&quot;0&quot;}\" data-image-title=\"abrigo-alimentos-gracias-abrigando-corazones2\" data-image-description=\"\" data-medium-file=\"https:\/\/i2.wp.com\/www.noticiasperfil.com\/index\/wp-content\/uploads\/2026\/01\/abrigo-alimentos-gracias-abrigando-corazones2.jpeg?fit=660%2C365&amp;ssl=1\" data-large-file=\"https:\/\/i2.wp.com\/www.noticiasperfil.com\/index\/wp-content\/uploads\/2026\/01\/abrigo-alimentos-gracias-abrigando-corazones2.jpeg?fit=640%2C366&amp;ssl=1\" data-id=\"118384\" src=\"https:\/\/i2.wp.com\/www.noticiasperfil.com\/index\/wp-content\/uploads\/2026\/01\/abrigo-alimentos-gracias-abrigando-corazones2.jpeg?fit=640%2C366&amp;ssl=1\" alt=\"\" class=\"wp-image-118384\"\/><\/figure>\n\n\n\n<figure class=\"wp-block-image size-large\"><img loading=\"lazy\" decoding=\"async\" width=\"1280\" height=\"853\" data-attachment-id=\"118383\" data-permalink=\"https:\/\/www.noticiasperfil.com\/index\/2026\/01\/14\/mas-de-40-mil-familias-reciben-abrigo-y-alimentos-gracias-a-abrigando-corazones\/abrigo-alimentos-gracias-abrigando-corazones1\/\" data-orig-file=\"https:\/\/i1.wp.com\/www.noticiasperfil.com\/index\/wp-content\/uploads\/2026\/01\/abrigo-alimentos-gracias-abrigando-corazones1.jpeg?fit=1280%2C853&amp;ssl=1\" data-orig-size=\"1280,853\" data-comments-opened=\"1\" data-image-meta=\"{&quot;aperture&quot;:&quot;0&quot;,&quot;credit&quot;:&quot;&quot;,&quot;camera&quot;:&quot;&quot;,&quot;caption&quot;:&quot;&quot;,&quot;created_timestamp&quot;:&quot;0&quot;,&quot;copyright&quot;:&quot;&quot;,&quot;focal_length&quot;:&quot;0&quot;,&quot;iso&quot;:&quot;0&quot;,&quot;shutter_speed&quot;:&quot;0&quot;,&quot;title&quot;:&quot;&quot;,&quot;orientation&quot;:&quot;0&quot;}\" data-image-title=\"abrigo-alimentos-gracias-abrigando-corazones1\" data-image-description=\"\" data-medium-file=\"https:\/\/i1.wp.com\/www.noticiasperfil.com\/index\/wp-content\/uploads\/2026\/01\/abrigo-alimentos-gracias-abrigando-corazones1.jpeg?fit=660%2C365&amp;ssl=1\" data-large-file=\"https:\/\/i1.wp.com\/www.noticiasperfil.com\/index\/wp-content\/uploads\/2026\/01\/abrigo-alimentos-gracias-abrigando-corazones1.jpeg?fit=640%2C366&amp;ssl=1\" data-id=\"118383\" src=\"https:\/\/i1.wp.com\/www.noticiasperfil.com\/index\/wp-content\/uploads\/2026\/01\/abrigo-alimentos-gracias-abrigando-corazones1.jpeg?fit=640%2C366&amp;ssl=1\" alt=\"\" class=\"wp-image-118383\"\/><\/figure>\n<\/figure>\n\n\n\n<blockquote class=\"wp-block-quote is-layout-flow wp-block-quote-is-layout-flow\">\n<p>Tambi\u00e9n brinda atenci\u00f3n m\u00e9dica y vacunaci\u00f3n.<\/p>\n<\/blockquote>\n\n\n\n<p><strong>Xalapa, Ver., mi\u00e9rcoles 14 de enero de 2026.-<\/strong> A fin de proteger a la poblaci\u00f3n m\u00e1s vulnerable ante las bajas temperaturas, el Gobierno del Estado, a trav\u00e9s de la Caravana Abrigando Corazones, ha entregado a la fecha 40 mil 710 paquetes alimentarios a igual n\u00famero de familias, as\u00ed como 75 mil 686 cobertores en 272 comunidades de distintas regiones del territorio veracruzano.<\/p>\n\n\n\n<p>Como parte de este esfuerzo humanitario, en la regi\u00f3n de las Altas Monta\u00f1as la Caravana visit\u00f3 este martes 10 comunidades del municipio de La Perla, donde distribuy\u00f3 650 paquetes alimentarios y mil 480 cobertores; adem\u00e1s, en siete localidades de Nogales entreg\u00f3 520 paquetes alimentarios y mil 140 cobijas.<\/p>\n\n\n\n<p>En el municipio de Tlilapan se atendieron siete comunidades, donde se repartieron mil 436 paquetes alimentarios y dos mil 400 cobertores; asimismo, personal de la Jurisdicci\u00f3n Sanitaria VII, con sede en Orizaba, aplic\u00f3 73 vacunas contra influenza y COVID-19, mientras que la Secretar\u00eda de Seguridad P\u00fablica despleg\u00f3 una Cocina M\u00f3vil para la entrega de alimentos calientes.<\/p>\n\n\n\n<p>Apenas este lunes, la Caravana tambi\u00e9n brind\u00f3 atenci\u00f3n en la localidad de Loma Grande, en el municipio de Mariano Escobedo, as\u00ed como en Jalacingo, donde se distribuyeron apoyos invernales y se otorgaron servicios b\u00e1sicos a la poblaci\u00f3n que enfrenta condiciones clim\u00e1ticas adversas.<\/p>\n\n\n\n<p>La estrategia fue puesta en marcha en diciembre, cuando la gobernadora Roc\u00edo Nahle Garc\u00eda dio el banderazo de salida desde la explanada del Sistema Estatal DIF, con el compromiso de acompa\u00f1ar a las familias que habitan en las zonas con las temperaturas m\u00e1s bajas de Veracruz.<\/p>\n\n\n\n<p>Por segundo a\u00f1o consecutivo, el Gobierno de Veracruz impulsa esta estrategia, que recorre localidades ubicadas por encima de los dos mil metros sobre el nivel del mar y que registran m\u00e1s de 91 d\u00edas de fr\u00edo y heladas durante los meses de diciembre y enero.<\/p>\n\n\n\n<p>La Caravana Abrigando Corazones opera mediante una coordinaci\u00f3n interinstitucional encabezada por el Sistema Estatal DIF y la Secretar\u00eda de Desarrollo Social, responsables del suministro de insumos alimentarios y de abrigo; la Secretar\u00eda de Salud, con brigadas m\u00e9dicas y vacunaci\u00f3n; y la Secretar\u00eda de Protecci\u00f3n Civil, que refuerza la operaci\u00f3n en campo.<\/p>\n\n\n\n<p>Asimismo, participan la Secretar\u00eda de Seguridad P\u00fablica, con acompa\u00f1amiento y la operaci\u00f3n de la Cocina M\u00f3vil; la Secretar\u00eda de la Defensa Nacional y la Guardia Nacional, encargadas del traslado y resguardo de los insumos; adem\u00e1s de los ayuntamientos, que facilitan la organizaci\u00f3n comunitaria y la difusi\u00f3n de las jornadas.<\/p>\n","protected":false},"excerpt":{"rendered":"<p>Tambi\u00e9n brinda atenci\u00f3n m\u00e9dica y vacunaci\u00f3n. Xalapa, Ver., mi\u00e9rcoles 14 de enero de 2026.- A fin de proteger a la poblaci\u00f3n m\u00e1s vulnerable ante las bajas temperaturas, el Gobierno del Estado, a trav\u00e9s de la Caravana Abrigando Corazones, ha entregado a la fecha 40 mil 710 paquetes alimentarios a igual n\u00famero de familias, as\u00ed como 75 mil 686 cobertores en 272 comunidades de distintas regiones del territorio veracruzano. Como parte de este esfuerzo humanitario, en la regi\u00f3n de las Altas Monta\u00f1as la Caravana visit\u00f3 este martes 10 comunidades del municipio&hellip;<\/p>\n","protected":false},"author":1,"featured_media":118385,"comment_status":"open","ping_status":"closed","sticky":false,"template":"","format":"standard","meta":{"footnotes":""},"categories":[3,10647],"tags":[],"class_list":["post-118382","post","type-post","status-publish","format-standard","has-post-thumbnail","hentry","category-destacadas","category-zona-centro"],"jetpack-related-posts":[],"_links":{"self":[{"href":"https:\/\/www.noticiasperfil.com\/index\/wp-json\/wp\/v2\/posts\/118382","targetHints":{"allow":["GET"]}}],"collection":[{"href":"https:\/\/www.noticiasperfil.com\/index\/wp-json\/wp\/v2\/posts"}],"about":[{"href":"https:\/\/www.noticiasperfil.com\/index\/wp-json\/wp\/v2\/types\/post"}],"author":[{"embeddable":true,"href":"https:\/\/www.noticiasperfil.com\/index\/wp-json\/wp\/v2\/users\/1"}],"replies":[{"embeddable":true,"href":"https:\/\/www.noticiasperfil.com\/index\/wp-json\/wp\/v2\/comments?post=118382"}],"version-history":[{"count":1,"href":"https:\/\/www.noticiasperfil.com\/index\/wp-json\/wp\/v2\/posts\/118382\/revisions"}],"predecessor-version":[{"id":118386,"href":"https:\/\/www.noticiasperfil.com\/index\/wp-json\/wp\/v2\/posts\/118382\/revisions\/118386"}],"wp:featuredmedia":[{"embeddable":true,"href":"https:\/\/www.noticiasperfil.com\/index\/wp-json\/wp\/v2\/media\/118385"}],"wp:attachment":[{"href":"https:\/\/www.noticiasperfil.com\/index\/wp-json\/wp\/v2\/media?parent=118382"}],"wp:term":[{"taxonomy":"category","embeddable":true,"href":"https:\/\/www.noticiasperfil.com\/index\/wp-json\/wp\/v2\/categories?post=118382"},{"taxonomy":"post_tag","embeddable":true,"href":"https:\/\/www.noticiasperfil.com\/index\/wp-json\/wp\/v2\/tags?post=118382"}],"curies":[{"name":"wp","href":"https:\/\/api.w.org\/{rel}","templated":true}]}}