{"id":118387,"date":"2026-01-14T17:56:57","date_gmt":"2026-01-14T23:56:57","guid":{"rendered":"https:\/\/www.noticiasperfil.com\/index\/?p=118387"},"modified":"2026-01-14T17:57:00","modified_gmt":"2026-01-14T23:57:00","slug":"invita-secver-a-concierto-inaugural-de-la-banda-sinfonica-del-gobierno-del-estado","status":"publish","type":"post","link":"https:\/\/www.noticiasperfil.com\/index\/2026\/01\/14\/invita-secver-a-concierto-inaugural-de-la-banda-sinfonica-del-gobierno-del-estado\/","title":{"rendered":"Invita SECVER a concierto inaugural de la Banda Sinf\u00f3nica del Gobierno del Estado"},"content":{"rendered":"<div class=\"wp-block-image\">\n<figure class=\"aligncenter size-large is-resized\"><img loading=\"lazy\" decoding=\"async\" width=\"1278\" height=\"1600\" data-attachment-id=\"118388\" data-permalink=\"https:\/\/www.noticiasperfil.com\/index\/2026\/01\/14\/invita-secver-a-concierto-inaugural-de-la-banda-sinfonica-del-gobierno-del-estado\/inaugural-banda-sinfonica-gobierno-estado\/\" data-orig-file=\"https:\/\/i2.wp.com\/www.noticiasperfil.com\/index\/wp-content\/uploads\/2026\/01\/inaugural-banda-sinfonica-gobierno-estado.jpeg?fit=1278%2C1600&amp;ssl=1\" data-orig-size=\"1278,1600\" data-comments-opened=\"1\" data-image-meta=\"{&quot;aperture&quot;:&quot;0&quot;,&quot;credit&quot;:&quot;&quot;,&quot;camera&quot;:&quot;&quot;,&quot;caption&quot;:&quot;&quot;,&quot;created_timestamp&quot;:&quot;0&quot;,&quot;copyright&quot;:&quot;&quot;,&quot;focal_length&quot;:&quot;0&quot;,&quot;iso&quot;:&quot;0&quot;,&quot;shutter_speed&quot;:&quot;0&quot;,&quot;title&quot;:&quot;&quot;,&quot;orientation&quot;:&quot;0&quot;}\" data-image-title=\"inaugural-banda-sinfonica-gobierno-estado\" data-image-description=\"\" data-medium-file=\"https:\/\/i2.wp.com\/www.noticiasperfil.com\/index\/wp-content\/uploads\/2026\/01\/inaugural-banda-sinfonica-gobierno-estado.jpeg?fit=660%2C365&amp;ssl=1\" data-large-file=\"https:\/\/i2.wp.com\/www.noticiasperfil.com\/index\/wp-content\/uploads\/2026\/01\/inaugural-banda-sinfonica-gobierno-estado.jpeg?fit=640%2C366&amp;ssl=1\" src=\"https:\/\/i2.wp.com\/www.noticiasperfil.com\/index\/wp-content\/uploads\/2026\/01\/inaugural-banda-sinfonica-gobierno-estado.jpeg?fit=640%2C366&amp;ssl=1\" alt=\"\" class=\"wp-image-118388\" style=\"width:464px;height:auto\" srcset=\"https:\/\/i2.wp.com\/www.noticiasperfil.com\/index\/wp-content\/uploads\/2026\/01\/inaugural-banda-sinfonica-gobierno-estado.jpeg?w=1278&amp;ssl=1 1278w, https:\/\/i2.wp.com\/www.noticiasperfil.com\/index\/wp-content\/uploads\/2026\/01\/inaugural-banda-sinfonica-gobierno-estado.jpeg?resize=1227%2C1536&amp;ssl=1 1227w\" sizes=\"auto, (max-width: 640px) 100vw, 640px\" \/><\/figure>\n<\/div>\n\n\n<p><strong>Xalapa, Ver., mi\u00e9rcoles 14 de enero de 2026.-<\/strong> La Secretar\u00eda de Cultura de Veracruz (SECVER), en coordinaci\u00f3n con la Coordinaci\u00f3n de Promoci\u00f3n de Valores C\u00edvicos y Culturales de la Secretar\u00eda de Gobierno, invita al Primer Concierto de la Banda Sinf\u00f3nica del Gobierno del Estado de Veracruz, que se llevar\u00e1 a cabo el d\u00eda de ma\u00f1ana, a las 19:00 horas, en la Sala Emilio Carballido del Teatro del Estado General Ignacio de la Llave.<\/p>\n\n\n\n<p>El recital, bajo la direcci\u00f3n de Cristian Texon, integra un repertorio de melod\u00edas inolvidables de la \u00e9poca de los a\u00f1os 70 y 80 para transmitir el valor y el disfrute por la m\u00fasica. El acceso es gratuito con boleto de control, los cuales estar\u00e1n disponibles en la oficina de la Coordinaci\u00f3n de Promoci\u00f3n de Valores C\u00edvicos y Culturales en horario de 09:00 a 18:00 horas.<\/p>\n\n\n\n<p>Consulta m\u00e1s informaci\u00f3n en las redes sociales del @TeatroDelEstado. Sigue la cuenta oficial de la @SECVERoficial para estar al tanto de las actividades que confirman por qu\u00e9 Veracruz est\u00e1 de moda.<\/p>\n","protected":false},"excerpt":{"rendered":"<p>Xalapa, Ver., mi\u00e9rcoles 14 de enero de 2026.- La Secretar\u00eda de Cultura de Veracruz (SECVER), en coordinaci\u00f3n con la Coordinaci\u00f3n de Promoci\u00f3n de Valores C\u00edvicos y Culturales de la Secretar\u00eda de Gobierno, invita al Primer Concierto de la Banda Sinf\u00f3nica del Gobierno del Estado de Veracruz, que se llevar\u00e1 a cabo el d\u00eda de ma\u00f1ana, a las 19:00 horas, en la Sala Emilio Carballido del Teatro del Estado General Ignacio de la Llave. El recital, bajo la direcci\u00f3n de Cristian Texon, integra un repertorio de melod\u00edas inolvidables de la \u00e9poca&hellip;<\/p>\n","protected":false},"author":1,"featured_media":118388,"comment_status":"open","ping_status":"closed","sticky":false,"template":"","format":"standard","meta":{"footnotes":""},"categories":[3,10618],"tags":[],"class_list":["post-118387","post","type-post","status-publish","format-standard","has-post-thumbnail","hentry","category-destacadas","category-eventos-culturales"],"jetpack-related-posts":[],"_links":{"self":[{"href":"https:\/\/www.noticiasperfil.com\/index\/wp-json\/wp\/v2\/posts\/118387","targetHints":{"allow":["GET"]}}],"collection":[{"href":"https:\/\/www.noticiasperfil.com\/index\/wp-json\/wp\/v2\/posts"}],"about":[{"href":"https:\/\/www.noticiasperfil.com\/index\/wp-json\/wp\/v2\/types\/post"}],"author":[{"embeddable":true,"href":"https:\/\/www.noticiasperfil.com\/index\/wp-json\/wp\/v2\/users\/1"}],"replies":[{"embeddable":true,"href":"https:\/\/www.noticiasperfil.com\/index\/wp-json\/wp\/v2\/comments?post=118387"}],"version-history":[{"count":1,"href":"https:\/\/www.noticiasperfil.com\/index\/wp-json\/wp\/v2\/posts\/118387\/revisions"}],"predecessor-version":[{"id":118389,"href":"https:\/\/www.noticiasperfil.com\/index\/wp-json\/wp\/v2\/posts\/118387\/revisions\/118389"}],"wp:featuredmedia":[{"embeddable":true,"href":"https:\/\/www.noticiasperfil.com\/index\/wp-json\/wp\/v2\/media\/118388"}],"wp:attachment":[{"href":"https:\/\/www.noticiasperfil.com\/index\/wp-json\/wp\/v2\/media?parent=118387"}],"wp:term":[{"taxonomy":"category","embeddable":true,"href":"https:\/\/www.noticiasperfil.com\/index\/wp-json\/wp\/v2\/categories?post=118387"},{"taxonomy":"post_tag","embeddable":true,"href":"https:\/\/www.noticiasperfil.com\/index\/wp-json\/wp\/v2\/tags?post=118387"}],"curies":[{"name":"wp","href":"https:\/\/api.w.org\/{rel}","templated":true}]}}