{"id":118393,"date":"2026-01-14T18:12:55","date_gmt":"2026-01-15T00:12:55","guid":{"rendered":"https:\/\/www.noticiasperfil.com\/index\/?p=118393"},"modified":"2026-02-06T21:18:13","modified_gmt":"2026-02-07T03:18:13","slug":"a-15-anos-de-la-desaparicion-de-su-hija","status":"publish","type":"post","link":"https:\/\/www.noticiasperfil.com\/index\/2026\/01\/14\/a-15-anos-de-la-desaparicion-de-su-hija\/","title":{"rendered":"A 15 a\u00f1os de la desaparici\u00f3n de su hija"},"content":{"rendered":"\n<figure class=\"wp-block-gallery has-nested-images columns-default is-cropped wp-block-gallery-1 is-layout-flex wp-block-gallery-is-layout-flex\">\n<figure class=\"wp-block-image size-large\"><img loading=\"lazy\" decoding=\"async\" width=\"1600\" height=\"590\" data-attachment-id=\"118397\" data-permalink=\"https:\/\/www.noticiasperfil.com\/index\/2026\/01\/14\/a-15-anos-de-la-desaparicion-de-su-hija\/15-annos-desaparicion-hija4\/\" data-orig-file=\"https:\/\/i0.wp.com\/www.noticiasperfil.com\/index\/wp-content\/uploads\/2026\/01\/15-annos-desaparicion-hija4.jpeg?fit=1600%2C590&amp;ssl=1\" data-orig-size=\"1600,590\" data-comments-opened=\"1\" data-image-meta=\"{&quot;aperture&quot;:&quot;0&quot;,&quot;credit&quot;:&quot;&quot;,&quot;camera&quot;:&quot;&quot;,&quot;caption&quot;:&quot;&quot;,&quot;created_timestamp&quot;:&quot;0&quot;,&quot;copyright&quot;:&quot;&quot;,&quot;focal_length&quot;:&quot;0&quot;,&quot;iso&quot;:&quot;0&quot;,&quot;shutter_speed&quot;:&quot;0&quot;,&quot;title&quot;:&quot;&quot;,&quot;orientation&quot;:&quot;0&quot;}\" data-image-title=\"15-annos-desaparicion-hija4\" data-image-description=\"\" data-medium-file=\"https:\/\/i0.wp.com\/www.noticiasperfil.com\/index\/wp-content\/uploads\/2026\/01\/15-annos-desaparicion-hija4.jpeg?fit=660%2C365&amp;ssl=1\" data-large-file=\"https:\/\/i0.wp.com\/www.noticiasperfil.com\/index\/wp-content\/uploads\/2026\/01\/15-annos-desaparicion-hija4.jpeg?fit=640%2C366&amp;ssl=1\" data-id=\"118397\" src=\"https:\/\/i0.wp.com\/www.noticiasperfil.com\/index\/wp-content\/uploads\/2026\/01\/15-annos-desaparicion-hija4.jpeg?fit=640%2C366&amp;ssl=1\" alt=\"\" class=\"wp-image-118397\" srcset=\"https:\/\/i0.wp.com\/www.noticiasperfil.com\/index\/wp-content\/uploads\/2026\/01\/15-annos-desaparicion-hija4.jpeg?w=1600&amp;ssl=1 1600w, https:\/\/i0.wp.com\/www.noticiasperfil.com\/index\/wp-content\/uploads\/2026\/01\/15-annos-desaparicion-hija4.jpeg?resize=1536%2C566&amp;ssl=1 1536w, https:\/\/i0.wp.com\/www.noticiasperfil.com\/index\/wp-content\/uploads\/2026\/01\/15-annos-desaparicion-hija4.jpeg?w=1280&amp;ssl=1 1280w\" sizes=\"auto, (max-width: 640px) 100vw, 640px\" \/><\/figure>\n\n\n\n<figure class=\"wp-block-image size-large\"><img loading=\"lazy\" decoding=\"async\" width=\"1600\" height=\"1200\" data-attachment-id=\"118396\" data-permalink=\"https:\/\/www.noticiasperfil.com\/index\/2026\/01\/14\/a-15-anos-de-la-desaparicion-de-su-hija\/15-annos-desaparicion-hija3\/\" data-orig-file=\"https:\/\/i2.wp.com\/www.noticiasperfil.com\/index\/wp-content\/uploads\/2026\/01\/15-annos-desaparicion-hija3.jpeg?fit=1600%2C1200&amp;ssl=1\" data-orig-size=\"1600,1200\" data-comments-opened=\"1\" data-image-meta=\"{&quot;aperture&quot;:&quot;0&quot;,&quot;credit&quot;:&quot;&quot;,&quot;camera&quot;:&quot;&quot;,&quot;caption&quot;:&quot;&quot;,&quot;created_timestamp&quot;:&quot;0&quot;,&quot;copyright&quot;:&quot;&quot;,&quot;focal_length&quot;:&quot;0&quot;,&quot;iso&quot;:&quot;0&quot;,&quot;shutter_speed&quot;:&quot;0&quot;,&quot;title&quot;:&quot;&quot;,&quot;orientation&quot;:&quot;0&quot;}\" data-image-title=\"15-annos-desaparicion-hija3\" data-image-description=\"\" data-medium-file=\"https:\/\/i2.wp.com\/www.noticiasperfil.com\/index\/wp-content\/uploads\/2026\/01\/15-annos-desaparicion-hija3.jpeg?fit=660%2C365&amp;ssl=1\" data-large-file=\"https:\/\/i2.wp.com\/www.noticiasperfil.com\/index\/wp-content\/uploads\/2026\/01\/15-annos-desaparicion-hija3.jpeg?fit=640%2C366&amp;ssl=1\" data-id=\"118396\" src=\"https:\/\/i2.wp.com\/www.noticiasperfil.com\/index\/wp-content\/uploads\/2026\/01\/15-annos-desaparicion-hija3.jpeg?fit=640%2C366&amp;ssl=1\" alt=\"\" class=\"wp-image-118396\" srcset=\"https:\/\/i2.wp.com\/www.noticiasperfil.com\/index\/wp-content\/uploads\/2026\/01\/15-annos-desaparicion-hija3.jpeg?w=1600&amp;ssl=1 1600w, https:\/\/i2.wp.com\/www.noticiasperfil.com\/index\/wp-content\/uploads\/2026\/01\/15-annos-desaparicion-hija3.jpeg?resize=1536%2C1152&amp;ssl=1 1536w, https:\/\/i2.wp.com\/www.noticiasperfil.com\/index\/wp-content\/uploads\/2026\/01\/15-annos-desaparicion-hija3.jpeg?w=1280&amp;ssl=1 1280w\" sizes=\"auto, (max-width: 640px) 100vw, 640px\" \/><\/figure>\n\n\n\n<figure class=\"wp-block-image size-large\"><img loading=\"lazy\" decoding=\"async\" width=\"1599\" height=\"766\" data-attachment-id=\"118395\" data-permalink=\"https:\/\/www.noticiasperfil.com\/index\/2026\/01\/14\/a-15-anos-de-la-desaparicion-de-su-hija\/15-annos-desaparicion-hija2\/\" data-orig-file=\"https:\/\/i2.wp.com\/www.noticiasperfil.com\/index\/wp-content\/uploads\/2026\/01\/15-annos-desaparicion-hija2.jpeg?fit=1599%2C766&amp;ssl=1\" data-orig-size=\"1599,766\" data-comments-opened=\"1\" data-image-meta=\"{&quot;aperture&quot;:&quot;0&quot;,&quot;credit&quot;:&quot;&quot;,&quot;camera&quot;:&quot;&quot;,&quot;caption&quot;:&quot;&quot;,&quot;created_timestamp&quot;:&quot;0&quot;,&quot;copyright&quot;:&quot;&quot;,&quot;focal_length&quot;:&quot;0&quot;,&quot;iso&quot;:&quot;0&quot;,&quot;shutter_speed&quot;:&quot;0&quot;,&quot;title&quot;:&quot;&quot;,&quot;orientation&quot;:&quot;0&quot;}\" data-image-title=\"15-annos-desaparicion-hija2\" data-image-description=\"\" data-medium-file=\"https:\/\/i2.wp.com\/www.noticiasperfil.com\/index\/wp-content\/uploads\/2026\/01\/15-annos-desaparicion-hija2.jpeg?fit=660%2C365&amp;ssl=1\" data-large-file=\"https:\/\/i2.wp.com\/www.noticiasperfil.com\/index\/wp-content\/uploads\/2026\/01\/15-annos-desaparicion-hija2.jpeg?fit=640%2C366&amp;ssl=1\" data-id=\"118395\" src=\"https:\/\/i2.wp.com\/www.noticiasperfil.com\/index\/wp-content\/uploads\/2026\/01\/15-annos-desaparicion-hija2.jpeg?fit=640%2C366&amp;ssl=1\" alt=\"\" class=\"wp-image-118395\" srcset=\"https:\/\/i2.wp.com\/www.noticiasperfil.com\/index\/wp-content\/uploads\/2026\/01\/15-annos-desaparicion-hija2.jpeg?w=1599&amp;ssl=1 1599w, https:\/\/i2.wp.com\/www.noticiasperfil.com\/index\/wp-content\/uploads\/2026\/01\/15-annos-desaparicion-hija2.jpeg?resize=1536%2C736&amp;ssl=1 1536w, https:\/\/i2.wp.com\/www.noticiasperfil.com\/index\/wp-content\/uploads\/2026\/01\/15-annos-desaparicion-hija2.jpeg?w=1280&amp;ssl=1 1280w\" sizes=\"auto, (max-width: 640px) 100vw, 640px\" \/><\/figure>\n\n\n\n<figure class=\"wp-block-image size-large\"><img loading=\"lazy\" decoding=\"async\" width=\"1600\" height=\"1200\" data-attachment-id=\"118394\" data-permalink=\"https:\/\/www.noticiasperfil.com\/index\/2026\/01\/14\/a-15-anos-de-la-desaparicion-de-su-hija\/15-annos-desaparicion-hija\/\" data-orig-file=\"https:\/\/i2.wp.com\/www.noticiasperfil.com\/index\/wp-content\/uploads\/2026\/01\/15-annos-desaparicion-hija.jpeg?fit=1600%2C1200&amp;ssl=1\" data-orig-size=\"1600,1200\" data-comments-opened=\"1\" data-image-meta=\"{&quot;aperture&quot;:&quot;0&quot;,&quot;credit&quot;:&quot;&quot;,&quot;camera&quot;:&quot;&quot;,&quot;caption&quot;:&quot;&quot;,&quot;created_timestamp&quot;:&quot;0&quot;,&quot;copyright&quot;:&quot;&quot;,&quot;focal_length&quot;:&quot;0&quot;,&quot;iso&quot;:&quot;0&quot;,&quot;shutter_speed&quot;:&quot;0&quot;,&quot;title&quot;:&quot;&quot;,&quot;orientation&quot;:&quot;0&quot;}\" data-image-title=\"15-annos-desaparicion-hija\" data-image-description=\"\" data-medium-file=\"https:\/\/i2.wp.com\/www.noticiasperfil.com\/index\/wp-content\/uploads\/2026\/01\/15-annos-desaparicion-hija.jpeg?fit=660%2C365&amp;ssl=1\" data-large-file=\"https:\/\/i2.wp.com\/www.noticiasperfil.com\/index\/wp-content\/uploads\/2026\/01\/15-annos-desaparicion-hija.jpeg?fit=640%2C366&amp;ssl=1\" data-id=\"118394\" src=\"https:\/\/i2.wp.com\/www.noticiasperfil.com\/index\/wp-content\/uploads\/2026\/01\/15-annos-desaparicion-hija.jpeg?fit=640%2C366&amp;ssl=1\" alt=\"\" class=\"wp-image-118394\" srcset=\"https:\/\/i2.wp.com\/www.noticiasperfil.com\/index\/wp-content\/uploads\/2026\/01\/15-annos-desaparicion-hija.jpeg?w=1600&amp;ssl=1 1600w, https:\/\/i2.wp.com\/www.noticiasperfil.com\/index\/wp-content\/uploads\/2026\/01\/15-annos-desaparicion-hija.jpeg?resize=1536%2C1152&amp;ssl=1 1536w, https:\/\/i2.wp.com\/www.noticiasperfil.com\/index\/wp-content\/uploads\/2026\/01\/15-annos-desaparicion-hija.jpeg?w=1280&amp;ssl=1 1280w\" sizes=\"auto, (max-width: 640px) 100vw, 640px\" \/><\/figure>\n<\/figure>\n\n\n\n<p>*A 15 a\u00f1os de la desaparici\u00f3n de su hija<br>*La investigaci\u00f3n se encuentra estancada<br>*Denuncia la representante e integrante del colectivo Unidos por Amor a Nuestros Desaparecidos y Busc\u00e1ndolos los Encontramos C\u00f3rdoba, Olga Lidia Salazar Hern\u00e1ndez<\/p>\n\n\n\n<p>XALAPA, VER.- La representante del colectivo Unidos por Amor a Nuestros Desaparecidos y Busc\u00e1ndolos los Encontramos C\u00f3rdoba, Olga Lidia Salazar Hern\u00e1ndez, denunci\u00f3 que a 15 a\u00f1os de la desaparici\u00f3n de su hija Marion Ivette en Poza Rica, no hay avances en la investigaci\u00f3n por parte de la Fiscal\u00eda General del Estado (FGE).<\/p>\n\n\n\n<blockquote class=\"wp-block-quote is-layout-flow wp-block-quote-is-layout-flow\">\n<p>\u00abDesgraciadamente las fiscal\u00edas, no han hecho su trabajo como deben hacerlo, no han tomado en serio su papel. En las investigaciones, creo que est\u00e1n m\u00e1s preocupados en asuntos pol\u00edticos y otras y otras cosas que en la verdadera b\u00fasqueda de nuestros hijos y hasta el d\u00eda de hoy nadie ha dado con el paradero de mi hija.\u00bb<\/p>\n<\/blockquote>\n\n\n\n<p>La madre buscadora, denunci\u00f3 que hasta el momento no tiene conocimiento de la realidad de lo que ocurri\u00f3 con su hija quien desapareci\u00f3 el 14 de enero de 2011.<\/p>\n\n\n\n<blockquote class=\"wp-block-quote is-layout-flow wp-block-quote-is-layout-flow\">\n<p>\u00abNo hemos visto que las fiscal\u00edas hagan algo, pues solamente vienen a sentarse en una silla, y a cobrar un sueldo, pero pues no se preocupan no por dar con el paradero de nuestros familiares, estos 15 a\u00f1os han sido de lucha y\u00a0 de toparnos con este este tipo de situaciones.\u00bb<\/p>\n<\/blockquote>\n\n\n\n<p>Acus\u00f3 que la Comisi\u00f3n Estatal de B\u00fasqueda de Veracruz, en diversas ocasiones se neg\u00f3 a ampliar la b\u00fasqueda de Marion Ivette, bajo el argumento de no contar con personal ni presupuesto suficiente para realizar volanteo y otras diligencias.<\/p>\n\n\n\n<p>La joven desapareci\u00f3 el 14 de enero del 2011 en la ciudad de Poza Rica en el norte del estado.<\/p>\n","protected":false},"excerpt":{"rendered":"<p>*A 15 a\u00f1os de la desaparici\u00f3n de su hija*La investigaci\u00f3n se encuentra estancada*Denuncia la representante e integrante del colectivo Unidos por Amor a Nuestros Desaparecidos y Busc\u00e1ndolos los Encontramos C\u00f3rdoba, Olga Lidia Salazar Hern\u00e1ndez XALAPA, VER.- La representante del colectivo Unidos por Amor a Nuestros Desaparecidos y Busc\u00e1ndolos los Encontramos C\u00f3rdoba, Olga Lidia Salazar Hern\u00e1ndez, denunci\u00f3 que a 15 a\u00f1os de la desaparici\u00f3n de su hija Marion Ivette en Poza Rica, no hay avances en la investigaci\u00f3n por parte de la Fiscal\u00eda General del Estado (FGE). \u00abDesgraciadamente las fiscal\u00edas, no&hellip;<\/p>\n","protected":false},"author":1,"featured_media":118394,"comment_status":"open","ping_status":"closed","sticky":false,"template":"","format":"standard","meta":{"footnotes":""},"categories":[3,10647],"tags":[],"class_list":["post-118393","post","type-post","status-publish","format-standard","has-post-thumbnail","hentry","category-destacadas","category-zona-centro"],"jetpack-related-posts":[],"_links":{"self":[{"href":"https:\/\/www.noticiasperfil.com\/index\/wp-json\/wp\/v2\/posts\/118393","targetHints":{"allow":["GET"]}}],"collection":[{"href":"https:\/\/www.noticiasperfil.com\/index\/wp-json\/wp\/v2\/posts"}],"about":[{"href":"https:\/\/www.noticiasperfil.com\/index\/wp-json\/wp\/v2\/types\/post"}],"author":[{"embeddable":true,"href":"https:\/\/www.noticiasperfil.com\/index\/wp-json\/wp\/v2\/users\/1"}],"replies":[{"embeddable":true,"href":"https:\/\/www.noticiasperfil.com\/index\/wp-json\/wp\/v2\/comments?post=118393"}],"version-history":[{"count":1,"href":"https:\/\/www.noticiasperfil.com\/index\/wp-json\/wp\/v2\/posts\/118393\/revisions"}],"predecessor-version":[{"id":118398,"href":"https:\/\/www.noticiasperfil.com\/index\/wp-json\/wp\/v2\/posts\/118393\/revisions\/118398"}],"wp:featuredmedia":[{"embeddable":true,"href":"https:\/\/www.noticiasperfil.com\/index\/wp-json\/wp\/v2\/media\/118394"}],"wp:attachment":[{"href":"https:\/\/www.noticiasperfil.com\/index\/wp-json\/wp\/v2\/media?parent=118393"}],"wp:term":[{"taxonomy":"category","embeddable":true,"href":"https:\/\/www.noticiasperfil.com\/index\/wp-json\/wp\/v2\/categories?post=118393"},{"taxonomy":"post_tag","embeddable":true,"href":"https:\/\/www.noticiasperfil.com\/index\/wp-json\/wp\/v2\/tags?post=118393"}],"curies":[{"name":"wp","href":"https:\/\/api.w.org\/{rel}","templated":true}]}}