{"id":118399,"date":"2026-01-14T18:19:12","date_gmt":"2026-01-15T00:19:12","guid":{"rendered":"https:\/\/www.noticiasperfil.com\/index\/?p=118399"},"modified":"2026-02-06T21:18:13","modified_gmt":"2026-02-07T03:18:13","slug":"fge-informo-31-resoluciones-judiciales-como-resultado-de-acciones-operativas-y-de-investigacion","status":"publish","type":"post","link":"https:\/\/www.noticiasperfil.com\/index\/2026\/01\/14\/fge-informo-31-resoluciones-judiciales-como-resultado-de-acciones-operativas-y-de-investigacion\/","title":{"rendered":"FGE inform\u00f3 31 resoluciones judiciales como resultado de acciones operativas y de investigaci\u00f3n"},"content":{"rendered":"\n<figure class=\"wp-block-image alignwide size-large\"><img loading=\"lazy\" decoding=\"async\" width=\"640\" height=\"366\" data-attachment-id=\"118400\" data-permalink=\"https:\/\/www.noticiasperfil.com\/index\/2026\/01\/14\/fge-informo-31-resoluciones-judiciales-como-resultado-de-acciones-operativas-y-de-investigacion\/resoluciones-judiciales-resultado-acciones-operativas\/\" data-orig-file=\"https:\/\/i1.wp.com\/www.noticiasperfil.com\/index\/wp-content\/uploads\/2026\/01\/resoluciones-judiciales-resultado-acciones-operativas.jpeg?fit=1600%2C900&amp;ssl=1\" data-orig-size=\"1600,900\" data-comments-opened=\"1\" data-image-meta=\"{&quot;aperture&quot;:&quot;0&quot;,&quot;credit&quot;:&quot;&quot;,&quot;camera&quot;:&quot;&quot;,&quot;caption&quot;:&quot;&quot;,&quot;created_timestamp&quot;:&quot;0&quot;,&quot;copyright&quot;:&quot;&quot;,&quot;focal_length&quot;:&quot;0&quot;,&quot;iso&quot;:&quot;0&quot;,&quot;shutter_speed&quot;:&quot;0&quot;,&quot;title&quot;:&quot;&quot;,&quot;orientation&quot;:&quot;0&quot;}\" data-image-title=\"resoluciones-judiciales-resultado-acciones-operativas\" data-image-description=\"\" data-medium-file=\"https:\/\/i1.wp.com\/www.noticiasperfil.com\/index\/wp-content\/uploads\/2026\/01\/resoluciones-judiciales-resultado-acciones-operativas.jpeg?fit=660%2C365&amp;ssl=1\" data-large-file=\"https:\/\/i1.wp.com\/www.noticiasperfil.com\/index\/wp-content\/uploads\/2026\/01\/resoluciones-judiciales-resultado-acciones-operativas.jpeg?fit=640%2C366&amp;ssl=1\" src=\"https:\/\/i1.wp.com\/www.noticiasperfil.com\/index\/wp-content\/uploads\/2026\/01\/resoluciones-judiciales-resultado-acciones-operativas.jpeg?resize=640%2C366&#038;ssl=1\" alt=\"\" class=\"wp-image-118400\" data-recalc-dims=\"1\"\/><\/figure>\n\n\n\n<p>Xalapa, Ver., a 14 de enero del 2026.- La Fiscal General del Estado, Lisbeth Aurelia Jim\u00e9nez Aguirre, particip\u00f3 en la Mesa de Coordinaci\u00f3n Estatal de Construcci\u00f3n de Paz y Seguridad, encabezada por la Gobernadora Roc\u00edo Nahle Garc\u00eda, donde inform\u00f3 un resultado de cateo en Xalapa, 8 sentencias condenatorias, 14 vinculaciones a proceso y 9 imputaciones de Fiscal\u00edas Regionales, Especializada y la Unidad Especializada en Combate al Secuestro y la Extorsi\u00f3n (UECS).<\/p>\n\n\n\n<p>Durante las pasadas 24 horas, se cumplimentaron 14 mandamientos judiciales, se efectuaron 8 detenciones en flagrancia y se logr\u00f3 la localizaci\u00f3n de 2 personas reportadas como desaparecidas.<\/p>\n\n\n\n<p>La Fiscal\u00eda Regional Cosamaloapan obtuvo 2 sentencias condenatorias, una de ellas en San Andr\u00e9s Tuxtla, en contra de 12 personas involucradas en el delito de secuestro agravado en agravio de cinco v\u00edctimas ocurrido el 16 de junio del 2015.<\/p>\n\n\n\n<p>La Fiscal\u00eda Coordinadora Especializada en Delitos contra las Mujeres, Feminicidio, Familia y Trata de Personas obtuvo 3 sentencias condenatorias, una de ellas de 33 a\u00f1os por los delitos de abuso sexual de menores de edad agravado y pederastia agravada, 5 vinculaciones a proceso, realiz\u00f3 3 imputaciones y cumpliment\u00f3 1 orden de aprehensi\u00f3n.<\/p>\n\n\n\n<p>La Unidad Especializada en Combate al Secuestro y la Extorsi\u00f3n obtuvo en C\u00f3rdoba 1 vinculaci\u00f3n a proceso por el delito de extorsi\u00f3n agravada.<\/p>\n\n\n\n<p>La Fiscal\u00eda Regional Xalapa obtuvo 2 sentencias condenatorias, 3 vinculaciones a proceso y realiz\u00f3 2 imputaciones.<\/p>\n\n\n\n<p>La Fiscal\u00eda Regional Coatzacoalcos obtuvo 1 sentencia condenatoria y realiz\u00f3 3 imputaciones.<\/p>\n\n\n\n<p>La Fiscal\u00eda Regional C\u00f3rdoba obtuvo 3 vinculaciones a proceso.<\/p>\n\n\n\n<p>La Fiscal\u00eda Regional Veracruz obtuvo 2 vinculaciones a proceso y realiz\u00f3 1 imputaci\u00f3n.<\/p>\n\n\n\n<p>Con estas acciones, la Fiscal\u00eda General del Estado reitera su compromiso de continuar trabajando a favor de la sociedad veracruzana.<\/p>\n","protected":false},"excerpt":{"rendered":"<p>Xalapa, Ver., a 14 de enero del 2026.- La Fiscal General del Estado, Lisbeth Aurelia Jim\u00e9nez Aguirre, particip\u00f3 en la Mesa de Coordinaci\u00f3n Estatal de Construcci\u00f3n de Paz y Seguridad, encabezada por la Gobernadora Roc\u00edo Nahle Garc\u00eda, donde inform\u00f3 un resultado de cateo en Xalapa, 8 sentencias condenatorias, 14 vinculaciones a proceso y 9 imputaciones de Fiscal\u00edas Regionales, Especializada y la Unidad Especializada en Combate al Secuestro y la Extorsi\u00f3n (UECS). Durante las pasadas 24 horas, se cumplimentaron 14 mandamientos judiciales, se efectuaron 8 detenciones en flagrancia y se logr\u00f3&hellip;<\/p>\n","protected":false},"author":1,"featured_media":118400,"comment_status":"open","ping_status":"closed","sticky":false,"template":"","format":"standard","meta":{"footnotes":""},"categories":[3,10647],"tags":[],"class_list":["post-118399","post","type-post","status-publish","format-standard","has-post-thumbnail","hentry","category-destacadas","category-zona-centro"],"jetpack-related-posts":[],"_links":{"self":[{"href":"https:\/\/www.noticiasperfil.com\/index\/wp-json\/wp\/v2\/posts\/118399","targetHints":{"allow":["GET"]}}],"collection":[{"href":"https:\/\/www.noticiasperfil.com\/index\/wp-json\/wp\/v2\/posts"}],"about":[{"href":"https:\/\/www.noticiasperfil.com\/index\/wp-json\/wp\/v2\/types\/post"}],"author":[{"embeddable":true,"href":"https:\/\/www.noticiasperfil.com\/index\/wp-json\/wp\/v2\/users\/1"}],"replies":[{"embeddable":true,"href":"https:\/\/www.noticiasperfil.com\/index\/wp-json\/wp\/v2\/comments?post=118399"}],"version-history":[{"count":2,"href":"https:\/\/www.noticiasperfil.com\/index\/wp-json\/wp\/v2\/posts\/118399\/revisions"}],"predecessor-version":[{"id":118403,"href":"https:\/\/www.noticiasperfil.com\/index\/wp-json\/wp\/v2\/posts\/118399\/revisions\/118403"}],"wp:featuredmedia":[{"embeddable":true,"href":"https:\/\/www.noticiasperfil.com\/index\/wp-json\/wp\/v2\/media\/118400"}],"wp:attachment":[{"href":"https:\/\/www.noticiasperfil.com\/index\/wp-json\/wp\/v2\/media?parent=118399"}],"wp:term":[{"taxonomy":"category","embeddable":true,"href":"https:\/\/www.noticiasperfil.com\/index\/wp-json\/wp\/v2\/categories?post=118399"},{"taxonomy":"post_tag","embeddable":true,"href":"https:\/\/www.noticiasperfil.com\/index\/wp-json\/wp\/v2\/tags?post=118399"}],"curies":[{"name":"wp","href":"https:\/\/api.w.org\/{rel}","templated":true}]}}