{"id":118407,"date":"2026-01-14T18:26:15","date_gmt":"2026-01-15T00:26:15","guid":{"rendered":"https:\/\/www.noticiasperfil.com\/index\/?p=118407"},"modified":"2026-02-06T21:18:12","modified_gmt":"2026-02-07T03:18:12","slug":"se-trabajara-estrechamente-con-los-sectores-empresariales-de-xalapa-fortaleciendo-el-desarrollo-economico","status":"publish","type":"post","link":"https:\/\/www.noticiasperfil.com\/index\/2026\/01\/14\/se-trabajara-estrechamente-con-los-sectores-empresariales-de-xalapa-fortaleciendo-el-desarrollo-economico\/","title":{"rendered":"Se trabajar\u00e1 estrechamente con los sectores empresariales de Xalapa fortaleciendo el desarrollo econ\u00f3mico"},"content":{"rendered":"\n<figure class=\"wp-block-gallery has-nested-images columns-default is-cropped wp-block-gallery-1 is-layout-flex wp-block-gallery-is-layout-flex\">\n<figure class=\"wp-block-image size-large\"><img loading=\"lazy\" decoding=\"async\" width=\"1600\" height=\"1066\" data-attachment-id=\"118422\" data-permalink=\"https:\/\/www.noticiasperfil.com\/index\/2026\/01\/14\/se-trabajara-estrechamente-con-los-sectores-empresariales-de-xalapa-fortaleciendo-el-desarrollo-economico\/sectores-empresariales-xalapa-fortaleciendo-desarrollo-07\/\" data-orig-file=\"https:\/\/i1.wp.com\/www.noticiasperfil.com\/index\/wp-content\/uploads\/2026\/01\/sectores-empresariales-xalapa-fortaleciendo-desarrollo-07.jpg?fit=1600%2C1066&amp;ssl=1\" data-orig-size=\"1600,1066\" data-comments-opened=\"1\" data-image-meta=\"{&quot;aperture&quot;:&quot;0&quot;,&quot;credit&quot;:&quot;&quot;,&quot;camera&quot;:&quot;&quot;,&quot;caption&quot;:&quot;&quot;,&quot;created_timestamp&quot;:&quot;0&quot;,&quot;copyright&quot;:&quot;&quot;,&quot;focal_length&quot;:&quot;0&quot;,&quot;iso&quot;:&quot;0&quot;,&quot;shutter_speed&quot;:&quot;0&quot;,&quot;title&quot;:&quot;&quot;,&quot;orientation&quot;:&quot;0&quot;}\" data-image-title=\"sectores-empresariales-xalapa-fortaleciendo-desarrollo-07\" data-image-description=\"\" data-medium-file=\"https:\/\/i1.wp.com\/www.noticiasperfil.com\/index\/wp-content\/uploads\/2026\/01\/sectores-empresariales-xalapa-fortaleciendo-desarrollo-07.jpg?fit=660%2C365&amp;ssl=1\" data-large-file=\"https:\/\/i1.wp.com\/www.noticiasperfil.com\/index\/wp-content\/uploads\/2026\/01\/sectores-empresariales-xalapa-fortaleciendo-desarrollo-07.jpg?fit=640%2C366&amp;ssl=1\" data-id=\"118422\" src=\"https:\/\/i1.wp.com\/www.noticiasperfil.com\/index\/wp-content\/uploads\/2026\/01\/sectores-empresariales-xalapa-fortaleciendo-desarrollo-07.jpg?fit=640%2C366&amp;ssl=1\" alt=\"\" class=\"wp-image-118422\" srcset=\"https:\/\/i1.wp.com\/www.noticiasperfil.com\/index\/wp-content\/uploads\/2026\/01\/sectores-empresariales-xalapa-fortaleciendo-desarrollo-07.jpg?w=1600&amp;ssl=1 1600w, https:\/\/i1.wp.com\/www.noticiasperfil.com\/index\/wp-content\/uploads\/2026\/01\/sectores-empresariales-xalapa-fortaleciendo-desarrollo-07.jpg?resize=1536%2C1023&amp;ssl=1 1536w, https:\/\/i1.wp.com\/www.noticiasperfil.com\/index\/wp-content\/uploads\/2026\/01\/sectores-empresariales-xalapa-fortaleciendo-desarrollo-07.jpg?w=1280&amp;ssl=1 1280w\" sizes=\"auto, (max-width: 640px) 100vw, 640px\" \/><\/figure>\n\n\n\n<figure class=\"wp-block-image size-large\"><img loading=\"lazy\" decoding=\"async\" width=\"1600\" height=\"1066\" data-attachment-id=\"118421\" data-permalink=\"https:\/\/www.noticiasperfil.com\/index\/2026\/01\/14\/se-trabajara-estrechamente-con-los-sectores-empresariales-de-xalapa-fortaleciendo-el-desarrollo-economico\/sectores-empresariales-xalapa-fortaleciendo-desarrollo-06\/\" data-orig-file=\"https:\/\/i1.wp.com\/www.noticiasperfil.com\/index\/wp-content\/uploads\/2026\/01\/sectores-empresariales-xalapa-fortaleciendo-desarrollo-06.jpg?fit=1600%2C1066&amp;ssl=1\" data-orig-size=\"1600,1066\" data-comments-opened=\"1\" data-image-meta=\"{&quot;aperture&quot;:&quot;0&quot;,&quot;credit&quot;:&quot;&quot;,&quot;camera&quot;:&quot;&quot;,&quot;caption&quot;:&quot;&quot;,&quot;created_timestamp&quot;:&quot;0&quot;,&quot;copyright&quot;:&quot;&quot;,&quot;focal_length&quot;:&quot;0&quot;,&quot;iso&quot;:&quot;0&quot;,&quot;shutter_speed&quot;:&quot;0&quot;,&quot;title&quot;:&quot;&quot;,&quot;orientation&quot;:&quot;0&quot;}\" data-image-title=\"sectores-empresariales-xalapa-fortaleciendo-desarrollo-06\" data-image-description=\"\" data-medium-file=\"https:\/\/i1.wp.com\/www.noticiasperfil.com\/index\/wp-content\/uploads\/2026\/01\/sectores-empresariales-xalapa-fortaleciendo-desarrollo-06.jpg?fit=660%2C365&amp;ssl=1\" data-large-file=\"https:\/\/i1.wp.com\/www.noticiasperfil.com\/index\/wp-content\/uploads\/2026\/01\/sectores-empresariales-xalapa-fortaleciendo-desarrollo-06.jpg?fit=640%2C366&amp;ssl=1\" data-id=\"118421\" src=\"https:\/\/i1.wp.com\/www.noticiasperfil.com\/index\/wp-content\/uploads\/2026\/01\/sectores-empresariales-xalapa-fortaleciendo-desarrollo-06.jpg?fit=640%2C366&amp;ssl=1\" alt=\"\" class=\"wp-image-118421\" srcset=\"https:\/\/i1.wp.com\/www.noticiasperfil.com\/index\/wp-content\/uploads\/2026\/01\/sectores-empresariales-xalapa-fortaleciendo-desarrollo-06.jpg?w=1600&amp;ssl=1 1600w, https:\/\/i1.wp.com\/www.noticiasperfil.com\/index\/wp-content\/uploads\/2026\/01\/sectores-empresariales-xalapa-fortaleciendo-desarrollo-06.jpg?resize=1536%2C1023&amp;ssl=1 1536w, https:\/\/i1.wp.com\/www.noticiasperfil.com\/index\/wp-content\/uploads\/2026\/01\/sectores-empresariales-xalapa-fortaleciendo-desarrollo-06.jpg?w=1280&amp;ssl=1 1280w\" sizes=\"auto, (max-width: 640px) 100vw, 640px\" \/><\/figure>\n\n\n\n<figure class=\"wp-block-image size-large\"><img loading=\"lazy\" decoding=\"async\" width=\"1600\" height=\"1066\" data-attachment-id=\"118420\" data-permalink=\"https:\/\/www.noticiasperfil.com\/index\/2026\/01\/14\/se-trabajara-estrechamente-con-los-sectores-empresariales-de-xalapa-fortaleciendo-el-desarrollo-economico\/sectores-empresariales-xalapa-fortaleciendo-desarrollo-05\/\" data-orig-file=\"https:\/\/i1.wp.com\/www.noticiasperfil.com\/index\/wp-content\/uploads\/2026\/01\/sectores-empresariales-xalapa-fortaleciendo-desarrollo-05.jpg?fit=1600%2C1066&amp;ssl=1\" data-orig-size=\"1600,1066\" data-comments-opened=\"1\" data-image-meta=\"{&quot;aperture&quot;:&quot;0&quot;,&quot;credit&quot;:&quot;&quot;,&quot;camera&quot;:&quot;&quot;,&quot;caption&quot;:&quot;&quot;,&quot;created_timestamp&quot;:&quot;0&quot;,&quot;copyright&quot;:&quot;&quot;,&quot;focal_length&quot;:&quot;0&quot;,&quot;iso&quot;:&quot;0&quot;,&quot;shutter_speed&quot;:&quot;0&quot;,&quot;title&quot;:&quot;&quot;,&quot;orientation&quot;:&quot;0&quot;}\" data-image-title=\"sectores-empresariales-xalapa-fortaleciendo-desarrollo-05\" data-image-description=\"\" data-medium-file=\"https:\/\/i1.wp.com\/www.noticiasperfil.com\/index\/wp-content\/uploads\/2026\/01\/sectores-empresariales-xalapa-fortaleciendo-desarrollo-05.jpg?fit=660%2C365&amp;ssl=1\" data-large-file=\"https:\/\/i1.wp.com\/www.noticiasperfil.com\/index\/wp-content\/uploads\/2026\/01\/sectores-empresariales-xalapa-fortaleciendo-desarrollo-05.jpg?fit=640%2C366&amp;ssl=1\" data-id=\"118420\" src=\"https:\/\/i1.wp.com\/www.noticiasperfil.com\/index\/wp-content\/uploads\/2026\/01\/sectores-empresariales-xalapa-fortaleciendo-desarrollo-05.jpg?fit=640%2C366&amp;ssl=1\" alt=\"\" class=\"wp-image-118420\" srcset=\"https:\/\/i1.wp.com\/www.noticiasperfil.com\/index\/wp-content\/uploads\/2026\/01\/sectores-empresariales-xalapa-fortaleciendo-desarrollo-05.jpg?w=1600&amp;ssl=1 1600w, https:\/\/i1.wp.com\/www.noticiasperfil.com\/index\/wp-content\/uploads\/2026\/01\/sectores-empresariales-xalapa-fortaleciendo-desarrollo-05.jpg?resize=1536%2C1023&amp;ssl=1 1536w, https:\/\/i1.wp.com\/www.noticiasperfil.com\/index\/wp-content\/uploads\/2026\/01\/sectores-empresariales-xalapa-fortaleciendo-desarrollo-05.jpg?w=1280&amp;ssl=1 1280w\" sizes=\"auto, (max-width: 640px) 100vw, 640px\" \/><\/figure>\n\n\n\n<figure class=\"wp-block-image size-large\"><img loading=\"lazy\" decoding=\"async\" width=\"1600\" height=\"1066\" data-attachment-id=\"118419\" data-permalink=\"https:\/\/www.noticiasperfil.com\/index\/2026\/01\/14\/se-trabajara-estrechamente-con-los-sectores-empresariales-de-xalapa-fortaleciendo-el-desarrollo-economico\/sectores-empresariales-xalapa-fortaleciendo-desarrollo-04\/\" data-orig-file=\"https:\/\/i0.wp.com\/www.noticiasperfil.com\/index\/wp-content\/uploads\/2026\/01\/sectores-empresariales-xalapa-fortaleciendo-desarrollo-04.jpg?fit=1600%2C1066&amp;ssl=1\" data-orig-size=\"1600,1066\" data-comments-opened=\"1\" data-image-meta=\"{&quot;aperture&quot;:&quot;0&quot;,&quot;credit&quot;:&quot;&quot;,&quot;camera&quot;:&quot;&quot;,&quot;caption&quot;:&quot;&quot;,&quot;created_timestamp&quot;:&quot;0&quot;,&quot;copyright&quot;:&quot;&quot;,&quot;focal_length&quot;:&quot;0&quot;,&quot;iso&quot;:&quot;0&quot;,&quot;shutter_speed&quot;:&quot;0&quot;,&quot;title&quot;:&quot;&quot;,&quot;orientation&quot;:&quot;0&quot;}\" data-image-title=\"sectores-empresariales-xalapa-fortaleciendo-desarrollo-04\" data-image-description=\"\" data-medium-file=\"https:\/\/i0.wp.com\/www.noticiasperfil.com\/index\/wp-content\/uploads\/2026\/01\/sectores-empresariales-xalapa-fortaleciendo-desarrollo-04.jpg?fit=660%2C365&amp;ssl=1\" data-large-file=\"https:\/\/i0.wp.com\/www.noticiasperfil.com\/index\/wp-content\/uploads\/2026\/01\/sectores-empresariales-xalapa-fortaleciendo-desarrollo-04.jpg?fit=640%2C366&amp;ssl=1\" data-id=\"118419\" src=\"https:\/\/i0.wp.com\/www.noticiasperfil.com\/index\/wp-content\/uploads\/2026\/01\/sectores-empresariales-xalapa-fortaleciendo-desarrollo-04.jpg?fit=640%2C366&amp;ssl=1\" alt=\"\" class=\"wp-image-118419\" srcset=\"https:\/\/i0.wp.com\/www.noticiasperfil.com\/index\/wp-content\/uploads\/2026\/01\/sectores-empresariales-xalapa-fortaleciendo-desarrollo-04.jpg?w=1600&amp;ssl=1 1600w, https:\/\/i0.wp.com\/www.noticiasperfil.com\/index\/wp-content\/uploads\/2026\/01\/sectores-empresariales-xalapa-fortaleciendo-desarrollo-04.jpg?resize=1536%2C1023&amp;ssl=1 1536w, https:\/\/i0.wp.com\/www.noticiasperfil.com\/index\/wp-content\/uploads\/2026\/01\/sectores-empresariales-xalapa-fortaleciendo-desarrollo-04.jpg?w=1280&amp;ssl=1 1280w\" sizes=\"auto, (max-width: 640px) 100vw, 640px\" \/><\/figure>\n\n\n\n<figure class=\"wp-block-image size-large\"><img loading=\"lazy\" decoding=\"async\" width=\"1600\" height=\"1066\" data-attachment-id=\"118418\" data-permalink=\"https:\/\/www.noticiasperfil.com\/index\/2026\/01\/14\/se-trabajara-estrechamente-con-los-sectores-empresariales-de-xalapa-fortaleciendo-el-desarrollo-economico\/sectores-empresariales-xalapa-fortaleciendo-desarrollo-03\/\" data-orig-file=\"https:\/\/i1.wp.com\/www.noticiasperfil.com\/index\/wp-content\/uploads\/2026\/01\/sectores-empresariales-xalapa-fortaleciendo-desarrollo-03.jpg?fit=1600%2C1066&amp;ssl=1\" data-orig-size=\"1600,1066\" data-comments-opened=\"1\" data-image-meta=\"{&quot;aperture&quot;:&quot;0&quot;,&quot;credit&quot;:&quot;&quot;,&quot;camera&quot;:&quot;&quot;,&quot;caption&quot;:&quot;&quot;,&quot;created_timestamp&quot;:&quot;0&quot;,&quot;copyright&quot;:&quot;&quot;,&quot;focal_length&quot;:&quot;0&quot;,&quot;iso&quot;:&quot;0&quot;,&quot;shutter_speed&quot;:&quot;0&quot;,&quot;title&quot;:&quot;&quot;,&quot;orientation&quot;:&quot;0&quot;}\" data-image-title=\"sectores-empresariales-xalapa-fortaleciendo-desarrollo-03\" data-image-description=\"\" data-medium-file=\"https:\/\/i1.wp.com\/www.noticiasperfil.com\/index\/wp-content\/uploads\/2026\/01\/sectores-empresariales-xalapa-fortaleciendo-desarrollo-03.jpg?fit=660%2C365&amp;ssl=1\" data-large-file=\"https:\/\/i1.wp.com\/www.noticiasperfil.com\/index\/wp-content\/uploads\/2026\/01\/sectores-empresariales-xalapa-fortaleciendo-desarrollo-03.jpg?fit=640%2C366&amp;ssl=1\" data-id=\"118418\" src=\"https:\/\/i1.wp.com\/www.noticiasperfil.com\/index\/wp-content\/uploads\/2026\/01\/sectores-empresariales-xalapa-fortaleciendo-desarrollo-03.jpg?fit=640%2C366&amp;ssl=1\" alt=\"\" class=\"wp-image-118418\" srcset=\"https:\/\/i1.wp.com\/www.noticiasperfil.com\/index\/wp-content\/uploads\/2026\/01\/sectores-empresariales-xalapa-fortaleciendo-desarrollo-03.jpg?w=1600&amp;ssl=1 1600w, https:\/\/i1.wp.com\/www.noticiasperfil.com\/index\/wp-content\/uploads\/2026\/01\/sectores-empresariales-xalapa-fortaleciendo-desarrollo-03.jpg?resize=1536%2C1023&amp;ssl=1 1536w, https:\/\/i1.wp.com\/www.noticiasperfil.com\/index\/wp-content\/uploads\/2026\/01\/sectores-empresariales-xalapa-fortaleciendo-desarrollo-03.jpg?w=1280&amp;ssl=1 1280w\" sizes=\"auto, (max-width: 640px) 100vw, 640px\" \/><\/figure>\n\n\n\n<figure class=\"wp-block-image size-large\"><img loading=\"lazy\" decoding=\"async\" width=\"1600\" height=\"1066\" data-attachment-id=\"118417\" data-permalink=\"https:\/\/www.noticiasperfil.com\/index\/2026\/01\/14\/se-trabajara-estrechamente-con-los-sectores-empresariales-de-xalapa-fortaleciendo-el-desarrollo-economico\/sectores-empresariales-xalapa-fortaleciendo-desarrollo-02\/\" data-orig-file=\"https:\/\/i2.wp.com\/www.noticiasperfil.com\/index\/wp-content\/uploads\/2026\/01\/sectores-empresariales-xalapa-fortaleciendo-desarrollo-02.jpg?fit=1600%2C1066&amp;ssl=1\" data-orig-size=\"1600,1066\" data-comments-opened=\"1\" data-image-meta=\"{&quot;aperture&quot;:&quot;0&quot;,&quot;credit&quot;:&quot;&quot;,&quot;camera&quot;:&quot;&quot;,&quot;caption&quot;:&quot;&quot;,&quot;created_timestamp&quot;:&quot;0&quot;,&quot;copyright&quot;:&quot;&quot;,&quot;focal_length&quot;:&quot;0&quot;,&quot;iso&quot;:&quot;0&quot;,&quot;shutter_speed&quot;:&quot;0&quot;,&quot;title&quot;:&quot;&quot;,&quot;orientation&quot;:&quot;0&quot;}\" data-image-title=\"sectores-empresariales-xalapa-fortaleciendo-desarrollo-02\" data-image-description=\"\" data-medium-file=\"https:\/\/i2.wp.com\/www.noticiasperfil.com\/index\/wp-content\/uploads\/2026\/01\/sectores-empresariales-xalapa-fortaleciendo-desarrollo-02.jpg?fit=660%2C365&amp;ssl=1\" data-large-file=\"https:\/\/i2.wp.com\/www.noticiasperfil.com\/index\/wp-content\/uploads\/2026\/01\/sectores-empresariales-xalapa-fortaleciendo-desarrollo-02.jpg?fit=640%2C366&amp;ssl=1\" data-id=\"118417\" src=\"https:\/\/i2.wp.com\/www.noticiasperfil.com\/index\/wp-content\/uploads\/2026\/01\/sectores-empresariales-xalapa-fortaleciendo-desarrollo-02.jpg?fit=640%2C366&amp;ssl=1\" alt=\"\" class=\"wp-image-118417\" srcset=\"https:\/\/i2.wp.com\/www.noticiasperfil.com\/index\/wp-content\/uploads\/2026\/01\/sectores-empresariales-xalapa-fortaleciendo-desarrollo-02.jpg?w=1600&amp;ssl=1 1600w, https:\/\/i2.wp.com\/www.noticiasperfil.com\/index\/wp-content\/uploads\/2026\/01\/sectores-empresariales-xalapa-fortaleciendo-desarrollo-02.jpg?resize=1536%2C1023&amp;ssl=1 1536w, https:\/\/i2.wp.com\/www.noticiasperfil.com\/index\/wp-content\/uploads\/2026\/01\/sectores-empresariales-xalapa-fortaleciendo-desarrollo-02.jpg?w=1280&amp;ssl=1 1280w\" sizes=\"auto, (max-width: 640px) 100vw, 640px\" \/><\/figure>\n<\/figure>\n\n\n\n<p>Xalapa, Ver., 14 de enero de 2026.- Con la finalidad de potencializar a esta capital como un gran destino cultural y tur\u00edstico, la Alcaldesa, Lic. Daniela Griego Ceballos, se reuni\u00f3 con integrantes de la Confederaci\u00f3n Patronal de la Rep\u00fablica Mexicana (Coparmex) Xalapa, que preside el Lic. Arturo Blanco Hern\u00e1dez y funcionariado estatal, con quienes se comprometi\u00f3 a seguir generando alianzas y trabajar estrechamente.<\/p>\n\n\n\n<p>La Presidenta Municipal reiter\u00f3 que para esta Administraci\u00f3n es fundamental el fomento a la cultura y el turismo, por lo que se impulsar\u00e1 la organizaci\u00f3n de importantes eventos, como el Festival de las Flores y el Festival de Jazz; adem\u00e1s, existe la posibilidad de establecer un Acuerdo de Hermanamiento con Nueva Orleans, Luisiana, para el fortalecimiento de los lazos culturales.<br>Ante la Secretaria de Cultura del Estado de Veracruz, Mtra. Mar\u00eda X\u00f3chitl Molina Gonz\u00e1lez; el Secretario de Turismo del Estado, Lic. Igor Roj\u00ed L\u00f3pez, y el Secretario de Desarrollo Econ\u00f3mico y Portuario del Estado, Lic, Ernesto P\u00e9rez Astorga, expuso que con esta ciudad norteamericana se impulsar\u00eda la realizaci\u00f3n de festivales como el del D\u00eda de Muertos, el Afrocaribe\u00f1o y un festival multidisciplinario de artes pl\u00e1sticas y m\u00fasica.<\/p>\n\n\n\n<p>La Alcaldesa afirm\u00f3 que el Ayuntamiento de Xalapa mantendr\u00e1 una relaci\u00f3n permanente de colaboraci\u00f3n con el Gobierno de M\u00e9xico y el Gobierno del Estado, encabezados por la Presidenta de la Rep\u00fablica, Claudia Sheinbaum Pardo, y la Gobernadora Roc\u00edo Nahle Garc\u00eda.<\/p>\n\n\n\n<p>En este sentido, convoc\u00f3 al sector empresarial a sumar esfuerzos en temas prioritarios, como el manejo de los residuos s\u00f3lidos, el cuidado del agua, la movilidad y el desarrollo metropolitano, pues el compromiso es trabajar por el bienestar de la poblaci\u00f3n.<\/p>\n\n\n\n<p>Afirm\u00f3 que la Administraci\u00f3n Municipal ha iniciado con un trabajo intenso y bien planeado, pues se tiene un proceso previo que incluy\u00f3 la campa\u00f1a, recorridos por colonias y comunidades para conocer las principales necesidades de la ciudadan\u00eda, as\u00ed como la construcci\u00f3n de un modelo de desarrollo basado en la realidad de Xalapa, lo que ha permitido comenzar el Gobierno Municipal con preparaci\u00f3n, sin improvisaciones y con alianzas consolidadas.<\/p>\n\n\n\n<p>Tambi\u00e9n estuvo presente el Presidente del Comit\u00e9 de Desarrollo Organizacional y Operativo de la Coparmex nacional, Lic. Juan Carlos D\u00edaz Morante.<\/p>\n\n\n\n<figure class=\"wp-block-gallery has-nested-images columns-default is-cropped wp-block-gallery-2 is-layout-flex wp-block-gallery-is-layout-flex\">\n<figure class=\"wp-block-image size-large\"><img loading=\"lazy\" decoding=\"async\" width=\"1600\" height=\"1066\" data-attachment-id=\"118416\" data-permalink=\"https:\/\/www.noticiasperfil.com\/index\/2026\/01\/14\/se-trabajara-estrechamente-con-los-sectores-empresariales-de-xalapa-fortaleciendo-el-desarrollo-economico\/sectores-empresariales-xalapa-fortaleciendo-desarrollo-01\/\" data-orig-file=\"https:\/\/i0.wp.com\/www.noticiasperfil.com\/index\/wp-content\/uploads\/2026\/01\/sectores-empresariales-xalapa-fortaleciendo-desarrollo-01.jpg?fit=1600%2C1066&amp;ssl=1\" data-orig-size=\"1600,1066\" data-comments-opened=\"1\" data-image-meta=\"{&quot;aperture&quot;:&quot;0&quot;,&quot;credit&quot;:&quot;&quot;,&quot;camera&quot;:&quot;&quot;,&quot;caption&quot;:&quot;&quot;,&quot;created_timestamp&quot;:&quot;0&quot;,&quot;copyright&quot;:&quot;&quot;,&quot;focal_length&quot;:&quot;0&quot;,&quot;iso&quot;:&quot;0&quot;,&quot;shutter_speed&quot;:&quot;0&quot;,&quot;title&quot;:&quot;&quot;,&quot;orientation&quot;:&quot;0&quot;}\" data-image-title=\"sectores-empresariales-xalapa-fortaleciendo-desarrollo-01\" data-image-description=\"\" data-medium-file=\"https:\/\/i0.wp.com\/www.noticiasperfil.com\/index\/wp-content\/uploads\/2026\/01\/sectores-empresariales-xalapa-fortaleciendo-desarrollo-01.jpg?fit=660%2C365&amp;ssl=1\" data-large-file=\"https:\/\/i0.wp.com\/www.noticiasperfil.com\/index\/wp-content\/uploads\/2026\/01\/sectores-empresariales-xalapa-fortaleciendo-desarrollo-01.jpg?fit=640%2C366&amp;ssl=1\" data-id=\"118416\" src=\"https:\/\/i0.wp.com\/www.noticiasperfil.com\/index\/wp-content\/uploads\/2026\/01\/sectores-empresariales-xalapa-fortaleciendo-desarrollo-01.jpg?fit=640%2C366&amp;ssl=1\" alt=\"\" class=\"wp-image-118416\" srcset=\"https:\/\/i0.wp.com\/www.noticiasperfil.com\/index\/wp-content\/uploads\/2026\/01\/sectores-empresariales-xalapa-fortaleciendo-desarrollo-01.jpg?w=1600&amp;ssl=1 1600w, https:\/\/i0.wp.com\/www.noticiasperfil.com\/index\/wp-content\/uploads\/2026\/01\/sectores-empresariales-xalapa-fortaleciendo-desarrollo-01.jpg?resize=1536%2C1023&amp;ssl=1 1536w, https:\/\/i0.wp.com\/www.noticiasperfil.com\/index\/wp-content\/uploads\/2026\/01\/sectores-empresariales-xalapa-fortaleciendo-desarrollo-01.jpg?w=1280&amp;ssl=1 1280w\" sizes=\"auto, (max-width: 640px) 100vw, 640px\" \/><\/figure>\n\n\n\n<figure class=\"wp-block-image size-large\"><img loading=\"lazy\" decoding=\"async\" width=\"1600\" height=\"1066\" data-attachment-id=\"118415\" data-permalink=\"https:\/\/www.noticiasperfil.com\/index\/2026\/01\/14\/se-trabajara-estrechamente-con-los-sectores-empresariales-de-xalapa-fortaleciendo-el-desarrollo-economico\/sectores-empresariales-xalapa-fortaleciendo-desarrollo-15\/\" data-orig-file=\"https:\/\/i1.wp.com\/www.noticiasperfil.com\/index\/wp-content\/uploads\/2026\/01\/sectores-empresariales-xalapa-fortaleciendo-desarrollo-15.jpg?fit=1600%2C1066&amp;ssl=1\" data-orig-size=\"1600,1066\" data-comments-opened=\"1\" data-image-meta=\"{&quot;aperture&quot;:&quot;0&quot;,&quot;credit&quot;:&quot;&quot;,&quot;camera&quot;:&quot;&quot;,&quot;caption&quot;:&quot;&quot;,&quot;created_timestamp&quot;:&quot;0&quot;,&quot;copyright&quot;:&quot;&quot;,&quot;focal_length&quot;:&quot;0&quot;,&quot;iso&quot;:&quot;0&quot;,&quot;shutter_speed&quot;:&quot;0&quot;,&quot;title&quot;:&quot;&quot;,&quot;orientation&quot;:&quot;0&quot;}\" data-image-title=\"sectores-empresariales-xalapa-fortaleciendo-desarrollo-15\" data-image-description=\"\" data-medium-file=\"https:\/\/i1.wp.com\/www.noticiasperfil.com\/index\/wp-content\/uploads\/2026\/01\/sectores-empresariales-xalapa-fortaleciendo-desarrollo-15.jpg?fit=660%2C365&amp;ssl=1\" data-large-file=\"https:\/\/i1.wp.com\/www.noticiasperfil.com\/index\/wp-content\/uploads\/2026\/01\/sectores-empresariales-xalapa-fortaleciendo-desarrollo-15.jpg?fit=640%2C366&amp;ssl=1\" data-id=\"118415\" src=\"https:\/\/i1.wp.com\/www.noticiasperfil.com\/index\/wp-content\/uploads\/2026\/01\/sectores-empresariales-xalapa-fortaleciendo-desarrollo-15.jpg?fit=640%2C366&amp;ssl=1\" alt=\"\" class=\"wp-image-118415\" srcset=\"https:\/\/i1.wp.com\/www.noticiasperfil.com\/index\/wp-content\/uploads\/2026\/01\/sectores-empresariales-xalapa-fortaleciendo-desarrollo-15.jpg?w=1600&amp;ssl=1 1600w, https:\/\/i1.wp.com\/www.noticiasperfil.com\/index\/wp-content\/uploads\/2026\/01\/sectores-empresariales-xalapa-fortaleciendo-desarrollo-15.jpg?resize=1536%2C1023&amp;ssl=1 1536w, https:\/\/i1.wp.com\/www.noticiasperfil.com\/index\/wp-content\/uploads\/2026\/01\/sectores-empresariales-xalapa-fortaleciendo-desarrollo-15.jpg?w=1280&amp;ssl=1 1280w\" sizes=\"auto, (max-width: 640px) 100vw, 640px\" \/><\/figure>\n\n\n\n<figure class=\"wp-block-image size-large\"><img loading=\"lazy\" decoding=\"async\" width=\"1600\" height=\"1066\" data-attachment-id=\"118414\" data-permalink=\"https:\/\/www.noticiasperfil.com\/index\/2026\/01\/14\/se-trabajara-estrechamente-con-los-sectores-empresariales-de-xalapa-fortaleciendo-el-desarrollo-economico\/sectores-empresariales-xalapa-fortaleciendo-desarrollo-14\/\" data-orig-file=\"https:\/\/i2.wp.com\/www.noticiasperfil.com\/index\/wp-content\/uploads\/2026\/01\/sectores-empresariales-xalapa-fortaleciendo-desarrollo-14.jpg?fit=1600%2C1066&amp;ssl=1\" data-orig-size=\"1600,1066\" data-comments-opened=\"1\" data-image-meta=\"{&quot;aperture&quot;:&quot;0&quot;,&quot;credit&quot;:&quot;&quot;,&quot;camera&quot;:&quot;&quot;,&quot;caption&quot;:&quot;&quot;,&quot;created_timestamp&quot;:&quot;0&quot;,&quot;copyright&quot;:&quot;&quot;,&quot;focal_length&quot;:&quot;0&quot;,&quot;iso&quot;:&quot;0&quot;,&quot;shutter_speed&quot;:&quot;0&quot;,&quot;title&quot;:&quot;&quot;,&quot;orientation&quot;:&quot;0&quot;}\" data-image-title=\"sectores-empresariales-xalapa-fortaleciendo-desarrollo-14\" data-image-description=\"\" data-medium-file=\"https:\/\/i2.wp.com\/www.noticiasperfil.com\/index\/wp-content\/uploads\/2026\/01\/sectores-empresariales-xalapa-fortaleciendo-desarrollo-14.jpg?fit=660%2C365&amp;ssl=1\" data-large-file=\"https:\/\/i2.wp.com\/www.noticiasperfil.com\/index\/wp-content\/uploads\/2026\/01\/sectores-empresariales-xalapa-fortaleciendo-desarrollo-14.jpg?fit=640%2C366&amp;ssl=1\" data-id=\"118414\" src=\"https:\/\/i2.wp.com\/www.noticiasperfil.com\/index\/wp-content\/uploads\/2026\/01\/sectores-empresariales-xalapa-fortaleciendo-desarrollo-14.jpg?fit=640%2C366&amp;ssl=1\" alt=\"\" class=\"wp-image-118414\" srcset=\"https:\/\/i2.wp.com\/www.noticiasperfil.com\/index\/wp-content\/uploads\/2026\/01\/sectores-empresariales-xalapa-fortaleciendo-desarrollo-14.jpg?w=1600&amp;ssl=1 1600w, https:\/\/i2.wp.com\/www.noticiasperfil.com\/index\/wp-content\/uploads\/2026\/01\/sectores-empresariales-xalapa-fortaleciendo-desarrollo-14.jpg?resize=1536%2C1023&amp;ssl=1 1536w, https:\/\/i2.wp.com\/www.noticiasperfil.com\/index\/wp-content\/uploads\/2026\/01\/sectores-empresariales-xalapa-fortaleciendo-desarrollo-14.jpg?w=1280&amp;ssl=1 1280w\" sizes=\"auto, (max-width: 640px) 100vw, 640px\" \/><\/figure>\n\n\n\n<figure class=\"wp-block-image size-large\"><img loading=\"lazy\" decoding=\"async\" width=\"1600\" height=\"1066\" data-attachment-id=\"118413\" data-permalink=\"https:\/\/www.noticiasperfil.com\/index\/2026\/01\/14\/se-trabajara-estrechamente-con-los-sectores-empresariales-de-xalapa-fortaleciendo-el-desarrollo-economico\/sectores-empresariales-xalapa-fortaleciendo-desarrollo-13\/\" data-orig-file=\"https:\/\/i0.wp.com\/www.noticiasperfil.com\/index\/wp-content\/uploads\/2026\/01\/sectores-empresariales-xalapa-fortaleciendo-desarrollo-13.jpg?fit=1600%2C1066&amp;ssl=1\" data-orig-size=\"1600,1066\" data-comments-opened=\"1\" data-image-meta=\"{&quot;aperture&quot;:&quot;0&quot;,&quot;credit&quot;:&quot;&quot;,&quot;camera&quot;:&quot;&quot;,&quot;caption&quot;:&quot;&quot;,&quot;created_timestamp&quot;:&quot;0&quot;,&quot;copyright&quot;:&quot;&quot;,&quot;focal_length&quot;:&quot;0&quot;,&quot;iso&quot;:&quot;0&quot;,&quot;shutter_speed&quot;:&quot;0&quot;,&quot;title&quot;:&quot;&quot;,&quot;orientation&quot;:&quot;0&quot;}\" data-image-title=\"sectores-empresariales-xalapa-fortaleciendo-desarrollo-13\" data-image-description=\"\" data-medium-file=\"https:\/\/i0.wp.com\/www.noticiasperfil.com\/index\/wp-content\/uploads\/2026\/01\/sectores-empresariales-xalapa-fortaleciendo-desarrollo-13.jpg?fit=660%2C365&amp;ssl=1\" data-large-file=\"https:\/\/i0.wp.com\/www.noticiasperfil.com\/index\/wp-content\/uploads\/2026\/01\/sectores-empresariales-xalapa-fortaleciendo-desarrollo-13.jpg?fit=640%2C366&amp;ssl=1\" data-id=\"118413\" src=\"https:\/\/i0.wp.com\/www.noticiasperfil.com\/index\/wp-content\/uploads\/2026\/01\/sectores-empresariales-xalapa-fortaleciendo-desarrollo-13.jpg?fit=640%2C366&amp;ssl=1\" alt=\"\" class=\"wp-image-118413\" srcset=\"https:\/\/i0.wp.com\/www.noticiasperfil.com\/index\/wp-content\/uploads\/2026\/01\/sectores-empresariales-xalapa-fortaleciendo-desarrollo-13.jpg?w=1600&amp;ssl=1 1600w, https:\/\/i0.wp.com\/www.noticiasperfil.com\/index\/wp-content\/uploads\/2026\/01\/sectores-empresariales-xalapa-fortaleciendo-desarrollo-13.jpg?resize=1536%2C1023&amp;ssl=1 1536w, https:\/\/i0.wp.com\/www.noticiasperfil.com\/index\/wp-content\/uploads\/2026\/01\/sectores-empresariales-xalapa-fortaleciendo-desarrollo-13.jpg?w=1280&amp;ssl=1 1280w\" sizes=\"auto, (max-width: 640px) 100vw, 640px\" \/><\/figure>\n\n\n\n<figure class=\"wp-block-image size-large\"><img loading=\"lazy\" decoding=\"async\" width=\"1600\" height=\"1066\" data-attachment-id=\"118412\" data-permalink=\"https:\/\/www.noticiasperfil.com\/index\/2026\/01\/14\/se-trabajara-estrechamente-con-los-sectores-empresariales-de-xalapa-fortaleciendo-el-desarrollo-economico\/sectores-empresariales-xalapa-fortaleciendo-desarrollo-12\/\" data-orig-file=\"https:\/\/i1.wp.com\/www.noticiasperfil.com\/index\/wp-content\/uploads\/2026\/01\/sectores-empresariales-xalapa-fortaleciendo-desarrollo-12.jpg?fit=1600%2C1066&amp;ssl=1\" data-orig-size=\"1600,1066\" data-comments-opened=\"1\" data-image-meta=\"{&quot;aperture&quot;:&quot;0&quot;,&quot;credit&quot;:&quot;&quot;,&quot;camera&quot;:&quot;&quot;,&quot;caption&quot;:&quot;&quot;,&quot;created_timestamp&quot;:&quot;0&quot;,&quot;copyright&quot;:&quot;&quot;,&quot;focal_length&quot;:&quot;0&quot;,&quot;iso&quot;:&quot;0&quot;,&quot;shutter_speed&quot;:&quot;0&quot;,&quot;title&quot;:&quot;&quot;,&quot;orientation&quot;:&quot;0&quot;}\" data-image-title=\"sectores-empresariales-xalapa-fortaleciendo-desarrollo-12\" data-image-description=\"\" data-medium-file=\"https:\/\/i1.wp.com\/www.noticiasperfil.com\/index\/wp-content\/uploads\/2026\/01\/sectores-empresariales-xalapa-fortaleciendo-desarrollo-12.jpg?fit=660%2C365&amp;ssl=1\" data-large-file=\"https:\/\/i1.wp.com\/www.noticiasperfil.com\/index\/wp-content\/uploads\/2026\/01\/sectores-empresariales-xalapa-fortaleciendo-desarrollo-12.jpg?fit=640%2C366&amp;ssl=1\" data-id=\"118412\" src=\"https:\/\/i1.wp.com\/www.noticiasperfil.com\/index\/wp-content\/uploads\/2026\/01\/sectores-empresariales-xalapa-fortaleciendo-desarrollo-12.jpg?fit=640%2C366&amp;ssl=1\" alt=\"\" class=\"wp-image-118412\" srcset=\"https:\/\/i1.wp.com\/www.noticiasperfil.com\/index\/wp-content\/uploads\/2026\/01\/sectores-empresariales-xalapa-fortaleciendo-desarrollo-12.jpg?w=1600&amp;ssl=1 1600w, https:\/\/i1.wp.com\/www.noticiasperfil.com\/index\/wp-content\/uploads\/2026\/01\/sectores-empresariales-xalapa-fortaleciendo-desarrollo-12.jpg?resize=1536%2C1023&amp;ssl=1 1536w, https:\/\/i1.wp.com\/www.noticiasperfil.com\/index\/wp-content\/uploads\/2026\/01\/sectores-empresariales-xalapa-fortaleciendo-desarrollo-12.jpg?w=1280&amp;ssl=1 1280w\" sizes=\"auto, (max-width: 640px) 100vw, 640px\" \/><\/figure>\n\n\n\n<figure class=\"wp-block-image size-large\"><img loading=\"lazy\" decoding=\"async\" width=\"1600\" height=\"1066\" data-attachment-id=\"118411\" data-permalink=\"https:\/\/www.noticiasperfil.com\/index\/2026\/01\/14\/se-trabajara-estrechamente-con-los-sectores-empresariales-de-xalapa-fortaleciendo-el-desarrollo-economico\/sectores-empresariales-xalapa-fortaleciendo-desarrollo-11\/\" data-orig-file=\"https:\/\/i0.wp.com\/www.noticiasperfil.com\/index\/wp-content\/uploads\/2026\/01\/sectores-empresariales-xalapa-fortaleciendo-desarrollo-11.jpg?fit=1600%2C1066&amp;ssl=1\" data-orig-size=\"1600,1066\" data-comments-opened=\"1\" data-image-meta=\"{&quot;aperture&quot;:&quot;0&quot;,&quot;credit&quot;:&quot;&quot;,&quot;camera&quot;:&quot;&quot;,&quot;caption&quot;:&quot;&quot;,&quot;created_timestamp&quot;:&quot;0&quot;,&quot;copyright&quot;:&quot;&quot;,&quot;focal_length&quot;:&quot;0&quot;,&quot;iso&quot;:&quot;0&quot;,&quot;shutter_speed&quot;:&quot;0&quot;,&quot;title&quot;:&quot;&quot;,&quot;orientation&quot;:&quot;0&quot;}\" data-image-title=\"sectores-empresariales-xalapa-fortaleciendo-desarrollo-11\" data-image-description=\"\" data-medium-file=\"https:\/\/i0.wp.com\/www.noticiasperfil.com\/index\/wp-content\/uploads\/2026\/01\/sectores-empresariales-xalapa-fortaleciendo-desarrollo-11.jpg?fit=660%2C365&amp;ssl=1\" data-large-file=\"https:\/\/i0.wp.com\/www.noticiasperfil.com\/index\/wp-content\/uploads\/2026\/01\/sectores-empresariales-xalapa-fortaleciendo-desarrollo-11.jpg?fit=640%2C366&amp;ssl=1\" data-id=\"118411\" src=\"https:\/\/i0.wp.com\/www.noticiasperfil.com\/index\/wp-content\/uploads\/2026\/01\/sectores-empresariales-xalapa-fortaleciendo-desarrollo-11.jpg?fit=640%2C366&amp;ssl=1\" alt=\"\" class=\"wp-image-118411\" srcset=\"https:\/\/i0.wp.com\/www.noticiasperfil.com\/index\/wp-content\/uploads\/2026\/01\/sectores-empresariales-xalapa-fortaleciendo-desarrollo-11.jpg?w=1600&amp;ssl=1 1600w, https:\/\/i0.wp.com\/www.noticiasperfil.com\/index\/wp-content\/uploads\/2026\/01\/sectores-empresariales-xalapa-fortaleciendo-desarrollo-11.jpg?resize=1536%2C1023&amp;ssl=1 1536w, https:\/\/i0.wp.com\/www.noticiasperfil.com\/index\/wp-content\/uploads\/2026\/01\/sectores-empresariales-xalapa-fortaleciendo-desarrollo-11.jpg?w=1280&amp;ssl=1 1280w\" sizes=\"auto, (max-width: 640px) 100vw, 640px\" \/><\/figure>\n\n\n\n<figure class=\"wp-block-image size-large\"><img loading=\"lazy\" decoding=\"async\" width=\"1600\" height=\"1066\" data-attachment-id=\"118410\" data-permalink=\"https:\/\/www.noticiasperfil.com\/index\/2026\/01\/14\/se-trabajara-estrechamente-con-los-sectores-empresariales-de-xalapa-fortaleciendo-el-desarrollo-economico\/sectores-empresariales-xalapa-fortaleciendo-desarrollo-10\/\" data-orig-file=\"https:\/\/i2.wp.com\/www.noticiasperfil.com\/index\/wp-content\/uploads\/2026\/01\/sectores-empresariales-xalapa-fortaleciendo-desarrollo-10.jpg?fit=1600%2C1066&amp;ssl=1\" data-orig-size=\"1600,1066\" data-comments-opened=\"1\" data-image-meta=\"{&quot;aperture&quot;:&quot;0&quot;,&quot;credit&quot;:&quot;&quot;,&quot;camera&quot;:&quot;&quot;,&quot;caption&quot;:&quot;&quot;,&quot;created_timestamp&quot;:&quot;0&quot;,&quot;copyright&quot;:&quot;&quot;,&quot;focal_length&quot;:&quot;0&quot;,&quot;iso&quot;:&quot;0&quot;,&quot;shutter_speed&quot;:&quot;0&quot;,&quot;title&quot;:&quot;&quot;,&quot;orientation&quot;:&quot;0&quot;}\" data-image-title=\"sectores-empresariales-xalapa-fortaleciendo-desarrollo-10\" data-image-description=\"\" data-medium-file=\"https:\/\/i2.wp.com\/www.noticiasperfil.com\/index\/wp-content\/uploads\/2026\/01\/sectores-empresariales-xalapa-fortaleciendo-desarrollo-10.jpg?fit=660%2C365&amp;ssl=1\" data-large-file=\"https:\/\/i2.wp.com\/www.noticiasperfil.com\/index\/wp-content\/uploads\/2026\/01\/sectores-empresariales-xalapa-fortaleciendo-desarrollo-10.jpg?fit=640%2C366&amp;ssl=1\" data-id=\"118410\" src=\"https:\/\/i2.wp.com\/www.noticiasperfil.com\/index\/wp-content\/uploads\/2026\/01\/sectores-empresariales-xalapa-fortaleciendo-desarrollo-10.jpg?fit=640%2C366&amp;ssl=1\" alt=\"\" class=\"wp-image-118410\" srcset=\"https:\/\/i2.wp.com\/www.noticiasperfil.com\/index\/wp-content\/uploads\/2026\/01\/sectores-empresariales-xalapa-fortaleciendo-desarrollo-10.jpg?w=1600&amp;ssl=1 1600w, https:\/\/i2.wp.com\/www.noticiasperfil.com\/index\/wp-content\/uploads\/2026\/01\/sectores-empresariales-xalapa-fortaleciendo-desarrollo-10.jpg?resize=1536%2C1023&amp;ssl=1 1536w, https:\/\/i2.wp.com\/www.noticiasperfil.com\/index\/wp-content\/uploads\/2026\/01\/sectores-empresariales-xalapa-fortaleciendo-desarrollo-10.jpg?w=1280&amp;ssl=1 1280w\" sizes=\"auto, (max-width: 640px) 100vw, 640px\" \/><\/figure>\n\n\n\n<figure class=\"wp-block-image size-large\"><img loading=\"lazy\" decoding=\"async\" width=\"1600\" height=\"1066\" data-attachment-id=\"118409\" data-permalink=\"https:\/\/www.noticiasperfil.com\/index\/2026\/01\/14\/se-trabajara-estrechamente-con-los-sectores-empresariales-de-xalapa-fortaleciendo-el-desarrollo-economico\/sectores-empresariales-xalapa-fortaleciendo-desarrollo-09\/\" data-orig-file=\"https:\/\/i1.wp.com\/www.noticiasperfil.com\/index\/wp-content\/uploads\/2026\/01\/sectores-empresariales-xalapa-fortaleciendo-desarrollo-09.jpg?fit=1600%2C1066&amp;ssl=1\" data-orig-size=\"1600,1066\" data-comments-opened=\"1\" data-image-meta=\"{&quot;aperture&quot;:&quot;0&quot;,&quot;credit&quot;:&quot;&quot;,&quot;camera&quot;:&quot;&quot;,&quot;caption&quot;:&quot;&quot;,&quot;created_timestamp&quot;:&quot;0&quot;,&quot;copyright&quot;:&quot;&quot;,&quot;focal_length&quot;:&quot;0&quot;,&quot;iso&quot;:&quot;0&quot;,&quot;shutter_speed&quot;:&quot;0&quot;,&quot;title&quot;:&quot;&quot;,&quot;orientation&quot;:&quot;0&quot;}\" data-image-title=\"sectores-empresariales-xalapa-fortaleciendo-desarrollo-09\" data-image-description=\"\" data-medium-file=\"https:\/\/i1.wp.com\/www.noticiasperfil.com\/index\/wp-content\/uploads\/2026\/01\/sectores-empresariales-xalapa-fortaleciendo-desarrollo-09.jpg?fit=660%2C365&amp;ssl=1\" data-large-file=\"https:\/\/i1.wp.com\/www.noticiasperfil.com\/index\/wp-content\/uploads\/2026\/01\/sectores-empresariales-xalapa-fortaleciendo-desarrollo-09.jpg?fit=640%2C366&amp;ssl=1\" data-id=\"118409\" src=\"https:\/\/i1.wp.com\/www.noticiasperfil.com\/index\/wp-content\/uploads\/2026\/01\/sectores-empresariales-xalapa-fortaleciendo-desarrollo-09.jpg?fit=640%2C366&amp;ssl=1\" alt=\"\" class=\"wp-image-118409\" srcset=\"https:\/\/i1.wp.com\/www.noticiasperfil.com\/index\/wp-content\/uploads\/2026\/01\/sectores-empresariales-xalapa-fortaleciendo-desarrollo-09.jpg?w=1600&amp;ssl=1 1600w, https:\/\/i1.wp.com\/www.noticiasperfil.com\/index\/wp-content\/uploads\/2026\/01\/sectores-empresariales-xalapa-fortaleciendo-desarrollo-09.jpg?resize=1536%2C1023&amp;ssl=1 1536w, https:\/\/i1.wp.com\/www.noticiasperfil.com\/index\/wp-content\/uploads\/2026\/01\/sectores-empresariales-xalapa-fortaleciendo-desarrollo-09.jpg?w=1280&amp;ssl=1 1280w\" sizes=\"auto, (max-width: 640px) 100vw, 640px\" \/><\/figure>\n\n\n\n<figure class=\"wp-block-image size-large\"><img loading=\"lazy\" decoding=\"async\" width=\"1600\" height=\"1066\" data-attachment-id=\"118408\" data-permalink=\"https:\/\/www.noticiasperfil.com\/index\/2026\/01\/14\/se-trabajara-estrechamente-con-los-sectores-empresariales-de-xalapa-fortaleciendo-el-desarrollo-economico\/sectores-empresariales-xalapa-fortaleciendo-desarrollo-08\/\" data-orig-file=\"https:\/\/i0.wp.com\/www.noticiasperfil.com\/index\/wp-content\/uploads\/2026\/01\/sectores-empresariales-xalapa-fortaleciendo-desarrollo-08.jpg?fit=1600%2C1066&amp;ssl=1\" data-orig-size=\"1600,1066\" data-comments-opened=\"1\" data-image-meta=\"{&quot;aperture&quot;:&quot;0&quot;,&quot;credit&quot;:&quot;&quot;,&quot;camera&quot;:&quot;&quot;,&quot;caption&quot;:&quot;&quot;,&quot;created_timestamp&quot;:&quot;0&quot;,&quot;copyright&quot;:&quot;&quot;,&quot;focal_length&quot;:&quot;0&quot;,&quot;iso&quot;:&quot;0&quot;,&quot;shutter_speed&quot;:&quot;0&quot;,&quot;title&quot;:&quot;&quot;,&quot;orientation&quot;:&quot;0&quot;}\" data-image-title=\"sectores-empresariales-xalapa-fortaleciendo-desarrollo-08\" data-image-description=\"\" data-medium-file=\"https:\/\/i0.wp.com\/www.noticiasperfil.com\/index\/wp-content\/uploads\/2026\/01\/sectores-empresariales-xalapa-fortaleciendo-desarrollo-08.jpg?fit=660%2C365&amp;ssl=1\" data-large-file=\"https:\/\/i0.wp.com\/www.noticiasperfil.com\/index\/wp-content\/uploads\/2026\/01\/sectores-empresariales-xalapa-fortaleciendo-desarrollo-08.jpg?fit=640%2C366&amp;ssl=1\" data-id=\"118408\" src=\"https:\/\/i0.wp.com\/www.noticiasperfil.com\/index\/wp-content\/uploads\/2026\/01\/sectores-empresariales-xalapa-fortaleciendo-desarrollo-08.jpg?fit=640%2C366&amp;ssl=1\" alt=\"\" class=\"wp-image-118408\" srcset=\"https:\/\/i0.wp.com\/www.noticiasperfil.com\/index\/wp-content\/uploads\/2026\/01\/sectores-empresariales-xalapa-fortaleciendo-desarrollo-08.jpg?w=1600&amp;ssl=1 1600w, https:\/\/i0.wp.com\/www.noticiasperfil.com\/index\/wp-content\/uploads\/2026\/01\/sectores-empresariales-xalapa-fortaleciendo-desarrollo-08.jpg?resize=1536%2C1023&amp;ssl=1 1536w, https:\/\/i0.wp.com\/www.noticiasperfil.com\/index\/wp-content\/uploads\/2026\/01\/sectores-empresariales-xalapa-fortaleciendo-desarrollo-08.jpg?w=1280&amp;ssl=1 1280w\" sizes=\"auto, (max-width: 640px) 100vw, 640px\" \/><\/figure>\n<\/figure>\n","protected":false},"excerpt":{"rendered":"<p>Xalapa, Ver., 14 de enero de 2026.- Con la finalidad de potencializar a esta capital como un gran destino cultural y tur\u00edstico, la Alcaldesa, Lic. Daniela Griego Ceballos, se reuni\u00f3 con integrantes de la Confederaci\u00f3n Patronal de la Rep\u00fablica Mexicana (Coparmex) Xalapa, que preside el Lic. Arturo Blanco Hern\u00e1dez y funcionariado estatal, con quienes se comprometi\u00f3 a seguir generando alianzas y trabajar estrechamente. La Presidenta Municipal reiter\u00f3 que para esta Administraci\u00f3n es fundamental el fomento a la cultura y el turismo, por lo que se impulsar\u00e1 la organizaci\u00f3n de importantes&hellip;<\/p>\n","protected":false},"author":1,"featured_media":118409,"comment_status":"open","ping_status":"closed","sticky":false,"template":"","format":"standard","meta":{"footnotes":""},"categories":[3,10647],"tags":[],"class_list":["post-118407","post","type-post","status-publish","format-standard","has-post-thumbnail","hentry","category-destacadas","category-zona-centro"],"jetpack-related-posts":[],"_links":{"self":[{"href":"https:\/\/www.noticiasperfil.com\/index\/wp-json\/wp\/v2\/posts\/118407","targetHints":{"allow":["GET"]}}],"collection":[{"href":"https:\/\/www.noticiasperfil.com\/index\/wp-json\/wp\/v2\/posts"}],"about":[{"href":"https:\/\/www.noticiasperfil.com\/index\/wp-json\/wp\/v2\/types\/post"}],"author":[{"embeddable":true,"href":"https:\/\/www.noticiasperfil.com\/index\/wp-json\/wp\/v2\/users\/1"}],"replies":[{"embeddable":true,"href":"https:\/\/www.noticiasperfil.com\/index\/wp-json\/wp\/v2\/comments?post=118407"}],"version-history":[{"count":1,"href":"https:\/\/www.noticiasperfil.com\/index\/wp-json\/wp\/v2\/posts\/118407\/revisions"}],"predecessor-version":[{"id":118423,"href":"https:\/\/www.noticiasperfil.com\/index\/wp-json\/wp\/v2\/posts\/118407\/revisions\/118423"}],"wp:featuredmedia":[{"embeddable":true,"href":"https:\/\/www.noticiasperfil.com\/index\/wp-json\/wp\/v2\/media\/118409"}],"wp:attachment":[{"href":"https:\/\/www.noticiasperfil.com\/index\/wp-json\/wp\/v2\/media?parent=118407"}],"wp:term":[{"taxonomy":"category","embeddable":true,"href":"https:\/\/www.noticiasperfil.com\/index\/wp-json\/wp\/v2\/categories?post=118407"},{"taxonomy":"post_tag","embeddable":true,"href":"https:\/\/www.noticiasperfil.com\/index\/wp-json\/wp\/v2\/tags?post=118407"}],"curies":[{"name":"wp","href":"https:\/\/api.w.org\/{rel}","templated":true}]}}