{"id":118428,"date":"2026-01-15T19:33:36","date_gmt":"2026-01-16T01:33:36","guid":{"rendered":"https:\/\/www.noticiasperfil.com\/index\/?p=118428"},"modified":"2026-01-15T19:33:40","modified_gmt":"2026-01-16T01:33:40","slug":"presentan-a-la-corte-real-del-carnaval-de-veracruz-2026-la-fiesta-de-todos","status":"publish","type":"post","link":"https:\/\/www.noticiasperfil.com\/index\/2026\/01\/15\/presentan-a-la-corte-real-del-carnaval-de-veracruz-2026-la-fiesta-de-todos\/","title":{"rendered":"Presentan a la Corte Real del Carnaval de Veracruz 2026, \u201cLa Fiesta de Todos\u201d"},"content":{"rendered":"\n<figure class=\"wp-block-gallery has-nested-images columns-default is-cropped wp-block-gallery-1 is-layout-flex wp-block-gallery-is-layout-flex\">\n<figure class=\"wp-block-image size-large\"><img loading=\"lazy\" decoding=\"async\" width=\"1280\" height=\"852\" data-attachment-id=\"118431\" data-permalink=\"https:\/\/www.noticiasperfil.com\/index\/2026\/01\/15\/presentan-a-la-corte-real-del-carnaval-de-veracruz-2026-la-fiesta-de-todos\/veracruz-fiesta-todos3\/\" data-orig-file=\"https:\/\/i1.wp.com\/www.noticiasperfil.com\/index\/wp-content\/uploads\/2026\/01\/veracruz-fiesta-todos3.jpeg?fit=1280%2C852&amp;ssl=1\" data-orig-size=\"1280,852\" data-comments-opened=\"1\" data-image-meta=\"{&quot;aperture&quot;:&quot;0&quot;,&quot;credit&quot;:&quot;&quot;,&quot;camera&quot;:&quot;&quot;,&quot;caption&quot;:&quot;&quot;,&quot;created_timestamp&quot;:&quot;0&quot;,&quot;copyright&quot;:&quot;&quot;,&quot;focal_length&quot;:&quot;0&quot;,&quot;iso&quot;:&quot;0&quot;,&quot;shutter_speed&quot;:&quot;0&quot;,&quot;title&quot;:&quot;&quot;,&quot;orientation&quot;:&quot;0&quot;}\" data-image-title=\"veracruz-fiesta-todos3\" data-image-description=\"\" data-medium-file=\"https:\/\/i1.wp.com\/www.noticiasperfil.com\/index\/wp-content\/uploads\/2026\/01\/veracruz-fiesta-todos3.jpeg?fit=660%2C365&amp;ssl=1\" data-large-file=\"https:\/\/i1.wp.com\/www.noticiasperfil.com\/index\/wp-content\/uploads\/2026\/01\/veracruz-fiesta-todos3.jpeg?fit=640%2C366&amp;ssl=1\" data-id=\"118431\" src=\"https:\/\/i1.wp.com\/www.noticiasperfil.com\/index\/wp-content\/uploads\/2026\/01\/veracruz-fiesta-todos3.jpeg?fit=640%2C366&amp;ssl=1\" alt=\"\" class=\"wp-image-118431\"\/><\/figure>\n\n\n\n<figure class=\"wp-block-image size-large\"><img loading=\"lazy\" decoding=\"async\" width=\"1280\" height=\"854\" data-attachment-id=\"118430\" data-permalink=\"https:\/\/www.noticiasperfil.com\/index\/2026\/01\/15\/presentan-a-la-corte-real-del-carnaval-de-veracruz-2026-la-fiesta-de-todos\/veracruz-fiesta-todos2\/\" data-orig-file=\"https:\/\/i0.wp.com\/www.noticiasperfil.com\/index\/wp-content\/uploads\/2026\/01\/veracruz-fiesta-todos2.jpeg?fit=1280%2C854&amp;ssl=1\" data-orig-size=\"1280,854\" data-comments-opened=\"1\" data-image-meta=\"{&quot;aperture&quot;:&quot;0&quot;,&quot;credit&quot;:&quot;&quot;,&quot;camera&quot;:&quot;&quot;,&quot;caption&quot;:&quot;&quot;,&quot;created_timestamp&quot;:&quot;0&quot;,&quot;copyright&quot;:&quot;&quot;,&quot;focal_length&quot;:&quot;0&quot;,&quot;iso&quot;:&quot;0&quot;,&quot;shutter_speed&quot;:&quot;0&quot;,&quot;title&quot;:&quot;&quot;,&quot;orientation&quot;:&quot;0&quot;}\" data-image-title=\"veracruz-fiesta-todos2\" data-image-description=\"\" data-medium-file=\"https:\/\/i0.wp.com\/www.noticiasperfil.com\/index\/wp-content\/uploads\/2026\/01\/veracruz-fiesta-todos2.jpeg?fit=660%2C365&amp;ssl=1\" data-large-file=\"https:\/\/i0.wp.com\/www.noticiasperfil.com\/index\/wp-content\/uploads\/2026\/01\/veracruz-fiesta-todos2.jpeg?fit=640%2C366&amp;ssl=1\" data-id=\"118430\" src=\"https:\/\/i0.wp.com\/www.noticiasperfil.com\/index\/wp-content\/uploads\/2026\/01\/veracruz-fiesta-todos2.jpeg?fit=640%2C366&amp;ssl=1\" alt=\"\" class=\"wp-image-118430\"\/><\/figure>\n\n\n\n<figure class=\"wp-block-image size-large\"><img loading=\"lazy\" decoding=\"async\" width=\"1280\" height=\"854\" data-attachment-id=\"118429\" data-permalink=\"https:\/\/www.noticiasperfil.com\/index\/2026\/01\/15\/presentan-a-la-corte-real-del-carnaval-de-veracruz-2026-la-fiesta-de-todos\/veracruz-fiesta-todos1\/\" data-orig-file=\"https:\/\/i1.wp.com\/www.noticiasperfil.com\/index\/wp-content\/uploads\/2026\/01\/veracruz-fiesta-todos1.jpeg?fit=1280%2C854&amp;ssl=1\" data-orig-size=\"1280,854\" data-comments-opened=\"1\" data-image-meta=\"{&quot;aperture&quot;:&quot;0&quot;,&quot;credit&quot;:&quot;&quot;,&quot;camera&quot;:&quot;&quot;,&quot;caption&quot;:&quot;&quot;,&quot;created_timestamp&quot;:&quot;0&quot;,&quot;copyright&quot;:&quot;&quot;,&quot;focal_length&quot;:&quot;0&quot;,&quot;iso&quot;:&quot;0&quot;,&quot;shutter_speed&quot;:&quot;0&quot;,&quot;title&quot;:&quot;&quot;,&quot;orientation&quot;:&quot;0&quot;}\" data-image-title=\"veracruz-fiesta-todos1\" data-image-description=\"\" data-medium-file=\"https:\/\/i1.wp.com\/www.noticiasperfil.com\/index\/wp-content\/uploads\/2026\/01\/veracruz-fiesta-todos1.jpeg?fit=660%2C365&amp;ssl=1\" data-large-file=\"https:\/\/i1.wp.com\/www.noticiasperfil.com\/index\/wp-content\/uploads\/2026\/01\/veracruz-fiesta-todos1.jpeg?fit=640%2C366&amp;ssl=1\" data-id=\"118429\" src=\"https:\/\/i1.wp.com\/www.noticiasperfil.com\/index\/wp-content\/uploads\/2026\/01\/veracruz-fiesta-todos1.jpeg?fit=640%2C366&amp;ssl=1\" alt=\"\" class=\"wp-image-118429\"\/><\/figure>\n\n\n\n<figure class=\"wp-block-image size-large\"><img loading=\"lazy\" decoding=\"async\" width=\"1280\" height=\"852\" data-attachment-id=\"118432\" data-permalink=\"https:\/\/www.noticiasperfil.com\/index\/2026\/01\/15\/presentan-a-la-corte-real-del-carnaval-de-veracruz-2026-la-fiesta-de-todos\/veracruz-fiesta-todos4\/\" data-orig-file=\"https:\/\/i1.wp.com\/www.noticiasperfil.com\/index\/wp-content\/uploads\/2026\/01\/veracruz-fiesta-todos4.jpeg?fit=1280%2C852&amp;ssl=1\" data-orig-size=\"1280,852\" data-comments-opened=\"1\" data-image-meta=\"{&quot;aperture&quot;:&quot;0&quot;,&quot;credit&quot;:&quot;&quot;,&quot;camera&quot;:&quot;&quot;,&quot;caption&quot;:&quot;&quot;,&quot;created_timestamp&quot;:&quot;0&quot;,&quot;copyright&quot;:&quot;&quot;,&quot;focal_length&quot;:&quot;0&quot;,&quot;iso&quot;:&quot;0&quot;,&quot;shutter_speed&quot;:&quot;0&quot;,&quot;title&quot;:&quot;&quot;,&quot;orientation&quot;:&quot;0&quot;}\" data-image-title=\"veracruz-fiesta-todos4\" data-image-description=\"\" data-medium-file=\"https:\/\/i1.wp.com\/www.noticiasperfil.com\/index\/wp-content\/uploads\/2026\/01\/veracruz-fiesta-todos4.jpeg?fit=660%2C365&amp;ssl=1\" data-large-file=\"https:\/\/i1.wp.com\/www.noticiasperfil.com\/index\/wp-content\/uploads\/2026\/01\/veracruz-fiesta-todos4.jpeg?fit=640%2C366&amp;ssl=1\" data-id=\"118432\" src=\"https:\/\/i1.wp.com\/www.noticiasperfil.com\/index\/wp-content\/uploads\/2026\/01\/veracruz-fiesta-todos4.jpeg?fit=640%2C366&amp;ssl=1\" alt=\"\" class=\"wp-image-118432\"\/><\/figure>\n<\/figure>\n\n\n\n<p>Veracruz, Ver.- En un ambiente lleno de alegr\u00eda y tradici\u00f3n, se realiz\u00f3 la presentaci\u00f3n oficial de la Corte Real que encabezar\u00e1 la edici\u00f3n 102 del Carnaval de Veracruz 2026, \u201cLa Fiesta de Todos\u201d, que se celebrar\u00e1 del 10 al 18 de febrero.<\/p>\n\n\n\n<p>La presidenta municipal de Veracruz, Rosa Mar\u00eda Hern\u00e1ndez Espejo, destac\u00f3 que el objetivo es que el Carnaval de Veracruz sea el m\u00e1s alegre del mundo, seguro y accesible para la ciudadan\u00eda y el turismo.<\/p>\n\n\n\n<p>\u201cQueremos que nuestras tradiciones y la gran cultura jarocha ocupen el lugar que merecen, que el Carnaval vuelva a pertenecer a nuestras ni\u00f1as, ni\u00f1os y adultos mayores, recuperando su gloria y reconocimiento internacional de anta\u00f1o\u201d, expres\u00f3 la alcaldesa ante los asistentes al Museo de la Ciudad \u201cManuel Guti\u00e9rrez Zamora\u201d.<\/p>\n\n\n\n<p>La Corte Real electa qued\u00f3 conformada de la siguiente manera:<\/p>\n\n\n\n<p><strong>Reina del Carnaval:<\/strong><br>\u2022 Fernanda Pumar G\u00f3mez<br>\u2022 <strong>Princesa Primera: <\/strong>Valentina Cruz S\u00e1nchez<br>\u2022 <strong>Princesa Segunda:<\/strong> Marina Castro Dimas<\/p>\n\n\n\n<p><strong>Rey del Carnaval:<\/strong><br>\u2022 Bernardino Jim\u00e9nez Revuelta \u201cNayo\u201d<br>\u2022 <strong>Princeso Primero:<\/strong> Jos\u00e9 Mario S\u00e1nchez Ucha<br>\u2022 <strong>Princeso Segundo: <\/strong>Jorge Jair Torres Espejo \u201cChiliwily\u201d<\/p>\n\n\n\n<p><strong>Reina Infantil:<\/strong><br>\u2022 Maryelli S\u00e1bela Torres Delgado<br>\u2022 <strong>Princesa Primera: <\/strong>Regina Torrecilla Delgado<br>\u2022 <strong>Princesa Segunda: <\/strong>Zarah Xochipilli Monta\u00f1o Castillo<\/p>\n\n\n\n<p><strong>Rey Infantil:<\/strong><br>\u2022 Gael Santiago Segura Rangel<br>\u2022 <strong>Princeso Primero: <\/strong>Fabi\u00e1n Acosta Cayetano<br>\u2022 <strong>Princeso Segundo: <\/strong>Ariel de Jes\u00fas Rodr\u00edguez Nieves<\/p>\n\n\n\n<p>El programa de coronaciones se realizar\u00e1 de la siguiente manera:<br>\u2022 11 de febrero: Coronaci\u00f3n de Reyes Infantiles (con la presentaci\u00f3n de Picus)<br>\u2022 12 de febrero: Coronaci\u00f3n del Rey de la Alegr\u00eda (con Havana D\u2019 Primera y Joseph Amado)<br>\u2022 13 de febrero: Coronaci\u00f3n de la Reina del Carnaval (con concierto de Carlos Rivera)<\/p>\n\n\n\n<p>El evento cont\u00f3 con la presencia de Gustavo Gudi\u00f1o Corro, Regidor 12 con la comisi\u00f3n de Carnaval; Daniel Mart\u00edn Lois, director de Turismo y Carnaval, Daniela Lily Hern\u00e1ndez, presidenta del DIF municipal y Mar\u00eda Indira Dom\u00ednguez Ram\u00f3n, directora de Cultura y Recreaci\u00f3n.<\/p>\n","protected":false},"excerpt":{"rendered":"<p>Veracruz, Ver.- En un ambiente lleno de alegr\u00eda y tradici\u00f3n, se realiz\u00f3 la presentaci\u00f3n oficial de la Corte Real que encabezar\u00e1 la edici\u00f3n 102 del Carnaval de Veracruz 2026, \u201cLa Fiesta de Todos\u201d, que se celebrar\u00e1 del 10 al 18 de febrero. La presidenta municipal de Veracruz, Rosa Mar\u00eda Hern\u00e1ndez Espejo, destac\u00f3 que el objetivo es que el Carnaval de Veracruz sea el m\u00e1s alegre del mundo, seguro y accesible para la ciudadan\u00eda y el turismo. \u201cQueremos que nuestras tradiciones y la gran cultura jarocha ocupen el lugar que merecen,&hellip;<\/p>\n","protected":false},"author":1,"featured_media":118431,"comment_status":"open","ping_status":"closed","sticky":false,"template":"","format":"standard","meta":{"footnotes":""},"categories":[3,10618],"tags":[],"class_list":["post-118428","post","type-post","status-publish","format-standard","has-post-thumbnail","hentry","category-destacadas","category-eventos-culturales"],"jetpack-related-posts":[],"_links":{"self":[{"href":"https:\/\/www.noticiasperfil.com\/index\/wp-json\/wp\/v2\/posts\/118428","targetHints":{"allow":["GET"]}}],"collection":[{"href":"https:\/\/www.noticiasperfil.com\/index\/wp-json\/wp\/v2\/posts"}],"about":[{"href":"https:\/\/www.noticiasperfil.com\/index\/wp-json\/wp\/v2\/types\/post"}],"author":[{"embeddable":true,"href":"https:\/\/www.noticiasperfil.com\/index\/wp-json\/wp\/v2\/users\/1"}],"replies":[{"embeddable":true,"href":"https:\/\/www.noticiasperfil.com\/index\/wp-json\/wp\/v2\/comments?post=118428"}],"version-history":[{"count":1,"href":"https:\/\/www.noticiasperfil.com\/index\/wp-json\/wp\/v2\/posts\/118428\/revisions"}],"predecessor-version":[{"id":118433,"href":"https:\/\/www.noticiasperfil.com\/index\/wp-json\/wp\/v2\/posts\/118428\/revisions\/118433"}],"wp:featuredmedia":[{"embeddable":true,"href":"https:\/\/www.noticiasperfil.com\/index\/wp-json\/wp\/v2\/media\/118431"}],"wp:attachment":[{"href":"https:\/\/www.noticiasperfil.com\/index\/wp-json\/wp\/v2\/media?parent=118428"}],"wp:term":[{"taxonomy":"category","embeddable":true,"href":"https:\/\/www.noticiasperfil.com\/index\/wp-json\/wp\/v2\/categories?post=118428"},{"taxonomy":"post_tag","embeddable":true,"href":"https:\/\/www.noticiasperfil.com\/index\/wp-json\/wp\/v2\/tags?post=118428"}],"curies":[{"name":"wp","href":"https:\/\/api.w.org\/{rel}","templated":true}]}}