{"id":118442,"date":"2026-01-15T19:58:37","date_gmt":"2026-01-16T01:58:37","guid":{"rendered":"https:\/\/www.noticiasperfil.com\/index\/?p=118442"},"modified":"2026-02-06T21:18:12","modified_gmt":"2026-02-07T03:18:12","slug":"sectur-inicia-visitas-a-experiencias-turisticas-comunitarias-de-la-zona-centro-de-veracruz","status":"publish","type":"post","link":"https:\/\/www.noticiasperfil.com\/index\/2026\/01\/15\/sectur-inicia-visitas-a-experiencias-turisticas-comunitarias-de-la-zona-centro-de-veracruz\/","title":{"rendered":"SECTUR inicia visitas a Experiencias Tur\u00edsticas Comunitarias de la zona centro de Veracruz"},"content":{"rendered":"\n<figure class=\"wp-block-gallery has-nested-images columns-default is-cropped wp-block-gallery-1 is-layout-flex wp-block-gallery-is-layout-flex\">\n<figure class=\"wp-block-image size-large\"><img loading=\"lazy\" decoding=\"async\" width=\"1280\" height=\"720\" data-attachment-id=\"118446\" data-permalink=\"https:\/\/www.noticiasperfil.com\/index\/2026\/01\/15\/sectur-inicia-visitas-a-experiencias-turisticas-comunitarias-de-la-zona-centro-de-veracruz\/experiencias-turisticas-comunitarias-zona-centro-veracruz2\/\" data-orig-file=\"https:\/\/i0.wp.com\/www.noticiasperfil.com\/index\/wp-content\/uploads\/2026\/01\/experiencias-turisticas-comunitarias-zona-centro-veracruz2.jpeg?fit=1280%2C720&amp;ssl=1\" data-orig-size=\"1280,720\" data-comments-opened=\"1\" data-image-meta=\"{&quot;aperture&quot;:&quot;0&quot;,&quot;credit&quot;:&quot;&quot;,&quot;camera&quot;:&quot;&quot;,&quot;caption&quot;:&quot;&quot;,&quot;created_timestamp&quot;:&quot;0&quot;,&quot;copyright&quot;:&quot;&quot;,&quot;focal_length&quot;:&quot;0&quot;,&quot;iso&quot;:&quot;0&quot;,&quot;shutter_speed&quot;:&quot;0&quot;,&quot;title&quot;:&quot;&quot;,&quot;orientation&quot;:&quot;0&quot;}\" data-image-title=\"experiencias-turisticas-comunitarias-zona-centro-veracruz2\" data-image-description=\"\" data-medium-file=\"https:\/\/i0.wp.com\/www.noticiasperfil.com\/index\/wp-content\/uploads\/2026\/01\/experiencias-turisticas-comunitarias-zona-centro-veracruz2.jpeg?fit=660%2C365&amp;ssl=1\" data-large-file=\"https:\/\/i0.wp.com\/www.noticiasperfil.com\/index\/wp-content\/uploads\/2026\/01\/experiencias-turisticas-comunitarias-zona-centro-veracruz2.jpeg?fit=640%2C366&amp;ssl=1\" data-id=\"118446\" src=\"https:\/\/i0.wp.com\/www.noticiasperfil.com\/index\/wp-content\/uploads\/2026\/01\/experiencias-turisticas-comunitarias-zona-centro-veracruz2.jpeg?fit=640%2C366&amp;ssl=1\" alt=\"\" class=\"wp-image-118446\" srcset=\"https:\/\/i0.wp.com\/www.noticiasperfil.com\/index\/wp-content\/uploads\/2026\/01\/experiencias-turisticas-comunitarias-zona-centro-veracruz2.jpeg?w=1280&amp;ssl=1 1280w, https:\/\/i0.wp.com\/www.noticiasperfil.com\/index\/wp-content\/uploads\/2026\/01\/experiencias-turisticas-comunitarias-zona-centro-veracruz2.jpeg?resize=500%2C280&amp;ssl=1 500w\" sizes=\"auto, (max-width: 640px) 100vw, 640px\" \/><\/figure>\n\n\n\n<figure class=\"wp-block-image size-large\"><img loading=\"lazy\" decoding=\"async\" width=\"1280\" height=\"720\" data-attachment-id=\"118445\" data-permalink=\"https:\/\/www.noticiasperfil.com\/index\/2026\/01\/15\/sectur-inicia-visitas-a-experiencias-turisticas-comunitarias-de-la-zona-centro-de-veracruz\/experiencias-turisticas-comunitarias-zona-centro-veracruz3\/\" data-orig-file=\"https:\/\/i0.wp.com\/www.noticiasperfil.com\/index\/wp-content\/uploads\/2026\/01\/experiencias-turisticas-comunitarias-zona-centro-veracruz3.jpeg?fit=1280%2C720&amp;ssl=1\" data-orig-size=\"1280,720\" data-comments-opened=\"1\" data-image-meta=\"{&quot;aperture&quot;:&quot;0&quot;,&quot;credit&quot;:&quot;&quot;,&quot;camera&quot;:&quot;&quot;,&quot;caption&quot;:&quot;&quot;,&quot;created_timestamp&quot;:&quot;0&quot;,&quot;copyright&quot;:&quot;&quot;,&quot;focal_length&quot;:&quot;0&quot;,&quot;iso&quot;:&quot;0&quot;,&quot;shutter_speed&quot;:&quot;0&quot;,&quot;title&quot;:&quot;&quot;,&quot;orientation&quot;:&quot;0&quot;}\" data-image-title=\"experiencias-turisticas-comunitarias-zona-centro-veracruz3\" data-image-description=\"\" data-medium-file=\"https:\/\/i0.wp.com\/www.noticiasperfil.com\/index\/wp-content\/uploads\/2026\/01\/experiencias-turisticas-comunitarias-zona-centro-veracruz3.jpeg?fit=660%2C365&amp;ssl=1\" data-large-file=\"https:\/\/i0.wp.com\/www.noticiasperfil.com\/index\/wp-content\/uploads\/2026\/01\/experiencias-turisticas-comunitarias-zona-centro-veracruz3.jpeg?fit=640%2C366&amp;ssl=1\" data-id=\"118445\" src=\"https:\/\/i0.wp.com\/www.noticiasperfil.com\/index\/wp-content\/uploads\/2026\/01\/experiencias-turisticas-comunitarias-zona-centro-veracruz3.jpeg?fit=640%2C366&amp;ssl=1\" alt=\"\" class=\"wp-image-118445\" srcset=\"https:\/\/i0.wp.com\/www.noticiasperfil.com\/index\/wp-content\/uploads\/2026\/01\/experiencias-turisticas-comunitarias-zona-centro-veracruz3.jpeg?w=1280&amp;ssl=1 1280w, https:\/\/i0.wp.com\/www.noticiasperfil.com\/index\/wp-content\/uploads\/2026\/01\/experiencias-turisticas-comunitarias-zona-centro-veracruz3.jpeg?resize=500%2C280&amp;ssl=1 500w\" sizes=\"auto, (max-width: 640px) 100vw, 640px\" \/><\/figure>\n\n\n\n<figure class=\"wp-block-image size-large\"><img loading=\"lazy\" decoding=\"async\" width=\"1280\" height=\"720\" data-attachment-id=\"118444\" data-permalink=\"https:\/\/www.noticiasperfil.com\/index\/2026\/01\/15\/sectur-inicia-visitas-a-experiencias-turisticas-comunitarias-de-la-zona-centro-de-veracruz\/experiencias-turisticas-comunitarias-zona-centro-veracruz\/\" data-orig-file=\"https:\/\/i0.wp.com\/www.noticiasperfil.com\/index\/wp-content\/uploads\/2026\/01\/experiencias-turisticas-comunitarias-zona-centro-veracruz.jpeg?fit=1280%2C720&amp;ssl=1\" data-orig-size=\"1280,720\" data-comments-opened=\"1\" data-image-meta=\"{&quot;aperture&quot;:&quot;0&quot;,&quot;credit&quot;:&quot;&quot;,&quot;camera&quot;:&quot;&quot;,&quot;caption&quot;:&quot;&quot;,&quot;created_timestamp&quot;:&quot;0&quot;,&quot;copyright&quot;:&quot;&quot;,&quot;focal_length&quot;:&quot;0&quot;,&quot;iso&quot;:&quot;0&quot;,&quot;shutter_speed&quot;:&quot;0&quot;,&quot;title&quot;:&quot;&quot;,&quot;orientation&quot;:&quot;0&quot;}\" data-image-title=\"experiencias-turisticas-comunitarias-zona-centro-veracruz\" data-image-description=\"\" data-medium-file=\"https:\/\/i0.wp.com\/www.noticiasperfil.com\/index\/wp-content\/uploads\/2026\/01\/experiencias-turisticas-comunitarias-zona-centro-veracruz.jpeg?fit=660%2C365&amp;ssl=1\" data-large-file=\"https:\/\/i0.wp.com\/www.noticiasperfil.com\/index\/wp-content\/uploads\/2026\/01\/experiencias-turisticas-comunitarias-zona-centro-veracruz.jpeg?fit=640%2C366&amp;ssl=1\" data-id=\"118444\" src=\"https:\/\/i0.wp.com\/www.noticiasperfil.com\/index\/wp-content\/uploads\/2026\/01\/experiencias-turisticas-comunitarias-zona-centro-veracruz.jpeg?fit=640%2C366&amp;ssl=1\" alt=\"\" class=\"wp-image-118444\" srcset=\"https:\/\/i0.wp.com\/www.noticiasperfil.com\/index\/wp-content\/uploads\/2026\/01\/experiencias-turisticas-comunitarias-zona-centro-veracruz.jpeg?w=1280&amp;ssl=1 1280w, https:\/\/i0.wp.com\/www.noticiasperfil.com\/index\/wp-content\/uploads\/2026\/01\/experiencias-turisticas-comunitarias-zona-centro-veracruz.jpeg?resize=500%2C280&amp;ssl=1 500w\" sizes=\"auto, (max-width: 640px) 100vw, 640px\" \/><\/figure>\n\n\n\n<figure class=\"wp-block-image size-large\"><img loading=\"lazy\" decoding=\"async\" width=\"1280\" height=\"720\" data-attachment-id=\"118443\" data-permalink=\"https:\/\/www.noticiasperfil.com\/index\/2026\/01\/15\/sectur-inicia-visitas-a-experiencias-turisticas-comunitarias-de-la-zona-centro-de-veracruz\/experiencias-turisticas-comunitarias-zona-centro-veracruz1\/\" data-orig-file=\"https:\/\/i2.wp.com\/www.noticiasperfil.com\/index\/wp-content\/uploads\/2026\/01\/experiencias-turisticas-comunitarias-zona-centro-veracruz1.jpeg?fit=1280%2C720&amp;ssl=1\" data-orig-size=\"1280,720\" data-comments-opened=\"1\" data-image-meta=\"{&quot;aperture&quot;:&quot;0&quot;,&quot;credit&quot;:&quot;&quot;,&quot;camera&quot;:&quot;&quot;,&quot;caption&quot;:&quot;&quot;,&quot;created_timestamp&quot;:&quot;0&quot;,&quot;copyright&quot;:&quot;&quot;,&quot;focal_length&quot;:&quot;0&quot;,&quot;iso&quot;:&quot;0&quot;,&quot;shutter_speed&quot;:&quot;0&quot;,&quot;title&quot;:&quot;&quot;,&quot;orientation&quot;:&quot;0&quot;}\" data-image-title=\"experiencias-turisticas-comunitarias-zona-centro-veracruz1\" data-image-description=\"\" data-medium-file=\"https:\/\/i2.wp.com\/www.noticiasperfil.com\/index\/wp-content\/uploads\/2026\/01\/experiencias-turisticas-comunitarias-zona-centro-veracruz1.jpeg?fit=660%2C365&amp;ssl=1\" data-large-file=\"https:\/\/i2.wp.com\/www.noticiasperfil.com\/index\/wp-content\/uploads\/2026\/01\/experiencias-turisticas-comunitarias-zona-centro-veracruz1.jpeg?fit=640%2C366&amp;ssl=1\" data-id=\"118443\" src=\"https:\/\/i2.wp.com\/www.noticiasperfil.com\/index\/wp-content\/uploads\/2026\/01\/experiencias-turisticas-comunitarias-zona-centro-veracruz1.jpeg?fit=640%2C366&amp;ssl=1\" alt=\"\" class=\"wp-image-118443\" srcset=\"https:\/\/i2.wp.com\/www.noticiasperfil.com\/index\/wp-content\/uploads\/2026\/01\/experiencias-turisticas-comunitarias-zona-centro-veracruz1.jpeg?w=1280&amp;ssl=1 1280w, https:\/\/i2.wp.com\/www.noticiasperfil.com\/index\/wp-content\/uploads\/2026\/01\/experiencias-turisticas-comunitarias-zona-centro-veracruz1.jpeg?resize=500%2C280&amp;ssl=1 500w\" sizes=\"auto, (max-width: 640px) 100vw, 640px\" \/><\/figure>\n<\/figure>\n\n\n\n<blockquote class=\"wp-block-quote is-layout-flow wp-block-quote-is-layout-flow\">\n<p>Da acompa\u00f1amiento y fortalecer las iniciativas que promueven el desarrollo local.<\/p>\n<\/blockquote>\n\n\n\n<p><strong>Xalapa, Ver..-<\/strong> Como parte del proceso de integraci\u00f3n a la Primera Gu\u00eda Nacional de Experiencias Tur\u00edsticas Comunitarias, la Secretar\u00eda de Turismo (SECTUR) inici\u00f3 una jornada de visitas de seguimiento a nueve proyectos de un total de 63 experiencias seleccionadas y reconocidas por el Gobierno de M\u00e9xico y la UNESCO.<\/p>\n\n\n\n<p>Durante esta primera etapa se han recorrido proyectos como Ca\u00f1adas del Pixquiac, en la localidad de Rancho Viejo, municipio de Tlalnelhuayocan, un recorrido interpretativo por el bosque de niebla enfocado en la conservaci\u00f3n ambiental.<\/p>\n\n\n\n<p>La Experiencia de la Trucha: Gota de Roc\u00edo, desarrollada en las localidades de Rancho Viejo y Los Capulines, en los municipios de Tlalnelhuayocan, Acajete y Coatepec, centrada en la producci\u00f3n y degustaci\u00f3n de trucha bajo un enfoque comunitario y sustentable.<\/p>\n\n\n\n<p>Asimismo, se tiene programada la visita a Finca Micaela: Conoce y degusta un caf\u00e9 saludable con lo que te rodea, ubicada en la localidad de \u00darsulo Galv\u00e1n, en los municipios de Xico y Coatepec, una experiencia cafetalera agroecol\u00f3gica que incorpora pr\u00e1cticas saludables y actividades de degustaci\u00f3n.<\/p>\n\n\n\n<p>A esta se suman Experiencias Bengala, en Jalcomulco, con actividades de turismo de aventura y naturaleza dentro del corredor Coatepec\u2013Xico\u2013Apazapan, as\u00ed como el Tour Senderos de la Orqu\u00eddea, en los municipios de Coatepec, Xico y Tlalnelhuayocan mediante recorridos guiados orientados a la conservaci\u00f3n de orqu\u00eddeas nativas.<\/p>\n\n\n\n<p>En el municipio de Naolinco, el seguimiento es a la Fiesta de la Cosecha del Caf\u00e9, en la localidad de San Pablo Coapan, experiencia que preserva pr\u00e1cticas tradicionales de cultivo y recolecci\u00f3n, as\u00ed como a Manos Dulces Naolinco, iniciativa presente en Cocoatzintla, San Miguel Coapan, San Miguel Aguazuelos y la cabecera municipal, dedicada a la elaboraci\u00f3n artesanal de dulces tradicionales como parte del patrimonio gastron\u00f3mico regional.<\/p>\n\n\n\n<p>De igual forma, se considera el acercamiento a Ra\u00edces Vivas de Xico Viejo, desarrollada en las localidades de Xico Viejo, Xico y Tembladeras, vivencia cultural basada en saberes comunitarios y tradiciones locales, as\u00ed como a Innovaci\u00f3n Tur\u00edstica en los Museos Interactivos del Caf\u00e9, en Coatepec, que ofrece experiencias museogr\u00e1ficas interactivas centradas en la cultura cafetalera.<\/p>\n","protected":false},"excerpt":{"rendered":"<p>Da acompa\u00f1amiento y fortalecer las iniciativas que promueven el desarrollo local. Xalapa, Ver..- Como parte del proceso de integraci\u00f3n a la Primera Gu\u00eda Nacional de Experiencias Tur\u00edsticas Comunitarias, la Secretar\u00eda de Turismo (SECTUR) inici\u00f3 una jornada de visitas de seguimiento a nueve proyectos de un total de 63 experiencias seleccionadas y reconocidas por el Gobierno de M\u00e9xico y la UNESCO. Durante esta primera etapa se han recorrido proyectos como Ca\u00f1adas del Pixquiac, en la localidad de Rancho Viejo, municipio de Tlalnelhuayocan, un recorrido interpretativo por el bosque de niebla enfocado&hellip;<\/p>\n","protected":false},"author":1,"featured_media":118446,"comment_status":"open","ping_status":"closed","sticky":false,"template":"","format":"standard","meta":{"footnotes":""},"categories":[3,10647],"tags":[],"class_list":["post-118442","post","type-post","status-publish","format-standard","has-post-thumbnail","hentry","category-destacadas","category-zona-centro"],"jetpack-related-posts":[],"_links":{"self":[{"href":"https:\/\/www.noticiasperfil.com\/index\/wp-json\/wp\/v2\/posts\/118442","targetHints":{"allow":["GET"]}}],"collection":[{"href":"https:\/\/www.noticiasperfil.com\/index\/wp-json\/wp\/v2\/posts"}],"about":[{"href":"https:\/\/www.noticiasperfil.com\/index\/wp-json\/wp\/v2\/types\/post"}],"author":[{"embeddable":true,"href":"https:\/\/www.noticiasperfil.com\/index\/wp-json\/wp\/v2\/users\/1"}],"replies":[{"embeddable":true,"href":"https:\/\/www.noticiasperfil.com\/index\/wp-json\/wp\/v2\/comments?post=118442"}],"version-history":[{"count":2,"href":"https:\/\/www.noticiasperfil.com\/index\/wp-json\/wp\/v2\/posts\/118442\/revisions"}],"predecessor-version":[{"id":118448,"href":"https:\/\/www.noticiasperfil.com\/index\/wp-json\/wp\/v2\/posts\/118442\/revisions\/118448"}],"wp:featuredmedia":[{"embeddable":true,"href":"https:\/\/www.noticiasperfil.com\/index\/wp-json\/wp\/v2\/media\/118446"}],"wp:attachment":[{"href":"https:\/\/www.noticiasperfil.com\/index\/wp-json\/wp\/v2\/media?parent=118442"}],"wp:term":[{"taxonomy":"category","embeddable":true,"href":"https:\/\/www.noticiasperfil.com\/index\/wp-json\/wp\/v2\/categories?post=118442"},{"taxonomy":"post_tag","embeddable":true,"href":"https:\/\/www.noticiasperfil.com\/index\/wp-json\/wp\/v2\/tags?post=118442"}],"curies":[{"name":"wp","href":"https:\/\/api.w.org\/{rel}","templated":true}]}}