{"id":118474,"date":"2026-01-15T20:36:49","date_gmt":"2026-01-16T02:36:49","guid":{"rendered":"https:\/\/www.noticiasperfil.com\/index\/?p=118474"},"modified":"2026-02-06T21:18:12","modified_gmt":"2026-02-07T03:18:12","slug":"invita-ivea-a-sumarse-como-asesor-educativo-y-apoyar-a-personas-en-rezago","status":"publish","type":"post","link":"https:\/\/www.noticiasperfil.com\/index\/2026\/01\/15\/invita-ivea-a-sumarse-como-asesor-educativo-y-apoyar-a-personas-en-rezago\/","title":{"rendered":"Invita IVEA a sumarse como asesor educativo y apoyar a personas en rezago"},"content":{"rendered":"\n<figure class=\"wp-block-image alignwide size-full\"><img loading=\"lazy\" decoding=\"async\" width=\"1280\" height=\"1280\" data-attachment-id=\"118475\" data-permalink=\"https:\/\/www.noticiasperfil.com\/index\/2026\/01\/15\/invita-ivea-a-sumarse-como-asesor-educativo-y-apoyar-a-personas-en-rezago\/ivea-sumarse-asesor-educativo1\/\" data-orig-file=\"https:\/\/i1.wp.com\/www.noticiasperfil.com\/index\/wp-content\/uploads\/2026\/01\/ivea-sumarse-asesor-educativo1.jpeg?fit=1280%2C1280&amp;ssl=1\" data-orig-size=\"1280,1280\" data-comments-opened=\"1\" data-image-meta=\"{&quot;aperture&quot;:&quot;0&quot;,&quot;credit&quot;:&quot;&quot;,&quot;camera&quot;:&quot;&quot;,&quot;caption&quot;:&quot;&quot;,&quot;created_timestamp&quot;:&quot;0&quot;,&quot;copyright&quot;:&quot;&quot;,&quot;focal_length&quot;:&quot;0&quot;,&quot;iso&quot;:&quot;0&quot;,&quot;shutter_speed&quot;:&quot;0&quot;,&quot;title&quot;:&quot;&quot;,&quot;orientation&quot;:&quot;0&quot;}\" data-image-title=\"ivea-sumarse-asesor-educativo1\" data-image-description=\"\" data-medium-file=\"https:\/\/i1.wp.com\/www.noticiasperfil.com\/index\/wp-content\/uploads\/2026\/01\/ivea-sumarse-asesor-educativo1.jpeg?fit=660%2C365&amp;ssl=1\" data-large-file=\"https:\/\/i1.wp.com\/www.noticiasperfil.com\/index\/wp-content\/uploads\/2026\/01\/ivea-sumarse-asesor-educativo1.jpeg?fit=640%2C366&amp;ssl=1\" src=\"https:\/\/i1.wp.com\/www.noticiasperfil.com\/index\/wp-content\/uploads\/2026\/01\/ivea-sumarse-asesor-educativo1.jpeg?fit=1280%2C1280&amp;ssl=1\" alt=\"\" class=\"wp-image-118475\"\/><\/figure>\n\n\n\n<p>&gt;Publicar\u00e1 resultados de evaluaci\u00f3n el pr\u00f3ximo 21 de enero.<\/p>\n\n\n\n<p><strong>Xalapa, Ver., jueves 15 de enero de 2026.- <\/strong>El Instituto Veracruzano de Educaci\u00f3n para los Adultos (IVEA) convoca a participar en el examen de evaluaci\u00f3n que se aplicar\u00e1 del 17 al 19 de enero, dirigido a las personas interesadas en integrarse al programa de Personas Voluntarias con Subsidio y desempe\u00f1arse como asesores educativos.<\/p>\n\n\n\n<p>El programa del IVEA brinda alfabetizaci\u00f3n, as\u00ed como educaci\u00f3n primaria y secundaria, a personas de 15 a\u00f1os y m\u00e1s en situaci\u00f3n de rezago educativo. Por ello, desde el 14 de enero, en la liga <a href=\"https:\/\/www.ivea.gob.mx\/2026\/01\/resultados-de-la-etapa-i-y-ii-de-la-primera-convocatoria-2026\/\">https:\/\/www.ivea.gob.mx\/2026\/01\/resultados-de-la-etapa-i-y-ii-de-la-primera-convocatoria-2026\/<\/a>, las personas interesadas podr\u00e1n ubicar su folio correspondiente, as\u00ed como los datos necesarios para acudir a la presentaci\u00f3n del examen.<\/p>\n\n\n\n<p>Se recomienda a las y los aspirantes presentarse 15 minutos antes de la hora asignada; de no hacerlo, perder\u00e1n la posibilidad de participar. El pr\u00f3ximo d\u00eda 21, a trav\u00e9s de las redes sociales y de la p\u00e1gina oficial del IVEA, se publicar\u00e1n los resultados de las personas aprobadas y seleccionadas, quienes deber\u00e1n acudir al mismo sitio donde realizaron el proceso para su posterior registro y vinculaci\u00f3n.<\/p>\n\n\n\n<p>Las personas acreditadas tambi\u00e9n desarrollar\u00e1n actividades como asesores educativos biling\u00fces, aplicadores de ex\u00e1menes, formadores, personal de apoyo operativo territorial, colaboradores en la elaboraci\u00f3n de materiales para grupos de atenci\u00f3n prioritaria, apoyo en procesos de control escolar y en el desarrollo de servicios educativos en plazas comunitarias.<\/p>\n","protected":false},"excerpt":{"rendered":"<p>&gt;Publicar\u00e1 resultados de evaluaci\u00f3n el pr\u00f3ximo 21 de enero. Xalapa, Ver., jueves 15 de enero de 2026.- El Instituto Veracruzano de Educaci\u00f3n para los Adultos (IVEA) convoca a participar en el examen de evaluaci\u00f3n que se aplicar\u00e1 del 17 al 19 de enero, dirigido a las personas interesadas en integrarse al programa de Personas Voluntarias con Subsidio y desempe\u00f1arse como asesores educativos. El programa del IVEA brinda alfabetizaci\u00f3n, as\u00ed como educaci\u00f3n primaria y secundaria, a personas de 15 a\u00f1os y m\u00e1s en situaci\u00f3n de rezago educativo. Por ello, desde el&hellip;<\/p>\n","protected":false},"author":1,"featured_media":118475,"comment_status":"open","ping_status":"closed","sticky":false,"template":"","format":"standard","meta":{"footnotes":""},"categories":[3,10647],"tags":[],"class_list":["post-118474","post","type-post","status-publish","format-standard","has-post-thumbnail","hentry","category-destacadas","category-zona-centro"],"jetpack-related-posts":[],"_links":{"self":[{"href":"https:\/\/www.noticiasperfil.com\/index\/wp-json\/wp\/v2\/posts\/118474","targetHints":{"allow":["GET"]}}],"collection":[{"href":"https:\/\/www.noticiasperfil.com\/index\/wp-json\/wp\/v2\/posts"}],"about":[{"href":"https:\/\/www.noticiasperfil.com\/index\/wp-json\/wp\/v2\/types\/post"}],"author":[{"embeddable":true,"href":"https:\/\/www.noticiasperfil.com\/index\/wp-json\/wp\/v2\/users\/1"}],"replies":[{"embeddable":true,"href":"https:\/\/www.noticiasperfil.com\/index\/wp-json\/wp\/v2\/comments?post=118474"}],"version-history":[{"count":1,"href":"https:\/\/www.noticiasperfil.com\/index\/wp-json\/wp\/v2\/posts\/118474\/revisions"}],"predecessor-version":[{"id":118476,"href":"https:\/\/www.noticiasperfil.com\/index\/wp-json\/wp\/v2\/posts\/118474\/revisions\/118476"}],"wp:featuredmedia":[{"embeddable":true,"href":"https:\/\/www.noticiasperfil.com\/index\/wp-json\/wp\/v2\/media\/118475"}],"wp:attachment":[{"href":"https:\/\/www.noticiasperfil.com\/index\/wp-json\/wp\/v2\/media?parent=118474"}],"wp:term":[{"taxonomy":"category","embeddable":true,"href":"https:\/\/www.noticiasperfil.com\/index\/wp-json\/wp\/v2\/categories?post=118474"},{"taxonomy":"post_tag","embeddable":true,"href":"https:\/\/www.noticiasperfil.com\/index\/wp-json\/wp\/v2\/tags?post=118474"}],"curies":[{"name":"wp","href":"https:\/\/api.w.org\/{rel}","templated":true}]}}