{"id":118482,"date":"2026-01-16T17:06:01","date_gmt":"2026-01-16T23:06:01","guid":{"rendered":"https:\/\/www.noticiasperfil.com\/index\/?p=118482"},"modified":"2026-02-06T21:18:12","modified_gmt":"2026-02-07T03:18:12","slug":"registro-civil-convoca-a-parejas-en-union-libre-a-la-campana-de-matrimonios","status":"publish","type":"post","link":"https:\/\/www.noticiasperfil.com\/index\/2026\/01\/16\/registro-civil-convoca-a-parejas-en-union-libre-a-la-campana-de-matrimonios\/","title":{"rendered":"Registro Civil convoca a parejas en uni\u00f3n libre a la Campa\u00f1a de Matrimonios"},"content":{"rendered":"\n<figure class=\"wp-block-image size-full\"><img loading=\"lazy\" decoding=\"async\" width=\"1035\" height=\"1600\" data-attachment-id=\"118483\" data-permalink=\"https:\/\/www.noticiasperfil.com\/index\/2026\/01\/16\/registro-civil-convoca-a-parejas-en-union-libre-a-la-campana-de-matrimonios\/campana-matrimonios\/\" data-orig-file=\"https:\/\/i0.wp.com\/www.noticiasperfil.com\/index\/wp-content\/uploads\/2026\/01\/campana-matrimonios.jpeg?fit=1035%2C1600&amp;ssl=1\" data-orig-size=\"1035,1600\" data-comments-opened=\"1\" data-image-meta=\"{&quot;aperture&quot;:&quot;0&quot;,&quot;credit&quot;:&quot;&quot;,&quot;camera&quot;:&quot;&quot;,&quot;caption&quot;:&quot;&quot;,&quot;created_timestamp&quot;:&quot;0&quot;,&quot;copyright&quot;:&quot;&quot;,&quot;focal_length&quot;:&quot;0&quot;,&quot;iso&quot;:&quot;0&quot;,&quot;shutter_speed&quot;:&quot;0&quot;,&quot;title&quot;:&quot;&quot;,&quot;orientation&quot;:&quot;0&quot;}\" data-image-title=\"campana-matrimonios\" data-image-description=\"\" data-medium-file=\"https:\/\/i0.wp.com\/www.noticiasperfil.com\/index\/wp-content\/uploads\/2026\/01\/campana-matrimonios.jpeg?fit=660%2C365&amp;ssl=1\" data-large-file=\"https:\/\/i0.wp.com\/www.noticiasperfil.com\/index\/wp-content\/uploads\/2026\/01\/campana-matrimonios.jpeg?fit=640%2C366&amp;ssl=1\" src=\"https:\/\/i0.wp.com\/www.noticiasperfil.com\/index\/wp-content\/uploads\/2026\/01\/campana-matrimonios.jpeg?fit=1035%2C1600&amp;ssl=1\" alt=\"\" class=\"wp-image-118483\" srcset=\"https:\/\/i0.wp.com\/www.noticiasperfil.com\/index\/wp-content\/uploads\/2026\/01\/campana-matrimonios.jpeg?w=1035&amp;ssl=1 1035w, https:\/\/i0.wp.com\/www.noticiasperfil.com\/index\/wp-content\/uploads\/2026\/01\/campana-matrimonios.jpeg?resize=994%2C1536&amp;ssl=1 994w\" sizes=\"auto, (max-width: 640px) 100vw, 640px\" \/><\/figure>\n\n\n\n<p><strong>Xalapa, Ver.- <\/strong>La Secretar\u00eda de Gobierno, a trav\u00e9s de la Direcci\u00f3n General del Registro Civil, invita a las parejas que viven en uni\u00f3n libre a participar en la Campa\u00f1a de Matrimonios 2026, la cual se realizar\u00e1 de manera simult\u00e1nea en los 212 municipios de la entidad.<\/p>\n\n\n\n<p>Las personas interesadas deber\u00e1n acudir a la oficial\u00eda del Registro Civil de su municipio para la entrega de documentos, teniendo como fecha l\u00edmite el 12 de febrero de 2026, conforme a los lineamientos establecidos para esta campa\u00f1a.<\/p>\n\n\n\n<p>Los requisitos y la solicitud correspondiente pueden consultarse y descargarse en el sitio oficial: <a href=\"https:\/\/www.segobver.gob.mx\/registrocivil\/servicios.php\">https:\/\/www.segobver.gob.mx\/registrocivil\/servicios.php<\/a><\/p>\n\n\n\n<p>Esta campa\u00f1a tiene como objetivo brindar certeza jur\u00eddica a las familias veracruzanas, fortaleciendo el n\u00facleo familiar y garantizando derechos y obligaciones a las parejas que deciden formalizar y legalizar su relaci\u00f3n mediante el matrimonio civil.<\/p>\n\n\n\n<p>La Secretar\u00eda de Gobierno reitera su compromiso de acercar los servicios registrales a la ciudadan\u00eda en todo el estado, promoviendo acciones que contribuyan al bienestar y a la certeza jur\u00eddica de las familias.<\/p>\n","protected":false},"excerpt":{"rendered":"<p>Xalapa, Ver.- La Secretar\u00eda de Gobierno, a trav\u00e9s de la Direcci\u00f3n General del Registro Civil, invita a las parejas que viven en uni\u00f3n libre a participar en la Campa\u00f1a de Matrimonios 2026, la cual se realizar\u00e1 de manera simult\u00e1nea en los 212 municipios de la entidad. Las personas interesadas deber\u00e1n acudir a la oficial\u00eda del Registro Civil de su municipio para la entrega de documentos, teniendo como fecha l\u00edmite el 12 de febrero de 2026, conforme a los lineamientos establecidos para esta campa\u00f1a. Los requisitos y la solicitud correspondiente pueden&hellip;<\/p>\n","protected":false},"author":1,"featured_media":118483,"comment_status":"open","ping_status":"closed","sticky":false,"template":"","format":"standard","meta":{"footnotes":""},"categories":[3,10647],"tags":[],"class_list":["post-118482","post","type-post","status-publish","format-standard","has-post-thumbnail","hentry","category-destacadas","category-zona-centro"],"jetpack-related-posts":[],"_links":{"self":[{"href":"https:\/\/www.noticiasperfil.com\/index\/wp-json\/wp\/v2\/posts\/118482","targetHints":{"allow":["GET"]}}],"collection":[{"href":"https:\/\/www.noticiasperfil.com\/index\/wp-json\/wp\/v2\/posts"}],"about":[{"href":"https:\/\/www.noticiasperfil.com\/index\/wp-json\/wp\/v2\/types\/post"}],"author":[{"embeddable":true,"href":"https:\/\/www.noticiasperfil.com\/index\/wp-json\/wp\/v2\/users\/1"}],"replies":[{"embeddable":true,"href":"https:\/\/www.noticiasperfil.com\/index\/wp-json\/wp\/v2\/comments?post=118482"}],"version-history":[{"count":1,"href":"https:\/\/www.noticiasperfil.com\/index\/wp-json\/wp\/v2\/posts\/118482\/revisions"}],"predecessor-version":[{"id":118484,"href":"https:\/\/www.noticiasperfil.com\/index\/wp-json\/wp\/v2\/posts\/118482\/revisions\/118484"}],"wp:featuredmedia":[{"embeddable":true,"href":"https:\/\/www.noticiasperfil.com\/index\/wp-json\/wp\/v2\/media\/118483"}],"wp:attachment":[{"href":"https:\/\/www.noticiasperfil.com\/index\/wp-json\/wp\/v2\/media?parent=118482"}],"wp:term":[{"taxonomy":"category","embeddable":true,"href":"https:\/\/www.noticiasperfil.com\/index\/wp-json\/wp\/v2\/categories?post=118482"},{"taxonomy":"post_tag","embeddable":true,"href":"https:\/\/www.noticiasperfil.com\/index\/wp-json\/wp\/v2\/tags?post=118482"}],"curies":[{"name":"wp","href":"https:\/\/api.w.org\/{rel}","templated":true}]}}