{"id":118485,"date":"2026-01-16T17:07:54","date_gmt":"2026-01-16T23:07:54","guid":{"rendered":"https:\/\/www.noticiasperfil.com\/index\/?p=118485"},"modified":"2026-01-16T17:08:02","modified_gmt":"2026-01-16T23:08:02","slug":"gobierno-federal-nos-desvaloriza-por-ser-docentes-rurales","status":"publish","type":"post","link":"https:\/\/www.noticiasperfil.com\/index\/2026\/01\/16\/gobierno-federal-nos-desvaloriza-por-ser-docentes-rurales\/","title":{"rendered":"Gobierno Federal nos desvaloriza por ser docentes rurales"},"content":{"rendered":"\n<figure class=\"wp-block-gallery has-nested-images columns-default is-cropped wp-block-gallery-1 is-layout-flex wp-block-gallery-is-layout-flex\">\n<figure class=\"wp-block-image size-large\"><img loading=\"lazy\" decoding=\"async\" width=\"1280\" height=\"720\" data-attachment-id=\"118487\" data-permalink=\"https:\/\/www.noticiasperfil.com\/index\/2026\/01\/16\/gobierno-federal-nos-desvaloriza-por-ser-docentes-rurales\/gobierno-federal-desvaloriza-docentes-rurales2\/\" data-orig-file=\"https:\/\/i2.wp.com\/www.noticiasperfil.com\/index\/wp-content\/uploads\/2026\/01\/gobierno-federal-desvaloriza-docentes-rurales2.jpeg?fit=1280%2C720&amp;ssl=1\" data-orig-size=\"1280,720\" data-comments-opened=\"1\" data-image-meta=\"{&quot;aperture&quot;:&quot;0&quot;,&quot;credit&quot;:&quot;&quot;,&quot;camera&quot;:&quot;&quot;,&quot;caption&quot;:&quot;&quot;,&quot;created_timestamp&quot;:&quot;0&quot;,&quot;copyright&quot;:&quot;&quot;,&quot;focal_length&quot;:&quot;0&quot;,&quot;iso&quot;:&quot;0&quot;,&quot;shutter_speed&quot;:&quot;0&quot;,&quot;title&quot;:&quot;&quot;,&quot;orientation&quot;:&quot;0&quot;}\" data-image-title=\"gobierno-federal-desvaloriza-docentes-rurales2\" data-image-description=\"\" data-medium-file=\"https:\/\/i2.wp.com\/www.noticiasperfil.com\/index\/wp-content\/uploads\/2026\/01\/gobierno-federal-desvaloriza-docentes-rurales2.jpeg?fit=660%2C365&amp;ssl=1\" data-large-file=\"https:\/\/i2.wp.com\/www.noticiasperfil.com\/index\/wp-content\/uploads\/2026\/01\/gobierno-federal-desvaloriza-docentes-rurales2.jpeg?fit=640%2C366&amp;ssl=1\" data-id=\"118487\" src=\"https:\/\/i2.wp.com\/www.noticiasperfil.com\/index\/wp-content\/uploads\/2026\/01\/gobierno-federal-desvaloriza-docentes-rurales2.jpeg?fit=640%2C366&amp;ssl=1\" alt=\"\" class=\"wp-image-118487\" srcset=\"https:\/\/i2.wp.com\/www.noticiasperfil.com\/index\/wp-content\/uploads\/2026\/01\/gobierno-federal-desvaloriza-docentes-rurales2.jpeg?w=1280&amp;ssl=1 1280w, https:\/\/i2.wp.com\/www.noticiasperfil.com\/index\/wp-content\/uploads\/2026\/01\/gobierno-federal-desvaloriza-docentes-rurales2.jpeg?resize=500%2C280&amp;ssl=1 500w\" sizes=\"auto, (max-width: 640px) 100vw, 640px\" \/><\/figure>\n\n\n\n<figure class=\"wp-block-image size-large\"><img loading=\"lazy\" decoding=\"async\" width=\"1600\" height=\"1200\" data-attachment-id=\"118486\" data-permalink=\"https:\/\/www.noticiasperfil.com\/index\/2026\/01\/16\/gobierno-federal-nos-desvaloriza-por-ser-docentes-rurales\/gobierno-federal-desvaloriza-docentes-rurales1\/\" data-orig-file=\"https:\/\/i0.wp.com\/www.noticiasperfil.com\/index\/wp-content\/uploads\/2026\/01\/gobierno-federal-desvaloriza-docentes-rurales1.jpeg?fit=1600%2C1200&amp;ssl=1\" data-orig-size=\"1600,1200\" data-comments-opened=\"1\" data-image-meta=\"{&quot;aperture&quot;:&quot;0&quot;,&quot;credit&quot;:&quot;&quot;,&quot;camera&quot;:&quot;&quot;,&quot;caption&quot;:&quot;&quot;,&quot;created_timestamp&quot;:&quot;0&quot;,&quot;copyright&quot;:&quot;&quot;,&quot;focal_length&quot;:&quot;0&quot;,&quot;iso&quot;:&quot;0&quot;,&quot;shutter_speed&quot;:&quot;0&quot;,&quot;title&quot;:&quot;&quot;,&quot;orientation&quot;:&quot;0&quot;}\" data-image-title=\"gobierno-federal-desvaloriza-docentes-rurales1\" data-image-description=\"\" data-medium-file=\"https:\/\/i0.wp.com\/www.noticiasperfil.com\/index\/wp-content\/uploads\/2026\/01\/gobierno-federal-desvaloriza-docentes-rurales1.jpeg?fit=660%2C365&amp;ssl=1\" data-large-file=\"https:\/\/i0.wp.com\/www.noticiasperfil.com\/index\/wp-content\/uploads\/2026\/01\/gobierno-federal-desvaloriza-docentes-rurales1.jpeg?fit=640%2C366&amp;ssl=1\" data-id=\"118486\" src=\"https:\/\/i0.wp.com\/www.noticiasperfil.com\/index\/wp-content\/uploads\/2026\/01\/gobierno-federal-desvaloriza-docentes-rurales1.jpeg?fit=640%2C366&amp;ssl=1\" alt=\"\" class=\"wp-image-118486\" srcset=\"https:\/\/i0.wp.com\/www.noticiasperfil.com\/index\/wp-content\/uploads\/2026\/01\/gobierno-federal-desvaloriza-docentes-rurales1.jpeg?w=1600&amp;ssl=1 1600w, https:\/\/i0.wp.com\/www.noticiasperfil.com\/index\/wp-content\/uploads\/2026\/01\/gobierno-federal-desvaloriza-docentes-rurales1.jpeg?resize=1536%2C1152&amp;ssl=1 1536w, https:\/\/i0.wp.com\/www.noticiasperfil.com\/index\/wp-content\/uploads\/2026\/01\/gobierno-federal-desvaloriza-docentes-rurales1.jpeg?w=1280&amp;ssl=1 1280w\" sizes=\"auto, (max-width: 640px) 100vw, 640px\" \/><\/figure>\n<\/figure>\n\n\n\n<p>Alejandro \u00c1vila<\/p>\n\n\n\n<p>Tlalixcoyan, Ver.- Docentes de al menos cinco municipios de la entidad veracruzana se reunieron a las afueras del Ayuntamiento de Tlalixcoyan, para sumarse al paro nacional de maestros contra el Consejo Nacional del Fomento a la Educaci\u00f3n (CONAFE), a quienes hacieron un pliego petitorio para que Gobierno Federal valorice por su labor.<\/p>\n\n\n\n<p>Maestros de comunidades rurales en municipios como Tlalixcoyan, Ignacio de la Llave, Jamapa, Boca del R\u00edo Medell\u00edn de Bravo y Veracruz, alzaron la voz y solicitaron un incremento a su salario.<\/p>\n\n\n\n<p>\u00abYo les digo a todos, no desvaloricen su trabajo que realizan como docentes, el no tener un t\u00edtulo no significa que tu trabajo sea a medias, el trabajo que nosotros realizamos como educadores comunitarios implica programar, implica evaluar, implica llevar documentaci\u00f3n, implica llevar registros, implica mucho mucho trabajo al igual que un servicio formal, la \u00fanica diferencia es la remuneraci\u00f3n econ\u00f3mica que se da a la prestaci\u00f3n del servicio. Nosotros exigimos que se nos d\u00e9 ese valor y que se nos reconozca esa labor educativa que realizamos todos en las comunidades\u00bb, declar\u00f3 Rober Olaya Blanco.<\/p>\n\n\n\n<p>Finalmente solicit\u00f3 al resto de los docentes que integran CONAGE a que se sumen a la manifestaci\u00f3n, pues esto ser\u00e1 un beneficio para ellos y los pr\u00f3ximos maestros que ingresen al programa en un futuro.<\/p>\n","protected":false},"excerpt":{"rendered":"<p>Alejandro \u00c1vila Tlalixcoyan, Ver.- Docentes de al menos cinco municipios de la entidad veracruzana se reunieron a las afueras del Ayuntamiento de Tlalixcoyan, para sumarse al paro nacional de maestros contra el Consejo Nacional del Fomento a la Educaci\u00f3n (CONAFE), a quienes hacieron un pliego petitorio para que Gobierno Federal valorice por su labor. Maestros de comunidades rurales en municipios como Tlalixcoyan, Ignacio de la Llave, Jamapa, Boca del R\u00edo Medell\u00edn de Bravo y Veracruz, alzaron la voz y solicitaron un incremento a su salario. \u00abYo les digo a todos,&hellip;<\/p>\n","protected":false},"author":1,"featured_media":118486,"comment_status":"open","ping_status":"closed","sticky":false,"template":"","format":"standard","meta":{"footnotes":""},"categories":[3,1],"tags":[],"class_list":["post-118485","post","type-post","status-publish","format-standard","has-post-thumbnail","hentry","category-destacadas","category-uncategorized"],"jetpack-related-posts":[],"_links":{"self":[{"href":"https:\/\/www.noticiasperfil.com\/index\/wp-json\/wp\/v2\/posts\/118485","targetHints":{"allow":["GET"]}}],"collection":[{"href":"https:\/\/www.noticiasperfil.com\/index\/wp-json\/wp\/v2\/posts"}],"about":[{"href":"https:\/\/www.noticiasperfil.com\/index\/wp-json\/wp\/v2\/types\/post"}],"author":[{"embeddable":true,"href":"https:\/\/www.noticiasperfil.com\/index\/wp-json\/wp\/v2\/users\/1"}],"replies":[{"embeddable":true,"href":"https:\/\/www.noticiasperfil.com\/index\/wp-json\/wp\/v2\/comments?post=118485"}],"version-history":[{"count":1,"href":"https:\/\/www.noticiasperfil.com\/index\/wp-json\/wp\/v2\/posts\/118485\/revisions"}],"predecessor-version":[{"id":118488,"href":"https:\/\/www.noticiasperfil.com\/index\/wp-json\/wp\/v2\/posts\/118485\/revisions\/118488"}],"wp:featuredmedia":[{"embeddable":true,"href":"https:\/\/www.noticiasperfil.com\/index\/wp-json\/wp\/v2\/media\/118486"}],"wp:attachment":[{"href":"https:\/\/www.noticiasperfil.com\/index\/wp-json\/wp\/v2\/media?parent=118485"}],"wp:term":[{"taxonomy":"category","embeddable":true,"href":"https:\/\/www.noticiasperfil.com\/index\/wp-json\/wp\/v2\/categories?post=118485"},{"taxonomy":"post_tag","embeddable":true,"href":"https:\/\/www.noticiasperfil.com\/index\/wp-json\/wp\/v2\/tags?post=118485"}],"curies":[{"name":"wp","href":"https:\/\/api.w.org\/{rel}","templated":true}]}}